{"id":109,"date":"2014-05-23T10:31:42","date_gmt":"2014-05-23T15:31:42","guid":{"rendered":"http:\/\/porttecafe.com\/blog\/?p=109"},"modified":"2014-05-23T10:31:42","modified_gmt":"2014-05-23T15:31:42","slug":"nace-la-industria-del-cafe-en-america-latina","status":"publish","type":"post","link":"https:\/\/porttecafe.com\/blog\/nace-la-industria-del-cafe-en-america-latina\/","title":{"rendered":"Nace la industria del caf\u00e9 en Am\u00e9rica Latina"},"content":{"rendered":"<div style=\"padding-bottom:20px; padding-top:10px;\" class=\"hupso-share-buttons\"><!-- Hupso Share Buttons - http:\/\/www.hupso.com\/share\/ --><a class=\"hupso_counters\" href=\"http:\/\/www.hupso.com\/share\/\"><img decoding=\"async\" src=\"https:\/\/static.hupso.com\/share\/buttons\/lang\/es\/share-small.png\" style=\"border:0px; padding-top:2px; float:left;\" alt=\"Share Button\"\/><\/a><script type=\"text\/javascript\">var hupso_services_c=new Array(\"twitter\",\"facebook_like\",\"facebook_send\",\"google\",\"pinterest\",\"linkedin\");var hupso_counters_lang = \"es_LA\";var hupso_image_folder_url = \"\";var hupso_url_c=\"\";var hupso_title_c=\"Nace la industria del caf\u00e9 en Am\u00e9rica Latina\";<\/script><script type=\"text\/javascript\" src=\"https:\/\/static.hupso.com\/share\/js\/counters.js\"><\/script><!-- Hupso Share Buttons --><\/div><p><a href=\"http:\/\/porttecafe.com\/blog\/wp-content\/uploads\/2014\/05\/dibujos-cafe.jpg\"><img loading=\"lazy\" decoding=\"async\" class=\"size-medium wp-image-110 alignleft\" src=\"http:\/\/porttecafe.com\/blog\/wp-content\/uploads\/2014\/05\/dibujos-cafe-300x225.jpg\" alt=\"dibujos-cafe\" width=\"300\" height=\"225\" \/><\/a>Algunos a\u00f1os despu\u00e9s de que Brasil destinara extensas \u00e1reas al cultivo de caf\u00e9, cuando estas plantaciones comenzaron a producir realmente, \u00a0cuando la guerra entre Espa\u00f1a y Francia parec\u00eda inminente, los compradores Europeos se apresuraron a comprar la mayor cantidad posible por que asumieron que las rutas mar\u00edtimas de transporte ser\u00edan cerradas. En consecuencia el precio se elevo considerablemente, pero no hubo guerra, al menos no inmediatamente, en lugar de guerra algo lleg\u00f3 en demas\u00eda a Europa, y ese algo fue el caf\u00e9, caf\u00e9 desde todas direcciones y regiones. Por primera vez una gran cosecha Brasile\u00f1a de vislumbraba. Al no haber guerra la sobre oferta hizo que el precio del caf\u00e9 se desplomara, miles de negocios de caf\u00e9 quebraron y de la noche a la ma\u00f1ana Millonarios de Frankfurt, St. Petersburgo, Berl\u00edn, Londres, se vieron en la ruina, muchos cometieron suicidio.<\/p>\n<p>De aqu\u00ed en adelante el precio del caf\u00e9 estar\u00eda oscilando de manera frecuente y dram\u00e1tica debido a la especulaci\u00f3n, la pol\u00edtica, el clima el peligro de que iniciara la guerra. El caf\u00e9 se convertir\u00eda en un \u201ccommodity\u201d internacional que duro toda la segunda mitad del siglo XIX, y que habr\u00eda de transformar de manera clara la econom\u00eda del mundo entero, al igual que la ecolog\u00eda y la pol\u00edtica de America Latina<\/p>\n<p>Portte cafe maquinas \u00a0y barra de cafe<\/p>\n<p>&nbsp;<\/p>\n","protected":false},"excerpt":{"rendered":"<p>Algunos a\u00f1os despu\u00e9s de que Brasil destinara extensas \u00e1reas al cultivo de caf\u00e9, cuando estas plantaciones comenzaron a producir realmente, \u00a0cuando la guerra entre Espa\u00f1a y Francia parec\u00eda inminente, los compradores Europeos se apresuraron a comprar la mayor cantidad posible &hellip; <a href=\"https:\/\/porttecafe.com\/blog\/nace-la-industria-del-cafe-en-america-latina\/\">Continue reading <span class=\"meta-nav\">&rarr;<\/span><\/a><\/p>\n","protected":false},"author":1,"featured_media":0,"comment_status":"closed","ping_status":"open","sticky":false,"template":"","format":"standard","meta":{"footnotes":""},"categories":[2,5,6,7],"tags":[28,33,38,93],"class_list":["post-109","post","type-post","status-publish","format-standard","hentry","category-barra-de-cafe","category-historia-del-cafe","category-maquinas-de-cafe","category-servicio-de-coffee-break","tag-cafe","tag-cafe-de-brasil","tag-cafe-en-america","tag-guerra-de-cafe"],"yoast_head":"<!-- This site is optimized with the Yoast SEO plugin v26.8 - https:\/\/yoast.com\/product\/yoast-seo-wordpress\/ -->\n<title>Nace la industria del caf\u00e9 en Am\u00e9rica Latina - Portte cafe<\/title>\n<meta name=\"robots\" content=\"index, follow, max-snippet:-1, max-image-preview:large, max-video-preview:-1\" \/>\n<link rel=\"canonical\" href=\"https:\/\/porttecafe.com\/blog\/nace-la-industria-del-cafe-en-america-latina\/\" \/>\n<meta property=\"og:locale\" content=\"es_ES\" \/>\n<meta property=\"og:type\" content=\"article\" \/>\n<meta property=\"og:title\" content=\"Nace la industria del caf\u00e9 en Am\u00e9rica Latina - Portte cafe\" \/>\n<meta property=\"og:description\" content=\"Algunos a\u00f1os despu\u00e9s de que Brasil destinara extensas \u00e1reas al cultivo de caf\u00e9, cuando estas plantaciones comenzaron a producir realmente, \u00a0cuando la guerra entre Espa\u00f1a y Francia parec\u00eda inminente, los compradores Europeos se apresuraron a comprar la mayor cantidad posible &hellip; Continue reading &rarr;\" \/>\n<meta property=\"og:url\" content=\"https:\/\/porttecafe.com\/blog\/nace-la-industria-del-cafe-en-america-latina\/\" \/>\n<meta property=\"og:site_name\" content=\"Portte cafe\" \/>\n<meta property=\"article:publisher\" content=\"https:\/\/www.facebook.com\/porttecafe\/\" \/>\n<meta property=\"article:published_time\" content=\"2014-05-23T15:31:42+00:00\" \/>\n<meta property=\"og:image\" content=\"http:\/\/porttecafe.com\/blog\/wp-content\/uploads\/2014\/05\/dibujos-cafe-300x225.jpg\" \/>\n<meta name=\"author\" content=\"adportte\" \/>\n<meta name=\"twitter:card\" content=\"summary_large_image\" \/>\n<meta name=\"twitter:creator\" content=\"@Porttecafe\" \/>\n<meta name=\"twitter:site\" content=\"@Porttecafe\" \/>\n<meta name=\"twitter:label1\" content=\"Escrito por\" \/>\n\t<meta name=\"twitter:data1\" content=\"adportte\" \/>\n\t<meta name=\"twitter:label2\" content=\"Tiempo de lectura\" \/>\n\t<meta name=\"twitter:data2\" content=\"1 minuto\" \/>\n<script type=\"application\/ld+json\" class=\"yoast-schema-graph\">{\"@context\":\"https:\/\/schema.org\",\"@graph\":[{\"@type\":\"Article\",\"@id\":\"https:\/\/porttecafe.com\/blog\/nace-la-industria-del-cafe-en-america-latina\/#article\",\"isPartOf\":{\"@id\":\"https:\/\/porttecafe.com\/blog\/nace-la-industria-del-cafe-en-america-latina\/\"},\"author\":{\"name\":\"adportte\",\"@id\":\"https:\/\/porttecafe.com\/blog\/#\/schema\/person\/194078094fb4a902e3e0cfcdbdb03f98\"},\"headline\":\"Nace la industria del caf\u00e9 en Am\u00e9rica Latina\",\"datePublished\":\"2014-05-23T15:31:42+00:00\",\"mainEntityOfPage\":{\"@id\":\"https:\/\/porttecafe.com\/blog\/nace-la-industria-del-cafe-en-america-latina\/\"},\"wordCount\":247,\"publisher\":{\"@id\":\"https:\/\/porttecafe.com\/blog\/#organization\"},\"image\":{\"@id\":\"https:\/\/porttecafe.com\/blog\/nace-la-industria-del-cafe-en-america-latina\/#primaryimage\"},\"thumbnailUrl\":\"http:\/\/porttecafe.com\/blog\/wp-content\/uploads\/2014\/05\/dibujos-cafe-300x225.jpg\",\"keywords\":[\"cafe\",\"cafe de brasil\",\"cafe en america\",\"guerra de cafe\"],\"articleSection\":[\"Barra de caf\u00e9\",\"historia del caf\u00e9\",\"Maquinas de cafe\",\"Servicio de coffee break\"],\"inLanguage\":\"es\"},{\"@type\":\"WebPage\",\"@id\":\"https:\/\/porttecafe.com\/blog\/nace-la-industria-del-cafe-en-america-latina\/\",\"url\":\"https:\/\/porttecafe.com\/blog\/nace-la-industria-del-cafe-en-america-latina\/\",\"name\":\"Nace la industria del caf\u00e9 en Am\u00e9rica Latina - Portte cafe\",\"isPartOf\":{\"@id\":\"https:\/\/porttecafe.com\/blog\/#website\"},\"primaryImageOfPage\":{\"@id\":\"https:\/\/porttecafe.com\/blog\/nace-la-industria-del-cafe-en-america-latina\/#primaryimage\"},\"image\":{\"@id\":\"https:\/\/porttecafe.com\/blog\/nace-la-industria-del-cafe-en-america-latina\/#primaryimage\"},\"thumbnailUrl\":\"http:\/\/porttecafe.com\/blog\/wp-content\/uploads\/2014\/05\/dibujos-cafe-300x225.jpg\",\"datePublished\":\"2014-05-23T15:31:42+00:00\",\"breadcrumb\":{\"@id\":\"https:\/\/porttecafe.com\/blog\/nace-la-industria-del-cafe-en-america-latina\/#breadcrumb\"},\"inLanguage\":\"es\",\"potentialAction\":[{\"@type\":\"ReadAction\",\"target\":[\"https:\/\/porttecafe.com\/blog\/nace-la-industria-del-cafe-en-america-latina\/\"]}]},{\"@type\":\"ImageObject\",\"inLanguage\":\"es\",\"@id\":\"https:\/\/porttecafe.com\/blog\/nace-la-industria-del-cafe-en-america-latina\/#primaryimage\",\"url\":\"http:\/\/porttecafe.com\/blog\/wp-content\/uploads\/2014\/05\/dibujos-cafe-300x225.jpg\",\"contentUrl\":\"http:\/\/porttecafe.com\/blog\/wp-content\/uploads\/2014\/05\/dibujos-cafe-300x225.jpg\"},{\"@type\":\"BreadcrumbList\",\"@id\":\"https:\/\/porttecafe.com\/blog\/nace-la-industria-del-cafe-en-america-latina\/#breadcrumb\",\"itemListElement\":[{\"@type\":\"ListItem\",\"position\":1,\"name\":\"Portada\",\"item\":\"https:\/\/porttecafe.com\/blog\/\"},{\"@type\":\"ListItem\",\"position\":2,\"name\":\"Nace la industria del caf\u00e9 en Am\u00e9rica Latina\"}]},{\"@type\":\"WebSite\",\"@id\":\"https:\/\/porttecafe.com\/blog\/#website\",\"url\":\"https:\/\/porttecafe.com\/blog\/\",\"name\":\"Portte cafe\",\"description\":\"Servicio de m\u00e1quinas de cafe\",\"publisher\":{\"@id\":\"https:\/\/porttecafe.com\/blog\/#organization\"},\"potentialAction\":[{\"@type\":\"SearchAction\",\"target\":{\"@type\":\"EntryPoint\",\"urlTemplate\":\"https:\/\/porttecafe.com\/blog\/?s={search_term_string}\"},\"query-input\":{\"@type\":\"PropertyValueSpecification\",\"valueRequired\":true,\"valueName\":\"search_term_string\"}}],\"inLanguage\":\"es\"},{\"@type\":\"Organization\",\"@id\":\"https:\/\/porttecafe.com\/blog\/#organization\",\"name\":\"Portte cafe\",\"url\":\"https:\/\/porttecafe.com\/blog\/\",\"logo\":{\"@type\":\"ImageObject\",\"inLanguage\":\"es\",\"@id\":\"https:\/\/porttecafe.com\/blog\/#\/schema\/logo\/image\/\",\"url\":\"http:\/\/porttecafe.com\/blog\/wp-content\/uploads\/2023\/01\/logo-oscuro.png\",\"contentUrl\":\"http:\/\/porttecafe.com\/blog\/wp-content\/uploads\/2023\/01\/logo-oscuro.png\",\"width\":493,\"height\":200,\"caption\":\"Portte cafe\"},\"image\":{\"@id\":\"https:\/\/porttecafe.com\/blog\/#\/schema\/logo\/image\/\"},\"sameAs\":[\"https:\/\/www.facebook.com\/porttecafe\/\",\"https:\/\/x.com\/Porttecafe\",\"https:\/\/www.youtube.com\/user\/porttecafe\",\"https:\/\/www.instagram.com\/porttecafe\/\"]},{\"@type\":\"Person\",\"@id\":\"https:\/\/porttecafe.com\/blog\/#\/schema\/person\/194078094fb4a902e3e0cfcdbdb03f98\",\"name\":\"adportte\",\"image\":{\"@type\":\"ImageObject\",\"inLanguage\":\"es\",\"@id\":\"https:\/\/porttecafe.com\/blog\/#\/schema\/person\/image\/\",\"url\":\"https:\/\/secure.gravatar.com\/avatar\/3662341f7d8cdc5668deaa89323e7ee1?s=96&d=mm&r=g\",\"contentUrl\":\"https:\/\/secure.gravatar.com\/avatar\/3662341f7d8cdc5668deaa89323e7ee1?s=96&d=mm&r=g\",\"caption\":\"adportte\"},\"url\":\"https:\/\/porttecafe.com\/blog\/author\/adportte\/\"}]}<\/script>\n<!-- \/ Yoast SEO plugin. -->","yoast_head_json":{"title":"Nace la industria del caf\u00e9 en Am\u00e9rica Latina - Portte cafe","robots":{"index":"index","follow":"follow","max-snippet":"max-snippet:-1","max-image-preview":"max-image-preview:large","max-video-preview":"max-video-preview:-1"},"canonical":"https:\/\/porttecafe.com\/blog\/nace-la-industria-del-cafe-en-america-latina\/","og_locale":"es_ES","og_type":"article","og_title":"Nace la industria del caf\u00e9 en Am\u00e9rica Latina - Portte cafe","og_description":"Algunos a\u00f1os despu\u00e9s de que Brasil destinara extensas \u00e1reas al cultivo de caf\u00e9, cuando estas plantaciones comenzaron a producir realmente, \u00a0cuando la guerra entre Espa\u00f1a y Francia parec\u00eda inminente, los compradores Europeos se apresuraron a comprar la mayor cantidad posible &hellip; Continue reading &rarr;","og_url":"https:\/\/porttecafe.com\/blog\/nace-la-industria-del-cafe-en-america-latina\/","og_site_name":"Portte cafe","article_publisher":"https:\/\/www.facebook.com\/porttecafe\/","article_published_time":"2014-05-23T15:31:42+00:00","og_image":[{"url":"http:\/\/porttecafe.com\/blog\/wp-content\/uploads\/2014\/05\/dibujos-cafe-300x225.jpg","type":"","width":"","height":""}],"author":"adportte","twitter_card":"summary_large_image","twitter_creator":"@Porttecafe","twitter_site":"@Porttecafe","twitter_misc":{"Escrito por":"adportte","Tiempo de lectura":"1 minuto"},"schema":{"@context":"https:\/\/schema.org","@graph":[{"@type":"Article","@id":"https:\/\/porttecafe.com\/blog\/nace-la-industria-del-cafe-en-america-latina\/#article","isPartOf":{"@id":"https:\/\/porttecafe.com\/blog\/nace-la-industria-del-cafe-en-america-latina\/"},"author":{"name":"adportte","@id":"https:\/\/porttecafe.com\/blog\/#\/schema\/person\/194078094fb4a902e3e0cfcdbdb03f98"},"headline":"Nace la industria del caf\u00e9 en Am\u00e9rica Latina","datePublished":"2014-05-23T15:31:42+00:00","mainEntityOfPage":{"@id":"https:\/\/porttecafe.com\/blog\/nace-la-industria-del-cafe-en-america-latina\/"},"wordCount":247,"publisher":{"@id":"https:\/\/porttecafe.com\/blog\/#organization"},"image":{"@id":"https:\/\/porttecafe.com\/blog\/nace-la-industria-del-cafe-en-america-latina\/#primaryimage"},"thumbnailUrl":"http:\/\/porttecafe.com\/blog\/wp-content\/uploads\/2014\/05\/dibujos-cafe-300x225.jpg","keywords":["cafe","cafe de brasil","cafe en america","guerra de cafe"],"articleSection":["Barra de caf\u00e9","historia del caf\u00e9","Maquinas de cafe","Servicio de coffee break"],"inLanguage":"es"},{"@type":"WebPage","@id":"https:\/\/porttecafe.com\/blog\/nace-la-industria-del-cafe-en-america-latina\/","url":"https:\/\/porttecafe.com\/blog\/nace-la-industria-del-cafe-en-america-latina\/","name":"Nace la industria del caf\u00e9 en Am\u00e9rica Latina - Portte cafe","isPartOf":{"@id":"https:\/\/porttecafe.com\/blog\/#website"},"primaryImageOfPage":{"@id":"https:\/\/porttecafe.com\/blog\/nace-la-industria-del-cafe-en-america-latina\/#primaryimage"},"image":{"@id":"https:\/\/porttecafe.com\/blog\/nace-la-industria-del-cafe-en-america-latina\/#primaryimage"},"thumbnailUrl":"http:\/\/porttecafe.com\/blog\/wp-content\/uploads\/2014\/05\/dibujos-cafe-300x225.jpg","datePublished":"2014-05-23T15:31:42+00:00","breadcrumb":{"@id":"https:\/\/porttecafe.com\/blog\/nace-la-industria-del-cafe-en-america-latina\/#breadcrumb"},"inLanguage":"es","potentialAction":[{"@type":"ReadAction","target":["https:\/\/porttecafe.com\/blog\/nace-la-industria-del-cafe-en-america-latina\/"]}]},{"@type":"ImageObject","inLanguage":"es","@id":"https:\/\/porttecafe.com\/blog\/nace-la-industria-del-cafe-en-america-latina\/#primaryimage","url":"http:\/\/porttecafe.com\/blog\/wp-content\/uploads\/2014\/05\/dibujos-cafe-300x225.jpg","contentUrl":"http:\/\/porttecafe.com\/blog\/wp-content\/uploads\/2014\/05\/dibujos-cafe-300x225.jpg"},{"@type":"BreadcrumbList","@id":"https:\/\/porttecafe.com\/blog\/nace-la-industria-del-cafe-en-america-latina\/#breadcrumb","itemListElement":[{"@type":"ListItem","position":1,"name":"Portada","item":"https:\/\/porttecafe.com\/blog\/"},{"@type":"ListItem","position":2,"name":"Nace la industria del caf\u00e9 en Am\u00e9rica Latina"}]},{"@type":"WebSite","@id":"https:\/\/porttecafe.com\/blog\/#website","url":"https:\/\/porttecafe.com\/blog\/","name":"Portte cafe","description":"Servicio de m\u00e1quinas de cafe","publisher":{"@id":"https:\/\/porttecafe.com\/blog\/#organization"},"potentialAction":[{"@type":"SearchAction","target":{"@type":"EntryPoint","urlTemplate":"https:\/\/porttecafe.com\/blog\/?s={search_term_string}"},"query-input":{"@type":"PropertyValueSpecification","valueRequired":true,"valueName":"search_term_string"}}],"inLanguage":"es"},{"@type":"Organization","@id":"https:\/\/porttecafe.com\/blog\/#organization","name":"Portte cafe","url":"https:\/\/porttecafe.com\/blog\/","logo":{"@type":"ImageObject","inLanguage":"es","@id":"https:\/\/porttecafe.com\/blog\/#\/schema\/logo\/image\/","url":"http:\/\/porttecafe.com\/blog\/wp-content\/uploads\/2023\/01\/logo-oscuro.png","contentUrl":"http:\/\/porttecafe.com\/blog\/wp-content\/uploads\/2023\/01\/logo-oscuro.png","width":493,"height":200,"caption":"Portte cafe"},"image":{"@id":"https:\/\/porttecafe.com\/blog\/#\/schema\/logo\/image\/"},"sameAs":["https:\/\/www.facebook.com\/porttecafe\/","https:\/\/x.com\/Porttecafe","https:\/\/www.youtube.com\/user\/porttecafe","https:\/\/www.instagram.com\/porttecafe\/"]},{"@type":"Person","@id":"https:\/\/porttecafe.com\/blog\/#\/schema\/person\/194078094fb4a902e3e0cfcdbdb03f98","name":"adportte","image":{"@type":"ImageObject","inLanguage":"es","@id":"https:\/\/porttecafe.com\/blog\/#\/schema\/person\/image\/","url":"https:\/\/secure.gravatar.com\/avatar\/3662341f7d8cdc5668deaa89323e7ee1?s=96&d=mm&r=g","contentUrl":"https:\/\/secure.gravatar.com\/avatar\/3662341f7d8cdc5668deaa89323e7ee1?s=96&d=mm&r=g","caption":"adportte"},"url":"https:\/\/porttecafe.com\/blog\/author\/adportte\/"}]}},"_links":{"self":[{"href":"https:\/\/porttecafe.com\/blog\/wp-json\/wp\/v2\/posts\/109","targetHints":{"allow":["GET"]}}],"collection":[{"href":"https:\/\/porttecafe.com\/blog\/wp-json\/wp\/v2\/posts"}],"about":[{"href":"https:\/\/porttecafe.com\/blog\/wp-json\/wp\/v2\/types\/post"}],"author":[{"embeddable":true,"href":"https:\/\/porttecafe.com\/blog\/wp-json\/wp\/v2\/users\/1"}],"replies":[{"embeddable":true,"href":"https:\/\/porttecafe.com\/blog\/wp-json\/wp\/v2\/comments?post=109"}],"version-history":[{"count":0,"href":"https:\/\/porttecafe.com\/blog\/wp-json\/wp\/v2\/posts\/109\/revisions"}],"wp:attachment":[{"href":"https:\/\/porttecafe.com\/blog\/wp-json\/wp\/v2\/media?parent=109"}],"wp:term":[{"taxonomy":"category","embeddable":true,"href":"https:\/\/porttecafe.com\/blog\/wp-json\/wp\/v2\/categories?post=109"},{"taxonomy":"post_tag","embeddable":true,"href":"https:\/\/porttecafe.com\/blog\/wp-json\/wp\/v2\/tags?post=109"}],"curies":[{"name":"wp","href":"https:\/\/api.w.org\/{rel}","templated":true}]}}