{"id":113,"date":"2014-05-31T08:53:40","date_gmt":"2014-05-31T13:53:40","guid":{"rendered":"http:\/\/porttecafe.com\/blog\/?p=113"},"modified":"2014-05-31T08:53:40","modified_gmt":"2014-05-31T13:53:40","slug":"el-reino-del-cafe-brasil","status":"publish","type":"post","link":"https:\/\/porttecafe.com\/blog\/el-reino-del-cafe-brasil\/","title":{"rendered":"El reino del caf\u00e9  Brasil"},"content":{"rendered":"<div style=\"padding-bottom:20px; padding-top:10px;\" class=\"hupso-share-buttons\"><!-- Hupso Share Buttons - http:\/\/www.hupso.com\/share\/ --><a class=\"hupso_counters\" href=\"http:\/\/www.hupso.com\/share\/\"><img decoding=\"async\" src=\"https:\/\/static.hupso.com\/share\/buttons\/lang\/es\/share-small.png\" style=\"border:0px; padding-top:2px; float:left;\" alt=\"Share Button\"\/><\/a><script type=\"text\/javascript\">var hupso_services_c=new Array(\"twitter\",\"facebook_like\",\"facebook_send\",\"google\",\"pinterest\",\"linkedin\");var hupso_counters_lang = \"es_LA\";var hupso_image_folder_url = \"\";var hupso_url_c=\"\";var hupso_title_c=\"El reino del caf\u00e9  Brasil\";<\/script><script type=\"text\/javascript\" src=\"https:\/\/static.hupso.com\/share\/js\/counters.js\"><\/script><!-- Hupso Share Buttons --><\/div><p><a href=\"http:\/\/porttecafe.com\/blog\/wp-content\/uploads\/2014\/05\/granos-gueros.jpg\"><img loading=\"lazy\" decoding=\"async\" class=\"size-medium wp-image-114 alignleft\" src=\"http:\/\/porttecafe.com\/blog\/wp-content\/uploads\/2014\/05\/granos-gueros-300x199.jpg\" alt=\"granos-de-cafe\" width=\"300\" height=\"199\" \/><\/a>En 1848 el cultivo del caf\u00e9 estaba declinando en India del Oeste, sin embargo durante el siguiente siglo, el caf\u00e9 no nativo habr\u00eda de conquistar Brasil, Venezuela, y la gran mayor\u00eda del territorio de Am\u00e9rica ventral al igual que algunas porciones de territorios de Inidia, Ceylon, Java y Colombia.<\/p>\n<p>El grano de caf\u00e9 ayudar\u00eda a dar forma a distintas leyes y a algunos gobiernos, retardar\u00eda la abolici\u00f3n de la esclavitud, exacerbar\u00eda diferencias sociales, afectar\u00eda el medio ambiente y proporcionar\u00eda el motor del crecimiento durante la \u00e9poca, especialmente en el caf\u00e9 de Brasil , donde se convirti\u00f3 en la fuerza dominante en cuanto a la producci\u00f3n de caf\u00e9 a nivel mundial. El caf\u00e9 de Brasil no solo respondi\u00f3 a la demanda, sino que ayud\u00f3 a crear un nivel de suministro y producci\u00f3n a niveles muy econ\u00f3micos dando lugar a que las clases trabajadoras de Estados Unidos y Europa pudieran tener acceso a el.<\/p>\n<p>Aunque el caf\u00e9 no logr\u00f3 realmente tener un gran impacto en el mismo Brasil o Centro Am\u00e9rica hasta que lograron separarse de las colonias de Espa\u00f1a y Portugal en 1821 y 1822. En el a\u00f1o de 1807 cuando las fuerzas de Napole\u00f3n Bonaparte tomaron Lisboa, enviaron, literalmente, al mar a la familia real de Portugal, en barcos Ingleses la familia real lleg\u00f3 hasta Rio de Janeiro donde el rey Juan VI se instal\u00f3. Declar\u00f3 a Brasil como el reino y promovi\u00f3 la agricultura con nuevas variedades de caf\u00e9, en el jard\u00edn bot\u00e1nico real se sembraron diferentes plantas con la idea de hacer experimentos y distribu\u00edan las semillas a los diferentes plant\u00edos para ver resultados. Cuando una revoluci\u00f3n en Portugal oblig\u00f3 a Juan VI a regresar a Portugal dej\u00f3 atr\u00e1s a su hijo Don Pedro como regente.<\/p>\n<p>La gran mayor\u00eda de los pa\u00edses de Am\u00e9rica, hartos del dominio de las colonias r\u00e1pidamente se independizaron empezando por Venezuela, Colombia y M\u00e9xico seguidos por centro am\u00e9rica. En 1831. Bajo el t\u00edtulo de emperador Pedro I, el hijo de Juan VI, por presi\u00f3n de los populistas tuvo que abdicar a favor de su hijo Pedro que solo ten\u00eda 5 a\u00f1os. Nueve a\u00f1os despu\u00e9s, de un periodo de rebeli\u00f3n, caos y control por los regentes, Pedro II tom\u00f3 el control por debanda popular a la edad de 14. Bajo su reinado el caf\u00e9, ahora s\u00ed, se habr\u00eda de convertir\u00a0en el verdadero Rey.<\/p>\n<p>Portte Caf\u00e9 m\u00e1quinas de cafe &#8211; servicio de coffe break &#8211;\u00a0barras de cafe<\/p>\n","protected":false},"excerpt":{"rendered":"<p>En 1848 el cultivo del caf\u00e9 estaba declinando en India del Oeste, sin embargo durante el siguiente siglo, el caf\u00e9 no nativo habr\u00eda de conquistar Brasil, Venezuela, y la gran mayor\u00eda del territorio de Am\u00e9rica ventral al igual que algunas &hellip; <a href=\"https:\/\/porttecafe.com\/blog\/el-reino-del-cafe-brasil\/\">Continue reading <span class=\"meta-nav\">&rarr;<\/span><\/a><\/p>\n","protected":false},"author":1,"featured_media":0,"comment_status":"closed","ping_status":"open","sticky":false,"template":"","format":"standard","meta":{"footnotes":""},"categories":[2,5,7],"tags":[17,29,38,84,123],"class_list":["post-113","post","type-post","status-publish","format-standard","hentry","category-barra-de-cafe","category-historia-del-cafe","category-servicio-de-coffee-break","tag-barra-de-cafe-en-mexico","tag-cafe-basileno","tag-cafe-en-america","tag-el-cafe-de-brasil","tag-maquinas-de-cafe-en-mexico"],"yoast_head":"<!-- This site is optimized with the Yoast SEO plugin v26.8 - https:\/\/yoast.com\/product\/yoast-seo-wordpress\/ -->\n<title>El reino del caf\u00e9 Brasil - Portte cafe<\/title>\n<meta name=\"robots\" content=\"index, follow, max-snippet:-1, max-image-preview:large, max-video-preview:-1\" \/>\n<link rel=\"canonical\" href=\"https:\/\/porttecafe.com\/blog\/el-reino-del-cafe-brasil\/\" \/>\n<meta property=\"og:locale\" content=\"es_ES\" \/>\n<meta property=\"og:type\" content=\"article\" \/>\n<meta property=\"og:title\" content=\"El reino del caf\u00e9 Brasil - Portte cafe\" \/>\n<meta property=\"og:description\" content=\"En 1848 el cultivo del caf\u00e9 estaba declinando en India del Oeste, sin embargo durante el siguiente siglo, el caf\u00e9 no nativo habr\u00eda de conquistar Brasil, Venezuela, y la gran mayor\u00eda del territorio de Am\u00e9rica ventral al igual que algunas &hellip; Continue reading &rarr;\" \/>\n<meta property=\"og:url\" content=\"https:\/\/porttecafe.com\/blog\/el-reino-del-cafe-brasil\/\" \/>\n<meta property=\"og:site_name\" content=\"Portte cafe\" \/>\n<meta property=\"article:publisher\" content=\"https:\/\/www.facebook.com\/porttecafe\/\" \/>\n<meta property=\"article:published_time\" content=\"2014-05-31T13:53:40+00:00\" \/>\n<meta property=\"og:image\" content=\"http:\/\/porttecafe.com\/blog\/wp-content\/uploads\/2014\/05\/granos-gueros-300x199.jpg\" \/>\n<meta name=\"author\" content=\"adportte\" \/>\n<meta name=\"twitter:card\" content=\"summary_large_image\" \/>\n<meta name=\"twitter:creator\" content=\"@Porttecafe\" \/>\n<meta name=\"twitter:site\" content=\"@Porttecafe\" \/>\n<meta name=\"twitter:label1\" content=\"Escrito por\" \/>\n\t<meta name=\"twitter:data1\" content=\"adportte\" \/>\n\t<meta name=\"twitter:label2\" content=\"Tiempo de lectura\" \/>\n\t<meta name=\"twitter:data2\" content=\"2 minutos\" \/>\n<script type=\"application\/ld+json\" class=\"yoast-schema-graph\">{\"@context\":\"https:\/\/schema.org\",\"@graph\":[{\"@type\":\"Article\",\"@id\":\"https:\/\/porttecafe.com\/blog\/el-reino-del-cafe-brasil\/#article\",\"isPartOf\":{\"@id\":\"https:\/\/porttecafe.com\/blog\/el-reino-del-cafe-brasil\/\"},\"author\":{\"name\":\"adportte\",\"@id\":\"https:\/\/porttecafe.com\/blog\/#\/schema\/person\/194078094fb4a902e3e0cfcdbdb03f98\"},\"headline\":\"El reino del caf\u00e9 Brasil\",\"datePublished\":\"2014-05-31T13:53:40+00:00\",\"mainEntityOfPage\":{\"@id\":\"https:\/\/porttecafe.com\/blog\/el-reino-del-cafe-brasil\/\"},\"wordCount\":438,\"publisher\":{\"@id\":\"https:\/\/porttecafe.com\/blog\/#organization\"},\"image\":{\"@id\":\"https:\/\/porttecafe.com\/blog\/el-reino-del-cafe-brasil\/#primaryimage\"},\"thumbnailUrl\":\"http:\/\/porttecafe.com\/blog\/wp-content\/uploads\/2014\/05\/granos-gueros-300x199.jpg\",\"keywords\":[\"barra de cafe en mexico\",\"cafe basile\u00f1o\",\"cafe en america\",\"el cafe de brasil\",\"maquinas de cafe en mexico\"],\"articleSection\":[\"Barra de caf\u00e9\",\"historia del caf\u00e9\",\"Servicio de coffee break\"],\"inLanguage\":\"es\"},{\"@type\":\"WebPage\",\"@id\":\"https:\/\/porttecafe.com\/blog\/el-reino-del-cafe-brasil\/\",\"url\":\"https:\/\/porttecafe.com\/blog\/el-reino-del-cafe-brasil\/\",\"name\":\"El reino del caf\u00e9 Brasil - Portte cafe\",\"isPartOf\":{\"@id\":\"https:\/\/porttecafe.com\/blog\/#website\"},\"primaryImageOfPage\":{\"@id\":\"https:\/\/porttecafe.com\/blog\/el-reino-del-cafe-brasil\/#primaryimage\"},\"image\":{\"@id\":\"https:\/\/porttecafe.com\/blog\/el-reino-del-cafe-brasil\/#primaryimage\"},\"thumbnailUrl\":\"http:\/\/porttecafe.com\/blog\/wp-content\/uploads\/2014\/05\/granos-gueros-300x199.jpg\",\"datePublished\":\"2014-05-31T13:53:40+00:00\",\"breadcrumb\":{\"@id\":\"https:\/\/porttecafe.com\/blog\/el-reino-del-cafe-brasil\/#breadcrumb\"},\"inLanguage\":\"es\",\"potentialAction\":[{\"@type\":\"ReadAction\",\"target\":[\"https:\/\/porttecafe.com\/blog\/el-reino-del-cafe-brasil\/\"]}]},{\"@type\":\"ImageObject\",\"inLanguage\":\"es\",\"@id\":\"https:\/\/porttecafe.com\/blog\/el-reino-del-cafe-brasil\/#primaryimage\",\"url\":\"http:\/\/porttecafe.com\/blog\/wp-content\/uploads\/2014\/05\/granos-gueros-300x199.jpg\",\"contentUrl\":\"http:\/\/porttecafe.com\/blog\/wp-content\/uploads\/2014\/05\/granos-gueros-300x199.jpg\"},{\"@type\":\"BreadcrumbList\",\"@id\":\"https:\/\/porttecafe.com\/blog\/el-reino-del-cafe-brasil\/#breadcrumb\",\"itemListElement\":[{\"@type\":\"ListItem\",\"position\":1,\"name\":\"Portada\",\"item\":\"https:\/\/porttecafe.com\/blog\/\"},{\"@type\":\"ListItem\",\"position\":2,\"name\":\"El reino del caf\u00e9 Brasil\"}]},{\"@type\":\"WebSite\",\"@id\":\"https:\/\/porttecafe.com\/blog\/#website\",\"url\":\"https:\/\/porttecafe.com\/blog\/\",\"name\":\"Portte cafe\",\"description\":\"Servicio de m\u00e1quinas de cafe\",\"publisher\":{\"@id\":\"https:\/\/porttecafe.com\/blog\/#organization\"},\"potentialAction\":[{\"@type\":\"SearchAction\",\"target\":{\"@type\":\"EntryPoint\",\"urlTemplate\":\"https:\/\/porttecafe.com\/blog\/?s={search_term_string}\"},\"query-input\":{\"@type\":\"PropertyValueSpecification\",\"valueRequired\":true,\"valueName\":\"search_term_string\"}}],\"inLanguage\":\"es\"},{\"@type\":\"Organization\",\"@id\":\"https:\/\/porttecafe.com\/blog\/#organization\",\"name\":\"Portte cafe\",\"url\":\"https:\/\/porttecafe.com\/blog\/\",\"logo\":{\"@type\":\"ImageObject\",\"inLanguage\":\"es\",\"@id\":\"https:\/\/porttecafe.com\/blog\/#\/schema\/logo\/image\/\",\"url\":\"http:\/\/porttecafe.com\/blog\/wp-content\/uploads\/2023\/01\/logo-oscuro.png\",\"contentUrl\":\"http:\/\/porttecafe.com\/blog\/wp-content\/uploads\/2023\/01\/logo-oscuro.png\",\"width\":493,\"height\":200,\"caption\":\"Portte cafe\"},\"image\":{\"@id\":\"https:\/\/porttecafe.com\/blog\/#\/schema\/logo\/image\/\"},\"sameAs\":[\"https:\/\/www.facebook.com\/porttecafe\/\",\"https:\/\/x.com\/Porttecafe\",\"https:\/\/www.youtube.com\/user\/porttecafe\",\"https:\/\/www.instagram.com\/porttecafe\/\"]},{\"@type\":\"Person\",\"@id\":\"https:\/\/porttecafe.com\/blog\/#\/schema\/person\/194078094fb4a902e3e0cfcdbdb03f98\",\"name\":\"adportte\",\"image\":{\"@type\":\"ImageObject\",\"inLanguage\":\"es\",\"@id\":\"https:\/\/porttecafe.com\/blog\/#\/schema\/person\/image\/\",\"url\":\"https:\/\/secure.gravatar.com\/avatar\/3662341f7d8cdc5668deaa89323e7ee1?s=96&d=mm&r=g\",\"contentUrl\":\"https:\/\/secure.gravatar.com\/avatar\/3662341f7d8cdc5668deaa89323e7ee1?s=96&d=mm&r=g\",\"caption\":\"adportte\"},\"url\":\"https:\/\/porttecafe.com\/blog\/author\/adportte\/\"}]}<\/script>\n<!-- \/ Yoast SEO plugin. -->","yoast_head_json":{"title":"El reino del caf\u00e9 Brasil - Portte cafe","robots":{"index":"index","follow":"follow","max-snippet":"max-snippet:-1","max-image-preview":"max-image-preview:large","max-video-preview":"max-video-preview:-1"},"canonical":"https:\/\/porttecafe.com\/blog\/el-reino-del-cafe-brasil\/","og_locale":"es_ES","og_type":"article","og_title":"El reino del caf\u00e9 Brasil - Portte cafe","og_description":"En 1848 el cultivo del caf\u00e9 estaba declinando en India del Oeste, sin embargo durante el siguiente siglo, el caf\u00e9 no nativo habr\u00eda de conquistar Brasil, Venezuela, y la gran mayor\u00eda del territorio de Am\u00e9rica ventral al igual que algunas &hellip; Continue reading &rarr;","og_url":"https:\/\/porttecafe.com\/blog\/el-reino-del-cafe-brasil\/","og_site_name":"Portte cafe","article_publisher":"https:\/\/www.facebook.com\/porttecafe\/","article_published_time":"2014-05-31T13:53:40+00:00","og_image":[{"url":"http:\/\/porttecafe.com\/blog\/wp-content\/uploads\/2014\/05\/granos-gueros-300x199.jpg","type":"","width":"","height":""}],"author":"adportte","twitter_card":"summary_large_image","twitter_creator":"@Porttecafe","twitter_site":"@Porttecafe","twitter_misc":{"Escrito por":"adportte","Tiempo de lectura":"2 minutos"},"schema":{"@context":"https:\/\/schema.org","@graph":[{"@type":"Article","@id":"https:\/\/porttecafe.com\/blog\/el-reino-del-cafe-brasil\/#article","isPartOf":{"@id":"https:\/\/porttecafe.com\/blog\/el-reino-del-cafe-brasil\/"},"author":{"name":"adportte","@id":"https:\/\/porttecafe.com\/blog\/#\/schema\/person\/194078094fb4a902e3e0cfcdbdb03f98"},"headline":"El reino del caf\u00e9 Brasil","datePublished":"2014-05-31T13:53:40+00:00","mainEntityOfPage":{"@id":"https:\/\/porttecafe.com\/blog\/el-reino-del-cafe-brasil\/"},"wordCount":438,"publisher":{"@id":"https:\/\/porttecafe.com\/blog\/#organization"},"image":{"@id":"https:\/\/porttecafe.com\/blog\/el-reino-del-cafe-brasil\/#primaryimage"},"thumbnailUrl":"http:\/\/porttecafe.com\/blog\/wp-content\/uploads\/2014\/05\/granos-gueros-300x199.jpg","keywords":["barra de cafe en mexico","cafe basile\u00f1o","cafe en america","el cafe de brasil","maquinas de cafe en mexico"],"articleSection":["Barra de caf\u00e9","historia del caf\u00e9","Servicio de coffee break"],"inLanguage":"es"},{"@type":"WebPage","@id":"https:\/\/porttecafe.com\/blog\/el-reino-del-cafe-brasil\/","url":"https:\/\/porttecafe.com\/blog\/el-reino-del-cafe-brasil\/","name":"El reino del caf\u00e9 Brasil - Portte cafe","isPartOf":{"@id":"https:\/\/porttecafe.com\/blog\/#website"},"primaryImageOfPage":{"@id":"https:\/\/porttecafe.com\/blog\/el-reino-del-cafe-brasil\/#primaryimage"},"image":{"@id":"https:\/\/porttecafe.com\/blog\/el-reino-del-cafe-brasil\/#primaryimage"},"thumbnailUrl":"http:\/\/porttecafe.com\/blog\/wp-content\/uploads\/2014\/05\/granos-gueros-300x199.jpg","datePublished":"2014-05-31T13:53:40+00:00","breadcrumb":{"@id":"https:\/\/porttecafe.com\/blog\/el-reino-del-cafe-brasil\/#breadcrumb"},"inLanguage":"es","potentialAction":[{"@type":"ReadAction","target":["https:\/\/porttecafe.com\/blog\/el-reino-del-cafe-brasil\/"]}]},{"@type":"ImageObject","inLanguage":"es","@id":"https:\/\/porttecafe.com\/blog\/el-reino-del-cafe-brasil\/#primaryimage","url":"http:\/\/porttecafe.com\/blog\/wp-content\/uploads\/2014\/05\/granos-gueros-300x199.jpg","contentUrl":"http:\/\/porttecafe.com\/blog\/wp-content\/uploads\/2014\/05\/granos-gueros-300x199.jpg"},{"@type":"BreadcrumbList","@id":"https:\/\/porttecafe.com\/blog\/el-reino-del-cafe-brasil\/#breadcrumb","itemListElement":[{"@type":"ListItem","position":1,"name":"Portada","item":"https:\/\/porttecafe.com\/blog\/"},{"@type":"ListItem","position":2,"name":"El reino del caf\u00e9 Brasil"}]},{"@type":"WebSite","@id":"https:\/\/porttecafe.com\/blog\/#website","url":"https:\/\/porttecafe.com\/blog\/","name":"Portte cafe","description":"Servicio de m\u00e1quinas de cafe","publisher":{"@id":"https:\/\/porttecafe.com\/blog\/#organization"},"potentialAction":[{"@type":"SearchAction","target":{"@type":"EntryPoint","urlTemplate":"https:\/\/porttecafe.com\/blog\/?s={search_term_string}"},"query-input":{"@type":"PropertyValueSpecification","valueRequired":true,"valueName":"search_term_string"}}],"inLanguage":"es"},{"@type":"Organization","@id":"https:\/\/porttecafe.com\/blog\/#organization","name":"Portte cafe","url":"https:\/\/porttecafe.com\/blog\/","logo":{"@type":"ImageObject","inLanguage":"es","@id":"https:\/\/porttecafe.com\/blog\/#\/schema\/logo\/image\/","url":"http:\/\/porttecafe.com\/blog\/wp-content\/uploads\/2023\/01\/logo-oscuro.png","contentUrl":"http:\/\/porttecafe.com\/blog\/wp-content\/uploads\/2023\/01\/logo-oscuro.png","width":493,"height":200,"caption":"Portte cafe"},"image":{"@id":"https:\/\/porttecafe.com\/blog\/#\/schema\/logo\/image\/"},"sameAs":["https:\/\/www.facebook.com\/porttecafe\/","https:\/\/x.com\/Porttecafe","https:\/\/www.youtube.com\/user\/porttecafe","https:\/\/www.instagram.com\/porttecafe\/"]},{"@type":"Person","@id":"https:\/\/porttecafe.com\/blog\/#\/schema\/person\/194078094fb4a902e3e0cfcdbdb03f98","name":"adportte","image":{"@type":"ImageObject","inLanguage":"es","@id":"https:\/\/porttecafe.com\/blog\/#\/schema\/person\/image\/","url":"https:\/\/secure.gravatar.com\/avatar\/3662341f7d8cdc5668deaa89323e7ee1?s=96&d=mm&r=g","contentUrl":"https:\/\/secure.gravatar.com\/avatar\/3662341f7d8cdc5668deaa89323e7ee1?s=96&d=mm&r=g","caption":"adportte"},"url":"https:\/\/porttecafe.com\/blog\/author\/adportte\/"}]}},"_links":{"self":[{"href":"https:\/\/porttecafe.com\/blog\/wp-json\/wp\/v2\/posts\/113","targetHints":{"allow":["GET"]}}],"collection":[{"href":"https:\/\/porttecafe.com\/blog\/wp-json\/wp\/v2\/posts"}],"about":[{"href":"https:\/\/porttecafe.com\/blog\/wp-json\/wp\/v2\/types\/post"}],"author":[{"embeddable":true,"href":"https:\/\/porttecafe.com\/blog\/wp-json\/wp\/v2\/users\/1"}],"replies":[{"embeddable":true,"href":"https:\/\/porttecafe.com\/blog\/wp-json\/wp\/v2\/comments?post=113"}],"version-history":[{"count":0,"href":"https:\/\/porttecafe.com\/blog\/wp-json\/wp\/v2\/posts\/113\/revisions"}],"wp:attachment":[{"href":"https:\/\/porttecafe.com\/blog\/wp-json\/wp\/v2\/media?parent=113"}],"wp:term":[{"taxonomy":"category","embeddable":true,"href":"https:\/\/porttecafe.com\/blog\/wp-json\/wp\/v2\/categories?post=113"},{"taxonomy":"post_tag","embeddable":true,"href":"https:\/\/porttecafe.com\/blog\/wp-json\/wp\/v2\/tags?post=113"}],"curies":[{"name":"wp","href":"https:\/\/api.w.org\/{rel}","templated":true}]}}