{"id":124,"date":"2014-06-16T22:03:54","date_gmt":"2014-06-17T03:03:54","guid":{"rendered":"http:\/\/porttecafe.com\/blog\/?p=124"},"modified":"2014-06-16T22:03:54","modified_gmt":"2014-06-17T03:03:54","slug":"brasil-y-la-deforestacion-por-el-cafe","status":"publish","type":"post","link":"https:\/\/porttecafe.com\/blog\/brasil-y-la-deforestacion-por-el-cafe\/","title":{"rendered":"Brasil y la deforestaci\u00f3n por el caf\u00e9"},"content":{"rendered":"<div style=\"padding-bottom:20px; padding-top:10px;\" class=\"hupso-share-buttons\"><!-- Hupso Share Buttons - http:\/\/www.hupso.com\/share\/ --><a class=\"hupso_counters\" href=\"http:\/\/www.hupso.com\/share\/\"><img decoding=\"async\" src=\"https:\/\/static.hupso.com\/share\/buttons\/lang\/es\/share-small.png\" style=\"border:0px; padding-top:2px; float:left;\" alt=\"Share Button\"\/><\/a><script type=\"text\/javascript\">var hupso_services_c=new Array(\"twitter\",\"facebook_like\",\"facebook_send\",\"google\",\"pinterest\",\"linkedin\");var hupso_counters_lang = \"es_LA\";var hupso_image_folder_url = \"\";var hupso_url_c=\"\";var hupso_title_c=\"Brasil y la deforestaci\u00f3n por el caf\u00e9\";<\/script><script type=\"text\/javascript\" src=\"https:\/\/static.hupso.com\/share\/js\/counters.js\"><\/script><!-- Hupso Share Buttons --><\/div><p><a href=\"http:\/\/porttecafe.com\/blog\/wp-content\/uploads\/2014\/06\/tomandocafe.jpg\"><img loading=\"lazy\" decoding=\"async\" class=\"size-medium wp-image-125 alignleft\" src=\"http:\/\/porttecafe.com\/blog\/wp-content\/uploads\/2014\/06\/tomandocafe-198x300.jpg\" alt=\"tomandocafe\" width=\"198\" height=\"300\" \/><\/a>Ahora que est\u00e1 tan de moda el tema de Brasil con esto del mundial, nosotros seguiremos hablando de c\u00f3mo se involucra este pa\u00eds con la historia del caf\u00e9.<\/p>\n<p>Un dato que es de resaltar en relaci\u00f3n al cultivo del caf\u00e9 es que Brasil fue el pa\u00eds que m\u00e1s tiempo mantuvo la esclavitud como fuerza de trabajo en el hemisferio oeste. En 1871 Pedro II, quien liber\u00f3 a sus propios esclavos m\u00e1s de 30 a\u00f1os antes,\u00a0 declar\u00f3 como ley que no hubiera esclavitud, declarando que todos los nacidos a partir de ese momento descendientes de africanos ser\u00edan libres, sin embargo a pesar de esto los terratenientes de plant\u00edos de caf\u00e9 y pol\u00edticos se opusieron a la abolici\u00f3n. Se ten\u00eda una frase por parte de los pol\u00edticos que dec\u00eda \u201cBrasil es caf\u00e9 y el caf\u00e9 es negro\u201d, lo que significaba que era la \u00fanica manera que iban a aceptar para el cultivo del mismo.<\/p>\n<p>La guerra contra la tierra del caf\u00e9<\/p>\n<p>Un historiador del temas ecol\u00f3gicos conocido como Warren Dean declaraba en uno de sus libros document\u00f3 el efecto devastador que tuvo en el medio ambiente la siembra de caf\u00e9. Durante los mese de invierno de Mayo, Junio y Julio bandas enteras de trabajadores comenzaban en las bases de las colinas cortando \u00e1rboles desde la base lo suficiente solo para mantenerlos de pie, despu\u00e9s de eso, seleccionaban lo que ser\u00eda el \u00e1rbol maestro que ten\u00eda como funci\u00f3n ser el primero enser derribado con la intenci\u00f3n que con su ca\u00edda, creara una reacci\u00f3n en cadena haciendo que cayeran todos los dem\u00e1s. Si la elecci\u00f3n del \u00e1rbol era correcta, solo se percib\u00eda una tremenda explosi\u00f3n levantando una tremenda nube de polvo con pedazos de madera volando y enormes parvadas de aves volando despavoridas.<\/p>\n<p>Despu\u00e9s de unos cuantos d\u00edas despu\u00e9s de esta devastaci\u00f3n y dejando secar los \u00e1rboles, se les prend\u00eda fuego creando una gran nube de humo oscureciendo el cielo y dejando un campo completamente desolado. Luego se sembraba el caf\u00e9 que se alimentaba del suelo quemado lo cual generaba una tremenda erosi\u00f3n. Cuando la tierra se encontraba cansada despu\u00e9s de estos dram\u00e1ticos procesos, simplemente se abandonaban los cultivos y se iban a buscar nuevos terrenos, desafortunadamente estos terrenos tropicales requer\u00edan de siglos para poder recuperarse.<\/p>\n<p>Portte cafe maquinas de cafe y barras de cafe<\/p>\n","protected":false},"excerpt":{"rendered":"<p>Ahora que est\u00e1 tan de moda el tema de Brasil con esto del mundial, nosotros seguiremos hablando de c\u00f3mo se involucra este pa\u00eds con la historia del caf\u00e9. Un dato que es de resaltar en relaci\u00f3n al cultivo del caf\u00e9 &hellip; <a href=\"https:\/\/porttecafe.com\/blog\/brasil-y-la-deforestacion-por-el-cafe\/\">Continue reading <span class=\"meta-nav\">&rarr;<\/span><\/a><\/p>\n","protected":false},"author":1,"featured_media":0,"comment_status":"closed","ping_status":"open","sticky":false,"template":"","format":"standard","meta":{"footnotes":""},"categories":[2,5,6],"tags":[28,39,119,144,150],"class_list":["post-124","post","type-post","status-publish","format-standard","hentry","category-barra-de-cafe","category-historia-del-cafe","category-maquinas-de-cafe","tag-cafe","tag-cafe-en-brasil","tag-maquinas","tag-renta-de-cafe","tag-servicio-de-cafe"],"yoast_head":"<!-- This site is optimized with the Yoast SEO plugin v26.8 - https:\/\/yoast.com\/product\/yoast-seo-wordpress\/ -->\n<title>Brasil y la deforestaci\u00f3n por el caf\u00e9 - Portte cafe<\/title>\n<meta name=\"robots\" content=\"index, follow, max-snippet:-1, max-image-preview:large, max-video-preview:-1\" \/>\n<link rel=\"canonical\" href=\"https:\/\/porttecafe.com\/blog\/brasil-y-la-deforestacion-por-el-cafe\/\" \/>\n<meta property=\"og:locale\" content=\"es_ES\" \/>\n<meta property=\"og:type\" content=\"article\" \/>\n<meta property=\"og:title\" content=\"Brasil y la deforestaci\u00f3n por el caf\u00e9 - Portte cafe\" \/>\n<meta property=\"og:description\" content=\"Ahora que est\u00e1 tan de moda el tema de Brasil con esto del mundial, nosotros seguiremos hablando de c\u00f3mo se involucra este pa\u00eds con la historia del caf\u00e9. Un dato que es de resaltar en relaci\u00f3n al cultivo del caf\u00e9 &hellip; Continue reading &rarr;\" \/>\n<meta property=\"og:url\" content=\"https:\/\/porttecafe.com\/blog\/brasil-y-la-deforestacion-por-el-cafe\/\" \/>\n<meta property=\"og:site_name\" content=\"Portte cafe\" \/>\n<meta property=\"article:publisher\" content=\"https:\/\/www.facebook.com\/porttecafe\/\" \/>\n<meta property=\"article:published_time\" content=\"2014-06-17T03:03:54+00:00\" \/>\n<meta property=\"og:image\" content=\"http:\/\/porttecafe.com\/blog\/wp-content\/uploads\/2014\/06\/tomandocafe-198x300.jpg\" \/>\n<meta name=\"author\" content=\"adportte\" \/>\n<meta name=\"twitter:card\" content=\"summary_large_image\" \/>\n<meta name=\"twitter:creator\" content=\"@Porttecafe\" \/>\n<meta name=\"twitter:site\" content=\"@Porttecafe\" \/>\n<meta name=\"twitter:label1\" content=\"Escrito por\" \/>\n\t<meta name=\"twitter:data1\" content=\"adportte\" \/>\n\t<meta name=\"twitter:label2\" content=\"Tiempo de lectura\" \/>\n\t<meta name=\"twitter:data2\" content=\"2 minutos\" \/>\n<script type=\"application\/ld+json\" class=\"yoast-schema-graph\">{\"@context\":\"https:\/\/schema.org\",\"@graph\":[{\"@type\":\"Article\",\"@id\":\"https:\/\/porttecafe.com\/blog\/brasil-y-la-deforestacion-por-el-cafe\/#article\",\"isPartOf\":{\"@id\":\"https:\/\/porttecafe.com\/blog\/brasil-y-la-deforestacion-por-el-cafe\/\"},\"author\":{\"name\":\"adportte\",\"@id\":\"https:\/\/porttecafe.com\/blog\/#\/schema\/person\/194078094fb4a902e3e0cfcdbdb03f98\"},\"headline\":\"Brasil y la deforestaci\u00f3n por el caf\u00e9\",\"datePublished\":\"2014-06-17T03:03:54+00:00\",\"mainEntityOfPage\":{\"@id\":\"https:\/\/porttecafe.com\/blog\/brasil-y-la-deforestacion-por-el-cafe\/\"},\"wordCount\":422,\"publisher\":{\"@id\":\"https:\/\/porttecafe.com\/blog\/#organization\"},\"image\":{\"@id\":\"https:\/\/porttecafe.com\/blog\/brasil-y-la-deforestacion-por-el-cafe\/#primaryimage\"},\"thumbnailUrl\":\"http:\/\/porttecafe.com\/blog\/wp-content\/uploads\/2014\/06\/tomandocafe-198x300.jpg\",\"keywords\":[\"cafe\",\"cafe en brasil\",\"maquinas\",\"renta de cafe\",\"servicio de cafe\"],\"articleSection\":[\"Barra de caf\u00e9\",\"historia del caf\u00e9\",\"Maquinas de cafe\"],\"inLanguage\":\"es\"},{\"@type\":\"WebPage\",\"@id\":\"https:\/\/porttecafe.com\/blog\/brasil-y-la-deforestacion-por-el-cafe\/\",\"url\":\"https:\/\/porttecafe.com\/blog\/brasil-y-la-deforestacion-por-el-cafe\/\",\"name\":\"Brasil y la deforestaci\u00f3n por el caf\u00e9 - Portte cafe\",\"isPartOf\":{\"@id\":\"https:\/\/porttecafe.com\/blog\/#website\"},\"primaryImageOfPage\":{\"@id\":\"https:\/\/porttecafe.com\/blog\/brasil-y-la-deforestacion-por-el-cafe\/#primaryimage\"},\"image\":{\"@id\":\"https:\/\/porttecafe.com\/blog\/brasil-y-la-deforestacion-por-el-cafe\/#primaryimage\"},\"thumbnailUrl\":\"http:\/\/porttecafe.com\/blog\/wp-content\/uploads\/2014\/06\/tomandocafe-198x300.jpg\",\"datePublished\":\"2014-06-17T03:03:54+00:00\",\"breadcrumb\":{\"@id\":\"https:\/\/porttecafe.com\/blog\/brasil-y-la-deforestacion-por-el-cafe\/#breadcrumb\"},\"inLanguage\":\"es\",\"potentialAction\":[{\"@type\":\"ReadAction\",\"target\":[\"https:\/\/porttecafe.com\/blog\/brasil-y-la-deforestacion-por-el-cafe\/\"]}]},{\"@type\":\"ImageObject\",\"inLanguage\":\"es\",\"@id\":\"https:\/\/porttecafe.com\/blog\/brasil-y-la-deforestacion-por-el-cafe\/#primaryimage\",\"url\":\"http:\/\/porttecafe.com\/blog\/wp-content\/uploads\/2014\/06\/tomandocafe-198x300.jpg\",\"contentUrl\":\"http:\/\/porttecafe.com\/blog\/wp-content\/uploads\/2014\/06\/tomandocafe-198x300.jpg\"},{\"@type\":\"BreadcrumbList\",\"@id\":\"https:\/\/porttecafe.com\/blog\/brasil-y-la-deforestacion-por-el-cafe\/#breadcrumb\",\"itemListElement\":[{\"@type\":\"ListItem\",\"position\":1,\"name\":\"Portada\",\"item\":\"https:\/\/porttecafe.com\/blog\/\"},{\"@type\":\"ListItem\",\"position\":2,\"name\":\"Brasil y la deforestaci\u00f3n por el caf\u00e9\"}]},{\"@type\":\"WebSite\",\"@id\":\"https:\/\/porttecafe.com\/blog\/#website\",\"url\":\"https:\/\/porttecafe.com\/blog\/\",\"name\":\"Portte cafe\",\"description\":\"Servicio de m\u00e1quinas de cafe\",\"publisher\":{\"@id\":\"https:\/\/porttecafe.com\/blog\/#organization\"},\"potentialAction\":[{\"@type\":\"SearchAction\",\"target\":{\"@type\":\"EntryPoint\",\"urlTemplate\":\"https:\/\/porttecafe.com\/blog\/?s={search_term_string}\"},\"query-input\":{\"@type\":\"PropertyValueSpecification\",\"valueRequired\":true,\"valueName\":\"search_term_string\"}}],\"inLanguage\":\"es\"},{\"@type\":\"Organization\",\"@id\":\"https:\/\/porttecafe.com\/blog\/#organization\",\"name\":\"Portte cafe\",\"url\":\"https:\/\/porttecafe.com\/blog\/\",\"logo\":{\"@type\":\"ImageObject\",\"inLanguage\":\"es\",\"@id\":\"https:\/\/porttecafe.com\/blog\/#\/schema\/logo\/image\/\",\"url\":\"http:\/\/porttecafe.com\/blog\/wp-content\/uploads\/2023\/01\/logo-oscuro.png\",\"contentUrl\":\"http:\/\/porttecafe.com\/blog\/wp-content\/uploads\/2023\/01\/logo-oscuro.png\",\"width\":493,\"height\":200,\"caption\":\"Portte cafe\"},\"image\":{\"@id\":\"https:\/\/porttecafe.com\/blog\/#\/schema\/logo\/image\/\"},\"sameAs\":[\"https:\/\/www.facebook.com\/porttecafe\/\",\"https:\/\/x.com\/Porttecafe\",\"https:\/\/www.youtube.com\/user\/porttecafe\",\"https:\/\/www.instagram.com\/porttecafe\/\"]},{\"@type\":\"Person\",\"@id\":\"https:\/\/porttecafe.com\/blog\/#\/schema\/person\/194078094fb4a902e3e0cfcdbdb03f98\",\"name\":\"adportte\",\"image\":{\"@type\":\"ImageObject\",\"inLanguage\":\"es\",\"@id\":\"https:\/\/porttecafe.com\/blog\/#\/schema\/person\/image\/\",\"url\":\"https:\/\/secure.gravatar.com\/avatar\/3662341f7d8cdc5668deaa89323e7ee1?s=96&d=mm&r=g\",\"contentUrl\":\"https:\/\/secure.gravatar.com\/avatar\/3662341f7d8cdc5668deaa89323e7ee1?s=96&d=mm&r=g\",\"caption\":\"adportte\"},\"url\":\"https:\/\/porttecafe.com\/blog\/author\/adportte\/\"}]}<\/script>\n<!-- \/ Yoast SEO plugin. -->","yoast_head_json":{"title":"Brasil y la deforestaci\u00f3n por el caf\u00e9 - Portte cafe","robots":{"index":"index","follow":"follow","max-snippet":"max-snippet:-1","max-image-preview":"max-image-preview:large","max-video-preview":"max-video-preview:-1"},"canonical":"https:\/\/porttecafe.com\/blog\/brasil-y-la-deforestacion-por-el-cafe\/","og_locale":"es_ES","og_type":"article","og_title":"Brasil y la deforestaci\u00f3n por el caf\u00e9 - Portte cafe","og_description":"Ahora que est\u00e1 tan de moda el tema de Brasil con esto del mundial, nosotros seguiremos hablando de c\u00f3mo se involucra este pa\u00eds con la historia del caf\u00e9. Un dato que es de resaltar en relaci\u00f3n al cultivo del caf\u00e9 &hellip; Continue reading &rarr;","og_url":"https:\/\/porttecafe.com\/blog\/brasil-y-la-deforestacion-por-el-cafe\/","og_site_name":"Portte cafe","article_publisher":"https:\/\/www.facebook.com\/porttecafe\/","article_published_time":"2014-06-17T03:03:54+00:00","og_image":[{"url":"http:\/\/porttecafe.com\/blog\/wp-content\/uploads\/2014\/06\/tomandocafe-198x300.jpg","type":"","width":"","height":""}],"author":"adportte","twitter_card":"summary_large_image","twitter_creator":"@Porttecafe","twitter_site":"@Porttecafe","twitter_misc":{"Escrito por":"adportte","Tiempo de lectura":"2 minutos"},"schema":{"@context":"https:\/\/schema.org","@graph":[{"@type":"Article","@id":"https:\/\/porttecafe.com\/blog\/brasil-y-la-deforestacion-por-el-cafe\/#article","isPartOf":{"@id":"https:\/\/porttecafe.com\/blog\/brasil-y-la-deforestacion-por-el-cafe\/"},"author":{"name":"adportte","@id":"https:\/\/porttecafe.com\/blog\/#\/schema\/person\/194078094fb4a902e3e0cfcdbdb03f98"},"headline":"Brasil y la deforestaci\u00f3n por el caf\u00e9","datePublished":"2014-06-17T03:03:54+00:00","mainEntityOfPage":{"@id":"https:\/\/porttecafe.com\/blog\/brasil-y-la-deforestacion-por-el-cafe\/"},"wordCount":422,"publisher":{"@id":"https:\/\/porttecafe.com\/blog\/#organization"},"image":{"@id":"https:\/\/porttecafe.com\/blog\/brasil-y-la-deforestacion-por-el-cafe\/#primaryimage"},"thumbnailUrl":"http:\/\/porttecafe.com\/blog\/wp-content\/uploads\/2014\/06\/tomandocafe-198x300.jpg","keywords":["cafe","cafe en brasil","maquinas","renta de cafe","servicio de cafe"],"articleSection":["Barra de caf\u00e9","historia del caf\u00e9","Maquinas de cafe"],"inLanguage":"es"},{"@type":"WebPage","@id":"https:\/\/porttecafe.com\/blog\/brasil-y-la-deforestacion-por-el-cafe\/","url":"https:\/\/porttecafe.com\/blog\/brasil-y-la-deforestacion-por-el-cafe\/","name":"Brasil y la deforestaci\u00f3n por el caf\u00e9 - Portte cafe","isPartOf":{"@id":"https:\/\/porttecafe.com\/blog\/#website"},"primaryImageOfPage":{"@id":"https:\/\/porttecafe.com\/blog\/brasil-y-la-deforestacion-por-el-cafe\/#primaryimage"},"image":{"@id":"https:\/\/porttecafe.com\/blog\/brasil-y-la-deforestacion-por-el-cafe\/#primaryimage"},"thumbnailUrl":"http:\/\/porttecafe.com\/blog\/wp-content\/uploads\/2014\/06\/tomandocafe-198x300.jpg","datePublished":"2014-06-17T03:03:54+00:00","breadcrumb":{"@id":"https:\/\/porttecafe.com\/blog\/brasil-y-la-deforestacion-por-el-cafe\/#breadcrumb"},"inLanguage":"es","potentialAction":[{"@type":"ReadAction","target":["https:\/\/porttecafe.com\/blog\/brasil-y-la-deforestacion-por-el-cafe\/"]}]},{"@type":"ImageObject","inLanguage":"es","@id":"https:\/\/porttecafe.com\/blog\/brasil-y-la-deforestacion-por-el-cafe\/#primaryimage","url":"http:\/\/porttecafe.com\/blog\/wp-content\/uploads\/2014\/06\/tomandocafe-198x300.jpg","contentUrl":"http:\/\/porttecafe.com\/blog\/wp-content\/uploads\/2014\/06\/tomandocafe-198x300.jpg"},{"@type":"BreadcrumbList","@id":"https:\/\/porttecafe.com\/blog\/brasil-y-la-deforestacion-por-el-cafe\/#breadcrumb","itemListElement":[{"@type":"ListItem","position":1,"name":"Portada","item":"https:\/\/porttecafe.com\/blog\/"},{"@type":"ListItem","position":2,"name":"Brasil y la deforestaci\u00f3n por el caf\u00e9"}]},{"@type":"WebSite","@id":"https:\/\/porttecafe.com\/blog\/#website","url":"https:\/\/porttecafe.com\/blog\/","name":"Portte cafe","description":"Servicio de m\u00e1quinas de cafe","publisher":{"@id":"https:\/\/porttecafe.com\/blog\/#organization"},"potentialAction":[{"@type":"SearchAction","target":{"@type":"EntryPoint","urlTemplate":"https:\/\/porttecafe.com\/blog\/?s={search_term_string}"},"query-input":{"@type":"PropertyValueSpecification","valueRequired":true,"valueName":"search_term_string"}}],"inLanguage":"es"},{"@type":"Organization","@id":"https:\/\/porttecafe.com\/blog\/#organization","name":"Portte cafe","url":"https:\/\/porttecafe.com\/blog\/","logo":{"@type":"ImageObject","inLanguage":"es","@id":"https:\/\/porttecafe.com\/blog\/#\/schema\/logo\/image\/","url":"http:\/\/porttecafe.com\/blog\/wp-content\/uploads\/2023\/01\/logo-oscuro.png","contentUrl":"http:\/\/porttecafe.com\/blog\/wp-content\/uploads\/2023\/01\/logo-oscuro.png","width":493,"height":200,"caption":"Portte cafe"},"image":{"@id":"https:\/\/porttecafe.com\/blog\/#\/schema\/logo\/image\/"},"sameAs":["https:\/\/www.facebook.com\/porttecafe\/","https:\/\/x.com\/Porttecafe","https:\/\/www.youtube.com\/user\/porttecafe","https:\/\/www.instagram.com\/porttecafe\/"]},{"@type":"Person","@id":"https:\/\/porttecafe.com\/blog\/#\/schema\/person\/194078094fb4a902e3e0cfcdbdb03f98","name":"adportte","image":{"@type":"ImageObject","inLanguage":"es","@id":"https:\/\/porttecafe.com\/blog\/#\/schema\/person\/image\/","url":"https:\/\/secure.gravatar.com\/avatar\/3662341f7d8cdc5668deaa89323e7ee1?s=96&d=mm&r=g","contentUrl":"https:\/\/secure.gravatar.com\/avatar\/3662341f7d8cdc5668deaa89323e7ee1?s=96&d=mm&r=g","caption":"adportte"},"url":"https:\/\/porttecafe.com\/blog\/author\/adportte\/"}]}},"_links":{"self":[{"href":"https:\/\/porttecafe.com\/blog\/wp-json\/wp\/v2\/posts\/124","targetHints":{"allow":["GET"]}}],"collection":[{"href":"https:\/\/porttecafe.com\/blog\/wp-json\/wp\/v2\/posts"}],"about":[{"href":"https:\/\/porttecafe.com\/blog\/wp-json\/wp\/v2\/types\/post"}],"author":[{"embeddable":true,"href":"https:\/\/porttecafe.com\/blog\/wp-json\/wp\/v2\/users\/1"}],"replies":[{"embeddable":true,"href":"https:\/\/porttecafe.com\/blog\/wp-json\/wp\/v2\/comments?post=124"}],"version-history":[{"count":0,"href":"https:\/\/porttecafe.com\/blog\/wp-json\/wp\/v2\/posts\/124\/revisions"}],"wp:attachment":[{"href":"https:\/\/porttecafe.com\/blog\/wp-json\/wp\/v2\/media?parent=124"}],"wp:term":[{"taxonomy":"category","embeddable":true,"href":"https:\/\/porttecafe.com\/blog\/wp-json\/wp\/v2\/categories?post=124"},{"taxonomy":"post_tag","embeddable":true,"href":"https:\/\/porttecafe.com\/blog\/wp-json\/wp\/v2\/tags?post=124"}],"curies":[{"name":"wp","href":"https:\/\/api.w.org\/{rel}","templated":true}]}}