{"id":133,"date":"2014-07-02T19:59:02","date_gmt":"2014-07-03T00:59:02","guid":{"rendered":"http:\/\/porttecafe.com\/blog\/?p=133"},"modified":"2014-07-02T19:59:02","modified_gmt":"2014-07-03T00:59:02","slug":"cosechando-cafe-en-brasil","status":"publish","type":"post","link":"https:\/\/porttecafe.com\/blog\/cosechando-cafe-en-brasil\/","title":{"rendered":"Cosechando caf\u00e9 en Brasil"},"content":{"rendered":"<div style=\"padding-bottom:20px; padding-top:10px;\" class=\"hupso-share-buttons\"><!-- Hupso Share Buttons - http:\/\/www.hupso.com\/share\/ --><a class=\"hupso_counters\" href=\"http:\/\/www.hupso.com\/share\/\"><img decoding=\"async\" src=\"https:\/\/static.hupso.com\/share\/buttons\/lang\/es\/share-small.png\" style=\"border:0px; padding-top:2px; float:left;\" alt=\"Share Button\"\/><\/a><script type=\"text\/javascript\">var hupso_services_c=new Array(\"twitter\",\"facebook_like\",\"facebook_send\",\"google\",\"pinterest\",\"linkedin\");var hupso_counters_lang = \"es_LA\";var hupso_image_folder_url = \"\";var hupso_url_c=\"\";var hupso_title_c=\"Cosechando caf\u00e9 en Brasil\";<\/script><script type=\"text\/javascript\" src=\"https:\/\/static.hupso.com\/share\/js\/counters.js\"><\/script><!-- Hupso Share Buttons --><\/div><p><a href=\"http:\/\/porttecafe.com\/blog\/wp-content\/uploads\/2014\/07\/sonrisa.jpg\"><img loading=\"lazy\" decoding=\"async\" class=\"size-medium wp-image-134 alignleft\" src=\"http:\/\/porttecafe.com\/blog\/wp-content\/uploads\/2014\/07\/sonrisa-300x199.jpg\" alt=\"sonrisa-cafe\" width=\"300\" height=\"199\" \/><\/a>En la \u00e9poca de furor de siembra de caf\u00e9 en Brasil, los \u00e1rboles de dicha planta sol\u00edan tener una duraci\u00f3n de 15 a\u00f1os aunque hay casos en los que podr\u00edan llegar a durar hasta 20 a\u00f1os o 30. Una vez que los \u00e1rboles estaban viejo y no ten\u00edan m\u00e1s capacidad de producci\u00f3n de caf\u00e9 se sol\u00edan derribar. En general, dependiendo de la variedad de las plantas sembradas y las condiciones de siembra, se pod\u00eda llegar a cosechar hasta 5 libras de frutos por cada \u00e1rbol para al final conseguir una libra de bayas de caf\u00e9 secas \u00fatiles.<\/p>\n<p>Los agricultores de caf\u00e9 prueban la baya del caf\u00e9 exprimi\u00e9ndola con los dedos \u00edndice y pulgar, si la semilla se exprime f\u00e1cilmente significa que est\u00e1 madura, mientras lo que queda en la mano, la c\u00e1scara roja con un poco carne, por s\u00ed llamarla, se le llama pulpa.<\/p>\n<p>Dentro de lo que queda despu\u00e9s de ser exprimido son las semillas que se encuentra cubiertas por una capa de un tono plateado.<\/p>\n<p>Le m\u00e9todo tradicional para remover el grano, conocido como el m\u00e9todo de secado, contin\u00faa siendo el medio m\u00e1s utilizado para procesar el caf\u00e9 Brasile\u00f1o.<\/p>\n<p>Ambas, tanto las bayas maduras como las no maduras son arrancadas de las ramas de los \u00e1rboles y colocadas en grandes carpetas en el suelo, luego son extendidas para ser secadas al sol en grandes patios. Deben de ser volteadas varias veces al d\u00eda para que el secado sea homog\u00e9neo y luego durante la noche deben de ser cubiertas para protegerlas de la humedad y nuevamente son espaciadas durante el d\u00eda para que se sigan secando. Si las bayas de caf\u00e9 no son esparcidas adecuadamente o llegan a quedar encimadas es posible que se fermenten dentro de la c\u00e1scara dando como resultado un sabor desagradable. Cuando la c\u00e1scara est\u00e1 dura y con un tono oscuro casi negro, son golpeadas para que se cuartee y se desprenda. En los primeros d\u00edas cuando se iniciaba la producci\u00f3n de caf\u00e9, se acostumbraba a dejar el caf\u00e9 cubierto por un tipo pergamino para su posterior exportaci\u00f3n, pero llegado el siglo XIX se comenzaron a emplear m\u00e1quinas para quitar la c\u00e1scara y realizar todas estas actividades.<\/p>\n<p>Este m\u00e9todo por lo general daba pobres resultados sobre todo en las \u00e1reas de R\u00edo. Ya que las bayas maduras y las que no eran peladas de igual manera loque hac\u00ed que el sabor del caf\u00e9 no fuera tan bueno. Los granos de caf\u00e9 deben de permanecer en el suelo demasiado tiempo lo que tambi\u00e9n afectaba de diferentes maneras el sabor final del producto. Aunque hab\u00edan algunas variedades de caf\u00e9 que eran cosechados a mano de manera cuidadosa y separado meticulosamente no eran la mayor\u00eda, a esta variedad se le conoc\u00eda como Golden R\u00edo.<\/p>\n<p>Portte cafe, maquinas de cafe, servicio de coffee break y barra de cafe<\/p>\n","protected":false},"excerpt":{"rendered":"<p>En la \u00e9poca de furor de siembra de caf\u00e9 en Brasil, los \u00e1rboles de dicha planta sol\u00edan tener una duraci\u00f3n de 15 a\u00f1os aunque hay casos en los que podr\u00edan llegar a durar hasta 20 a\u00f1os o 30. Una vez &hellip; <a href=\"https:\/\/porttecafe.com\/blog\/cosechando-cafe-en-brasil\/\">Continue reading <span class=\"meta-nav\">&rarr;<\/span><\/a><\/p>\n","protected":false},"author":1,"featured_media":0,"comment_status":"closed","ping_status":"open","sticky":false,"template":"","format":"standard","meta":{"footnotes":""},"categories":[2,5],"tags":[16,28,39,91],"class_list":["post-133","post","type-post","status-publish","format-standard","hentry","category-barra-de-cafe","category-historia-del-cafe","tag-barra-de-cafe-2","tag-cafe","tag-cafe-en-brasil","tag-grano-de-cafe"],"yoast_head":"<!-- This site is optimized with the Yoast SEO plugin v26.8 - https:\/\/yoast.com\/product\/yoast-seo-wordpress\/ -->\n<title>Cosechando caf\u00e9 en Brasil - Portte cafe<\/title>\n<meta name=\"robots\" content=\"index, follow, max-snippet:-1, max-image-preview:large, max-video-preview:-1\" \/>\n<link rel=\"canonical\" href=\"https:\/\/porttecafe.com\/blog\/cosechando-cafe-en-brasil\/\" \/>\n<meta property=\"og:locale\" content=\"es_ES\" \/>\n<meta property=\"og:type\" content=\"article\" \/>\n<meta property=\"og:title\" content=\"Cosechando caf\u00e9 en Brasil - Portte cafe\" \/>\n<meta property=\"og:description\" content=\"En la \u00e9poca de furor de siembra de caf\u00e9 en Brasil, los \u00e1rboles de dicha planta sol\u00edan tener una duraci\u00f3n de 15 a\u00f1os aunque hay casos en los que podr\u00edan llegar a durar hasta 20 a\u00f1os o 30. Una vez &hellip; Continue reading &rarr;\" \/>\n<meta property=\"og:url\" content=\"https:\/\/porttecafe.com\/blog\/cosechando-cafe-en-brasil\/\" \/>\n<meta property=\"og:site_name\" content=\"Portte cafe\" \/>\n<meta property=\"article:publisher\" content=\"https:\/\/www.facebook.com\/porttecafe\/\" \/>\n<meta property=\"article:published_time\" content=\"2014-07-03T00:59:02+00:00\" \/>\n<meta property=\"og:image\" content=\"http:\/\/porttecafe.com\/blog\/wp-content\/uploads\/2014\/07\/sonrisa-300x199.jpg\" \/>\n<meta name=\"author\" content=\"adportte\" \/>\n<meta name=\"twitter:card\" content=\"summary_large_image\" \/>\n<meta name=\"twitter:creator\" content=\"@Porttecafe\" \/>\n<meta name=\"twitter:site\" content=\"@Porttecafe\" \/>\n<meta name=\"twitter:label1\" content=\"Escrito por\" \/>\n\t<meta name=\"twitter:data1\" content=\"adportte\" \/>\n\t<meta name=\"twitter:label2\" content=\"Tiempo de lectura\" \/>\n\t<meta name=\"twitter:data2\" content=\"3 minutos\" \/>\n<script type=\"application\/ld+json\" class=\"yoast-schema-graph\">{\"@context\":\"https:\/\/schema.org\",\"@graph\":[{\"@type\":\"Article\",\"@id\":\"https:\/\/porttecafe.com\/blog\/cosechando-cafe-en-brasil\/#article\",\"isPartOf\":{\"@id\":\"https:\/\/porttecafe.com\/blog\/cosechando-cafe-en-brasil\/\"},\"author\":{\"name\":\"adportte\",\"@id\":\"https:\/\/porttecafe.com\/blog\/#\/schema\/person\/194078094fb4a902e3e0cfcdbdb03f98\"},\"headline\":\"Cosechando caf\u00e9 en Brasil\",\"datePublished\":\"2014-07-03T00:59:02+00:00\",\"mainEntityOfPage\":{\"@id\":\"https:\/\/porttecafe.com\/blog\/cosechando-cafe-en-brasil\/\"},\"wordCount\":505,\"publisher\":{\"@id\":\"https:\/\/porttecafe.com\/blog\/#organization\"},\"image\":{\"@id\":\"https:\/\/porttecafe.com\/blog\/cosechando-cafe-en-brasil\/#primaryimage\"},\"thumbnailUrl\":\"http:\/\/porttecafe.com\/blog\/wp-content\/uploads\/2014\/07\/sonrisa-300x199.jpg\",\"keywords\":[\"barra de caf\u00e9\",\"cafe\",\"cafe en brasil\",\"grano de cafe\"],\"articleSection\":[\"Barra de caf\u00e9\",\"historia del caf\u00e9\"],\"inLanguage\":\"es\"},{\"@type\":\"WebPage\",\"@id\":\"https:\/\/porttecafe.com\/blog\/cosechando-cafe-en-brasil\/\",\"url\":\"https:\/\/porttecafe.com\/blog\/cosechando-cafe-en-brasil\/\",\"name\":\"Cosechando caf\u00e9 en Brasil - Portte cafe\",\"isPartOf\":{\"@id\":\"https:\/\/porttecafe.com\/blog\/#website\"},\"primaryImageOfPage\":{\"@id\":\"https:\/\/porttecafe.com\/blog\/cosechando-cafe-en-brasil\/#primaryimage\"},\"image\":{\"@id\":\"https:\/\/porttecafe.com\/blog\/cosechando-cafe-en-brasil\/#primaryimage\"},\"thumbnailUrl\":\"http:\/\/porttecafe.com\/blog\/wp-content\/uploads\/2014\/07\/sonrisa-300x199.jpg\",\"datePublished\":\"2014-07-03T00:59:02+00:00\",\"breadcrumb\":{\"@id\":\"https:\/\/porttecafe.com\/blog\/cosechando-cafe-en-brasil\/#breadcrumb\"},\"inLanguage\":\"es\",\"potentialAction\":[{\"@type\":\"ReadAction\",\"target\":[\"https:\/\/porttecafe.com\/blog\/cosechando-cafe-en-brasil\/\"]}]},{\"@type\":\"ImageObject\",\"inLanguage\":\"es\",\"@id\":\"https:\/\/porttecafe.com\/blog\/cosechando-cafe-en-brasil\/#primaryimage\",\"url\":\"http:\/\/porttecafe.com\/blog\/wp-content\/uploads\/2014\/07\/sonrisa-300x199.jpg\",\"contentUrl\":\"http:\/\/porttecafe.com\/blog\/wp-content\/uploads\/2014\/07\/sonrisa-300x199.jpg\"},{\"@type\":\"BreadcrumbList\",\"@id\":\"https:\/\/porttecafe.com\/blog\/cosechando-cafe-en-brasil\/#breadcrumb\",\"itemListElement\":[{\"@type\":\"ListItem\",\"position\":1,\"name\":\"Portada\",\"item\":\"https:\/\/porttecafe.com\/blog\/\"},{\"@type\":\"ListItem\",\"position\":2,\"name\":\"Cosechando caf\u00e9 en Brasil\"}]},{\"@type\":\"WebSite\",\"@id\":\"https:\/\/porttecafe.com\/blog\/#website\",\"url\":\"https:\/\/porttecafe.com\/blog\/\",\"name\":\"Portte cafe\",\"description\":\"Servicio de m\u00e1quinas de cafe\",\"publisher\":{\"@id\":\"https:\/\/porttecafe.com\/blog\/#organization\"},\"potentialAction\":[{\"@type\":\"SearchAction\",\"target\":{\"@type\":\"EntryPoint\",\"urlTemplate\":\"https:\/\/porttecafe.com\/blog\/?s={search_term_string}\"},\"query-input\":{\"@type\":\"PropertyValueSpecification\",\"valueRequired\":true,\"valueName\":\"search_term_string\"}}],\"inLanguage\":\"es\"},{\"@type\":\"Organization\",\"@id\":\"https:\/\/porttecafe.com\/blog\/#organization\",\"name\":\"Portte cafe\",\"url\":\"https:\/\/porttecafe.com\/blog\/\",\"logo\":{\"@type\":\"ImageObject\",\"inLanguage\":\"es\",\"@id\":\"https:\/\/porttecafe.com\/blog\/#\/schema\/logo\/image\/\",\"url\":\"http:\/\/porttecafe.com\/blog\/wp-content\/uploads\/2023\/01\/logo-oscuro.png\",\"contentUrl\":\"http:\/\/porttecafe.com\/blog\/wp-content\/uploads\/2023\/01\/logo-oscuro.png\",\"width\":493,\"height\":200,\"caption\":\"Portte cafe\"},\"image\":{\"@id\":\"https:\/\/porttecafe.com\/blog\/#\/schema\/logo\/image\/\"},\"sameAs\":[\"https:\/\/www.facebook.com\/porttecafe\/\",\"https:\/\/x.com\/Porttecafe\",\"https:\/\/www.youtube.com\/user\/porttecafe\",\"https:\/\/www.instagram.com\/porttecafe\/\"]},{\"@type\":\"Person\",\"@id\":\"https:\/\/porttecafe.com\/blog\/#\/schema\/person\/194078094fb4a902e3e0cfcdbdb03f98\",\"name\":\"adportte\",\"image\":{\"@type\":\"ImageObject\",\"inLanguage\":\"es\",\"@id\":\"https:\/\/porttecafe.com\/blog\/#\/schema\/person\/image\/\",\"url\":\"https:\/\/secure.gravatar.com\/avatar\/3662341f7d8cdc5668deaa89323e7ee1?s=96&d=mm&r=g\",\"contentUrl\":\"https:\/\/secure.gravatar.com\/avatar\/3662341f7d8cdc5668deaa89323e7ee1?s=96&d=mm&r=g\",\"caption\":\"adportte\"},\"url\":\"https:\/\/porttecafe.com\/blog\/author\/adportte\/\"}]}<\/script>\n<!-- \/ Yoast SEO plugin. -->","yoast_head_json":{"title":"Cosechando caf\u00e9 en Brasil - Portte cafe","robots":{"index":"index","follow":"follow","max-snippet":"max-snippet:-1","max-image-preview":"max-image-preview:large","max-video-preview":"max-video-preview:-1"},"canonical":"https:\/\/porttecafe.com\/blog\/cosechando-cafe-en-brasil\/","og_locale":"es_ES","og_type":"article","og_title":"Cosechando caf\u00e9 en Brasil - Portte cafe","og_description":"En la \u00e9poca de furor de siembra de caf\u00e9 en Brasil, los \u00e1rboles de dicha planta sol\u00edan tener una duraci\u00f3n de 15 a\u00f1os aunque hay casos en los que podr\u00edan llegar a durar hasta 20 a\u00f1os o 30. Una vez &hellip; Continue reading &rarr;","og_url":"https:\/\/porttecafe.com\/blog\/cosechando-cafe-en-brasil\/","og_site_name":"Portte cafe","article_publisher":"https:\/\/www.facebook.com\/porttecafe\/","article_published_time":"2014-07-03T00:59:02+00:00","og_image":[{"url":"http:\/\/porttecafe.com\/blog\/wp-content\/uploads\/2014\/07\/sonrisa-300x199.jpg","type":"","width":"","height":""}],"author":"adportte","twitter_card":"summary_large_image","twitter_creator":"@Porttecafe","twitter_site":"@Porttecafe","twitter_misc":{"Escrito por":"adportte","Tiempo de lectura":"3 minutos"},"schema":{"@context":"https:\/\/schema.org","@graph":[{"@type":"Article","@id":"https:\/\/porttecafe.com\/blog\/cosechando-cafe-en-brasil\/#article","isPartOf":{"@id":"https:\/\/porttecafe.com\/blog\/cosechando-cafe-en-brasil\/"},"author":{"name":"adportte","@id":"https:\/\/porttecafe.com\/blog\/#\/schema\/person\/194078094fb4a902e3e0cfcdbdb03f98"},"headline":"Cosechando caf\u00e9 en Brasil","datePublished":"2014-07-03T00:59:02+00:00","mainEntityOfPage":{"@id":"https:\/\/porttecafe.com\/blog\/cosechando-cafe-en-brasil\/"},"wordCount":505,"publisher":{"@id":"https:\/\/porttecafe.com\/blog\/#organization"},"image":{"@id":"https:\/\/porttecafe.com\/blog\/cosechando-cafe-en-brasil\/#primaryimage"},"thumbnailUrl":"http:\/\/porttecafe.com\/blog\/wp-content\/uploads\/2014\/07\/sonrisa-300x199.jpg","keywords":["barra de caf\u00e9","cafe","cafe en brasil","grano de cafe"],"articleSection":["Barra de caf\u00e9","historia del caf\u00e9"],"inLanguage":"es"},{"@type":"WebPage","@id":"https:\/\/porttecafe.com\/blog\/cosechando-cafe-en-brasil\/","url":"https:\/\/porttecafe.com\/blog\/cosechando-cafe-en-brasil\/","name":"Cosechando caf\u00e9 en Brasil - Portte cafe","isPartOf":{"@id":"https:\/\/porttecafe.com\/blog\/#website"},"primaryImageOfPage":{"@id":"https:\/\/porttecafe.com\/blog\/cosechando-cafe-en-brasil\/#primaryimage"},"image":{"@id":"https:\/\/porttecafe.com\/blog\/cosechando-cafe-en-brasil\/#primaryimage"},"thumbnailUrl":"http:\/\/porttecafe.com\/blog\/wp-content\/uploads\/2014\/07\/sonrisa-300x199.jpg","datePublished":"2014-07-03T00:59:02+00:00","breadcrumb":{"@id":"https:\/\/porttecafe.com\/blog\/cosechando-cafe-en-brasil\/#breadcrumb"},"inLanguage":"es","potentialAction":[{"@type":"ReadAction","target":["https:\/\/porttecafe.com\/blog\/cosechando-cafe-en-brasil\/"]}]},{"@type":"ImageObject","inLanguage":"es","@id":"https:\/\/porttecafe.com\/blog\/cosechando-cafe-en-brasil\/#primaryimage","url":"http:\/\/porttecafe.com\/blog\/wp-content\/uploads\/2014\/07\/sonrisa-300x199.jpg","contentUrl":"http:\/\/porttecafe.com\/blog\/wp-content\/uploads\/2014\/07\/sonrisa-300x199.jpg"},{"@type":"BreadcrumbList","@id":"https:\/\/porttecafe.com\/blog\/cosechando-cafe-en-brasil\/#breadcrumb","itemListElement":[{"@type":"ListItem","position":1,"name":"Portada","item":"https:\/\/porttecafe.com\/blog\/"},{"@type":"ListItem","position":2,"name":"Cosechando caf\u00e9 en Brasil"}]},{"@type":"WebSite","@id":"https:\/\/porttecafe.com\/blog\/#website","url":"https:\/\/porttecafe.com\/blog\/","name":"Portte cafe","description":"Servicio de m\u00e1quinas de cafe","publisher":{"@id":"https:\/\/porttecafe.com\/blog\/#organization"},"potentialAction":[{"@type":"SearchAction","target":{"@type":"EntryPoint","urlTemplate":"https:\/\/porttecafe.com\/blog\/?s={search_term_string}"},"query-input":{"@type":"PropertyValueSpecification","valueRequired":true,"valueName":"search_term_string"}}],"inLanguage":"es"},{"@type":"Organization","@id":"https:\/\/porttecafe.com\/blog\/#organization","name":"Portte cafe","url":"https:\/\/porttecafe.com\/blog\/","logo":{"@type":"ImageObject","inLanguage":"es","@id":"https:\/\/porttecafe.com\/blog\/#\/schema\/logo\/image\/","url":"http:\/\/porttecafe.com\/blog\/wp-content\/uploads\/2023\/01\/logo-oscuro.png","contentUrl":"http:\/\/porttecafe.com\/blog\/wp-content\/uploads\/2023\/01\/logo-oscuro.png","width":493,"height":200,"caption":"Portte cafe"},"image":{"@id":"https:\/\/porttecafe.com\/blog\/#\/schema\/logo\/image\/"},"sameAs":["https:\/\/www.facebook.com\/porttecafe\/","https:\/\/x.com\/Porttecafe","https:\/\/www.youtube.com\/user\/porttecafe","https:\/\/www.instagram.com\/porttecafe\/"]},{"@type":"Person","@id":"https:\/\/porttecafe.com\/blog\/#\/schema\/person\/194078094fb4a902e3e0cfcdbdb03f98","name":"adportte","image":{"@type":"ImageObject","inLanguage":"es","@id":"https:\/\/porttecafe.com\/blog\/#\/schema\/person\/image\/","url":"https:\/\/secure.gravatar.com\/avatar\/3662341f7d8cdc5668deaa89323e7ee1?s=96&d=mm&r=g","contentUrl":"https:\/\/secure.gravatar.com\/avatar\/3662341f7d8cdc5668deaa89323e7ee1?s=96&d=mm&r=g","caption":"adportte"},"url":"https:\/\/porttecafe.com\/blog\/author\/adportte\/"}]}},"_links":{"self":[{"href":"https:\/\/porttecafe.com\/blog\/wp-json\/wp\/v2\/posts\/133","targetHints":{"allow":["GET"]}}],"collection":[{"href":"https:\/\/porttecafe.com\/blog\/wp-json\/wp\/v2\/posts"}],"about":[{"href":"https:\/\/porttecafe.com\/blog\/wp-json\/wp\/v2\/types\/post"}],"author":[{"embeddable":true,"href":"https:\/\/porttecafe.com\/blog\/wp-json\/wp\/v2\/users\/1"}],"replies":[{"embeddable":true,"href":"https:\/\/porttecafe.com\/blog\/wp-json\/wp\/v2\/comments?post=133"}],"version-history":[{"count":0,"href":"https:\/\/porttecafe.com\/blog\/wp-json\/wp\/v2\/posts\/133\/revisions"}],"wp:attachment":[{"href":"https:\/\/porttecafe.com\/blog\/wp-json\/wp\/v2\/media?parent=133"}],"wp:term":[{"taxonomy":"category","embeddable":true,"href":"https:\/\/porttecafe.com\/blog\/wp-json\/wp\/v2\/categories?post=133"},{"taxonomy":"post_tag","embeddable":true,"href":"https:\/\/porttecafe.com\/blog\/wp-json\/wp\/v2\/tags?post=133"}],"curies":[{"name":"wp","href":"https:\/\/api.w.org\/{rel}","templated":true}]}}