{"id":137,"date":"2014-07-10T22:08:12","date_gmt":"2014-07-11T03:08:12","guid":{"rendered":"http:\/\/porttecafe.com\/blog\/?p=137"},"modified":"2014-07-10T22:08:12","modified_gmt":"2014-07-11T03:08:12","slug":"de-los-esclavos-a-los-colonos-del-cafe-en-brasil","status":"publish","type":"post","link":"https:\/\/porttecafe.com\/blog\/de-los-esclavos-a-los-colonos-del-cafe-en-brasil\/","title":{"rendered":"De los esclavos a los colonos del caf\u00e9 en brasil"},"content":{"rendered":"<div style=\"padding-bottom:20px; padding-top:10px;\" class=\"hupso-share-buttons\"><!-- Hupso Share Buttons - http:\/\/www.hupso.com\/share\/ --><a class=\"hupso_counters\" href=\"http:\/\/www.hupso.com\/share\/\"><img decoding=\"async\" src=\"https:\/\/static.hupso.com\/share\/buttons\/lang\/es\/share-small.png\" style=\"border:0px; padding-top:2px; float:left;\" alt=\"Share Button\"\/><\/a><script type=\"text\/javascript\">var hupso_services_c=new Array(\"twitter\",\"facebook_like\",\"facebook_send\",\"google\",\"pinterest\",\"linkedin\");var hupso_counters_lang = \"es_LA\";var hupso_image_folder_url = \"\";var hupso_url_c=\"\";var hupso_title_c=\"De los esclavos a los colonos del caf\u00e9 en brasil\";<\/script><script type=\"text\/javascript\" src=\"https:\/\/static.hupso.com\/share\/js\/counters.js\"><\/script><!-- Hupso Share Buttons --><\/div><p><a href=\"http:\/\/porttecafe.com\/blog\/wp-content\/uploads\/2014\/07\/taza-coqueta.jpg\"><img loading=\"lazy\" decoding=\"async\" class=\"size-medium wp-image-138 alignleft\" src=\"http:\/\/porttecafe.com\/blog\/wp-content\/uploads\/2014\/07\/taza-coqueta-300x199.jpg\" alt=\"taza-coqueta\" width=\"300\" height=\"199\" \/><\/a>A finales del siglo XIX las tierras de cultivo de caf\u00e9 estaban muriendo. La regi\u00f3n de Rio estaba siendo devastada por una planta cuya forma destructiva de cultivo dejaba el bosque rasurado, las reservas naturales exhaustas. Como resultado las zona principales de siembra de caf\u00e9 se movieron hacia el oeste hacia las regiones de Sao Paulo, lugar que se habr\u00eda de convertir en la maquinaria productiva para la industria del caf\u00e9 Brasile\u00f1o.<\/p>\n<p>Con precios que constantemente se estaba incrementando durante los a\u00f1os de 1860 y 1870, parec\u00eda una buena forma para los ricos de asegurar su posici\u00f3n econ\u00f3mica. En 1867 el primer v\u00eda ferroviaria hacia un sembrad\u00edo de caf\u00e9 fue terminada. En 1870 los nuevos hombres involucrados en la venta de caf\u00e9, los llamados Paulistas de Sao Paulo, presionaron para implementar mayor tecnolog\u00eda y generar m\u00e1s innovaciones en el \u00e1rea primordialmente para impulsar de manera m\u00e1s agresiva la producci\u00f3n y venta de la popular semilla.<\/p>\n<p>En 1874 el nuevo cable submarino facilit\u00f3 la comunicaci\u00f3n con Europa y para los siguientes 29 a\u00f1os el 29% de los barcos que arribaban a Brasil eran impulsados por vapor m\u00e1s que por vela.<\/p>\n<p>En 1874 solo exist\u00edan 800 millas de caminos pero para 1889 ya hab\u00edan 6000 millas. Las rutas por lo general corr\u00edan desde los sembrad\u00edos de caf\u00e9 hasta los puertos de Santos o Rio directamente. Estos caminos que se construyeron, en realidad no intercomunicaban regiones internas del pa\u00eds, en realidad eran exclusivamente para acelerar los embarques al extranjero, lo que generaba una fuerte dependencia del comercio con el exterior.<\/p>\n<p>Despu\u00e9s de 1850 con la prohibici\u00f3n de la importaci\u00f3n de esclavos, los productores de caf\u00e9 experimentaron con esquemas laborales alternativos. Al principio pagaron por el transporte de inmigrantes europeos. Se les proporcionaba una casa y se les asignaban un n\u00famero espec\u00edfico de \u00e1rboles de caf\u00e9 para plantar, cuidar y cosechar junto con una porci\u00f3n de tierra de tal manera que pudieran sembrar y producir su propia comida. Al final del d\u00eda nada de esto era gratis ya que los inmigrantes incurr\u00edan en costos por transportar lo que cosechaban y terminaba teniendo un gran deuda lo que en realidad se traduc\u00eda en una nueva forma de esclavitud, ya que no pod\u00edan abandonar la plantaci\u00f3n a la que pertenec\u00edan hasta que pagara completamente su deuda, lo que por lo general les tomaba a\u00f1os. Por lo anterior no fue sorpresa la revuelta de trabajadores Alemanes y Suizos en 1856.<\/p>\n<p>Portte cafe, renta de maquinas de cafe, servicio de barra de cafe y coffee break<\/p>\n","protected":false},"excerpt":{"rendered":"<p>A finales del siglo XIX las tierras de cultivo de caf\u00e9 estaban muriendo. La regi\u00f3n de Rio estaba siendo devastada por una planta cuya forma destructiva de cultivo dejaba el bosque rasurado, las reservas naturales exhaustas. Como resultado las zona &hellip; <a href=\"https:\/\/porttecafe.com\/blog\/de-los-esclavos-a-los-colonos-del-cafe-en-brasil\/\">Continue reading <span class=\"meta-nav\">&rarr;<\/span><\/a><\/p>\n","protected":false},"author":1,"featured_media":0,"comment_status":"closed","ping_status":"open","sticky":false,"template":"","format":"standard","meta":{"footnotes":""},"categories":[5],"tags":[16,33,74,122],"class_list":["post-137","post","type-post","status-publish","format-standard","hentry","category-historia-del-cafe","tag-barra-de-cafe-2","tag-cafe-de-brasil","tag-cosecha-de-cafe","tag-maquinas-de-cafe-2"],"yoast_head":"<!-- This site is optimized with the Yoast SEO plugin v26.8 - https:\/\/yoast.com\/product\/yoast-seo-wordpress\/ -->\n<title>De los esclavos a los colonos del caf\u00e9 en brasil - Portte cafe<\/title>\n<meta name=\"robots\" content=\"index, follow, max-snippet:-1, max-image-preview:large, max-video-preview:-1\" \/>\n<link rel=\"canonical\" href=\"https:\/\/porttecafe.com\/blog\/de-los-esclavos-a-los-colonos-del-cafe-en-brasil\/\" \/>\n<meta property=\"og:locale\" content=\"es_ES\" \/>\n<meta property=\"og:type\" content=\"article\" \/>\n<meta property=\"og:title\" content=\"De los esclavos a los colonos del caf\u00e9 en brasil - Portte cafe\" \/>\n<meta property=\"og:description\" content=\"A finales del siglo XIX las tierras de cultivo de caf\u00e9 estaban muriendo. La regi\u00f3n de Rio estaba siendo devastada por una planta cuya forma destructiva de cultivo dejaba el bosque rasurado, las reservas naturales exhaustas. Como resultado las zona &hellip; Continue reading &rarr;\" \/>\n<meta property=\"og:url\" content=\"https:\/\/porttecafe.com\/blog\/de-los-esclavos-a-los-colonos-del-cafe-en-brasil\/\" \/>\n<meta property=\"og:site_name\" content=\"Portte cafe\" \/>\n<meta property=\"article:publisher\" content=\"https:\/\/www.facebook.com\/porttecafe\/\" \/>\n<meta property=\"article:published_time\" content=\"2014-07-11T03:08:12+00:00\" \/>\n<meta property=\"og:image\" content=\"http:\/\/porttecafe.com\/blog\/wp-content\/uploads\/2014\/07\/taza-coqueta-300x199.jpg\" \/>\n<meta name=\"author\" content=\"adportte\" \/>\n<meta name=\"twitter:card\" content=\"summary_large_image\" \/>\n<meta name=\"twitter:creator\" content=\"@Porttecafe\" \/>\n<meta name=\"twitter:site\" content=\"@Porttecafe\" \/>\n<meta name=\"twitter:label1\" content=\"Escrito por\" \/>\n\t<meta name=\"twitter:data1\" content=\"adportte\" \/>\n\t<meta name=\"twitter:label2\" content=\"Tiempo de lectura\" \/>\n\t<meta name=\"twitter:data2\" content=\"2 minutos\" \/>\n<script type=\"application\/ld+json\" class=\"yoast-schema-graph\">{\"@context\":\"https:\/\/schema.org\",\"@graph\":[{\"@type\":\"Article\",\"@id\":\"https:\/\/porttecafe.com\/blog\/de-los-esclavos-a-los-colonos-del-cafe-en-brasil\/#article\",\"isPartOf\":{\"@id\":\"https:\/\/porttecafe.com\/blog\/de-los-esclavos-a-los-colonos-del-cafe-en-brasil\/\"},\"author\":{\"name\":\"adportte\",\"@id\":\"https:\/\/porttecafe.com\/blog\/#\/schema\/person\/194078094fb4a902e3e0cfcdbdb03f98\"},\"headline\":\"De los esclavos a los colonos del caf\u00e9 en brasil\",\"datePublished\":\"2014-07-11T03:08:12+00:00\",\"mainEntityOfPage\":{\"@id\":\"https:\/\/porttecafe.com\/blog\/de-los-esclavos-a-los-colonos-del-cafe-en-brasil\/\"},\"wordCount\":449,\"publisher\":{\"@id\":\"https:\/\/porttecafe.com\/blog\/#organization\"},\"image\":{\"@id\":\"https:\/\/porttecafe.com\/blog\/de-los-esclavos-a-los-colonos-del-cafe-en-brasil\/#primaryimage\"},\"thumbnailUrl\":\"http:\/\/porttecafe.com\/blog\/wp-content\/uploads\/2014\/07\/taza-coqueta-300x199.jpg\",\"keywords\":[\"barra de caf\u00e9\",\"cafe de brasil\",\"cosecha de cafe\",\"maquinas de cafe\"],\"articleSection\":[\"historia del caf\u00e9\"],\"inLanguage\":\"es\"},{\"@type\":\"WebPage\",\"@id\":\"https:\/\/porttecafe.com\/blog\/de-los-esclavos-a-los-colonos-del-cafe-en-brasil\/\",\"url\":\"https:\/\/porttecafe.com\/blog\/de-los-esclavos-a-los-colonos-del-cafe-en-brasil\/\",\"name\":\"De los esclavos a los colonos del caf\u00e9 en brasil - Portte cafe\",\"isPartOf\":{\"@id\":\"https:\/\/porttecafe.com\/blog\/#website\"},\"primaryImageOfPage\":{\"@id\":\"https:\/\/porttecafe.com\/blog\/de-los-esclavos-a-los-colonos-del-cafe-en-brasil\/#primaryimage\"},\"image\":{\"@id\":\"https:\/\/porttecafe.com\/blog\/de-los-esclavos-a-los-colonos-del-cafe-en-brasil\/#primaryimage\"},\"thumbnailUrl\":\"http:\/\/porttecafe.com\/blog\/wp-content\/uploads\/2014\/07\/taza-coqueta-300x199.jpg\",\"datePublished\":\"2014-07-11T03:08:12+00:00\",\"breadcrumb\":{\"@id\":\"https:\/\/porttecafe.com\/blog\/de-los-esclavos-a-los-colonos-del-cafe-en-brasil\/#breadcrumb\"},\"inLanguage\":\"es\",\"potentialAction\":[{\"@type\":\"ReadAction\",\"target\":[\"https:\/\/porttecafe.com\/blog\/de-los-esclavos-a-los-colonos-del-cafe-en-brasil\/\"]}]},{\"@type\":\"ImageObject\",\"inLanguage\":\"es\",\"@id\":\"https:\/\/porttecafe.com\/blog\/de-los-esclavos-a-los-colonos-del-cafe-en-brasil\/#primaryimage\",\"url\":\"http:\/\/porttecafe.com\/blog\/wp-content\/uploads\/2014\/07\/taza-coqueta-300x199.jpg\",\"contentUrl\":\"http:\/\/porttecafe.com\/blog\/wp-content\/uploads\/2014\/07\/taza-coqueta-300x199.jpg\"},{\"@type\":\"BreadcrumbList\",\"@id\":\"https:\/\/porttecafe.com\/blog\/de-los-esclavos-a-los-colonos-del-cafe-en-brasil\/#breadcrumb\",\"itemListElement\":[{\"@type\":\"ListItem\",\"position\":1,\"name\":\"Portada\",\"item\":\"https:\/\/porttecafe.com\/blog\/\"},{\"@type\":\"ListItem\",\"position\":2,\"name\":\"De los esclavos a los colonos del caf\u00e9 en brasil\"}]},{\"@type\":\"WebSite\",\"@id\":\"https:\/\/porttecafe.com\/blog\/#website\",\"url\":\"https:\/\/porttecafe.com\/blog\/\",\"name\":\"Portte cafe\",\"description\":\"Servicio de m\u00e1quinas de cafe\",\"publisher\":{\"@id\":\"https:\/\/porttecafe.com\/blog\/#organization\"},\"potentialAction\":[{\"@type\":\"SearchAction\",\"target\":{\"@type\":\"EntryPoint\",\"urlTemplate\":\"https:\/\/porttecafe.com\/blog\/?s={search_term_string}\"},\"query-input\":{\"@type\":\"PropertyValueSpecification\",\"valueRequired\":true,\"valueName\":\"search_term_string\"}}],\"inLanguage\":\"es\"},{\"@type\":\"Organization\",\"@id\":\"https:\/\/porttecafe.com\/blog\/#organization\",\"name\":\"Portte cafe\",\"url\":\"https:\/\/porttecafe.com\/blog\/\",\"logo\":{\"@type\":\"ImageObject\",\"inLanguage\":\"es\",\"@id\":\"https:\/\/porttecafe.com\/blog\/#\/schema\/logo\/image\/\",\"url\":\"http:\/\/porttecafe.com\/blog\/wp-content\/uploads\/2023\/01\/logo-oscuro.png\",\"contentUrl\":\"http:\/\/porttecafe.com\/blog\/wp-content\/uploads\/2023\/01\/logo-oscuro.png\",\"width\":493,\"height\":200,\"caption\":\"Portte cafe\"},\"image\":{\"@id\":\"https:\/\/porttecafe.com\/blog\/#\/schema\/logo\/image\/\"},\"sameAs\":[\"https:\/\/www.facebook.com\/porttecafe\/\",\"https:\/\/x.com\/Porttecafe\",\"https:\/\/www.youtube.com\/user\/porttecafe\",\"https:\/\/www.instagram.com\/porttecafe\/\"]},{\"@type\":\"Person\",\"@id\":\"https:\/\/porttecafe.com\/blog\/#\/schema\/person\/194078094fb4a902e3e0cfcdbdb03f98\",\"name\":\"adportte\",\"image\":{\"@type\":\"ImageObject\",\"inLanguage\":\"es\",\"@id\":\"https:\/\/porttecafe.com\/blog\/#\/schema\/person\/image\/\",\"url\":\"https:\/\/secure.gravatar.com\/avatar\/3662341f7d8cdc5668deaa89323e7ee1?s=96&d=mm&r=g\",\"contentUrl\":\"https:\/\/secure.gravatar.com\/avatar\/3662341f7d8cdc5668deaa89323e7ee1?s=96&d=mm&r=g\",\"caption\":\"adportte\"},\"url\":\"https:\/\/porttecafe.com\/blog\/author\/adportte\/\"}]}<\/script>\n<!-- \/ Yoast SEO plugin. -->","yoast_head_json":{"title":"De los esclavos a los colonos del caf\u00e9 en brasil - Portte cafe","robots":{"index":"index","follow":"follow","max-snippet":"max-snippet:-1","max-image-preview":"max-image-preview:large","max-video-preview":"max-video-preview:-1"},"canonical":"https:\/\/porttecafe.com\/blog\/de-los-esclavos-a-los-colonos-del-cafe-en-brasil\/","og_locale":"es_ES","og_type":"article","og_title":"De los esclavos a los colonos del caf\u00e9 en brasil - Portte cafe","og_description":"A finales del siglo XIX las tierras de cultivo de caf\u00e9 estaban muriendo. La regi\u00f3n de Rio estaba siendo devastada por una planta cuya forma destructiva de cultivo dejaba el bosque rasurado, las reservas naturales exhaustas. Como resultado las zona &hellip; Continue reading &rarr;","og_url":"https:\/\/porttecafe.com\/blog\/de-los-esclavos-a-los-colonos-del-cafe-en-brasil\/","og_site_name":"Portte cafe","article_publisher":"https:\/\/www.facebook.com\/porttecafe\/","article_published_time":"2014-07-11T03:08:12+00:00","og_image":[{"url":"http:\/\/porttecafe.com\/blog\/wp-content\/uploads\/2014\/07\/taza-coqueta-300x199.jpg","type":"","width":"","height":""}],"author":"adportte","twitter_card":"summary_large_image","twitter_creator":"@Porttecafe","twitter_site":"@Porttecafe","twitter_misc":{"Escrito por":"adportte","Tiempo de lectura":"2 minutos"},"schema":{"@context":"https:\/\/schema.org","@graph":[{"@type":"Article","@id":"https:\/\/porttecafe.com\/blog\/de-los-esclavos-a-los-colonos-del-cafe-en-brasil\/#article","isPartOf":{"@id":"https:\/\/porttecafe.com\/blog\/de-los-esclavos-a-los-colonos-del-cafe-en-brasil\/"},"author":{"name":"adportte","@id":"https:\/\/porttecafe.com\/blog\/#\/schema\/person\/194078094fb4a902e3e0cfcdbdb03f98"},"headline":"De los esclavos a los colonos del caf\u00e9 en brasil","datePublished":"2014-07-11T03:08:12+00:00","mainEntityOfPage":{"@id":"https:\/\/porttecafe.com\/blog\/de-los-esclavos-a-los-colonos-del-cafe-en-brasil\/"},"wordCount":449,"publisher":{"@id":"https:\/\/porttecafe.com\/blog\/#organization"},"image":{"@id":"https:\/\/porttecafe.com\/blog\/de-los-esclavos-a-los-colonos-del-cafe-en-brasil\/#primaryimage"},"thumbnailUrl":"http:\/\/porttecafe.com\/blog\/wp-content\/uploads\/2014\/07\/taza-coqueta-300x199.jpg","keywords":["barra de caf\u00e9","cafe de brasil","cosecha de cafe","maquinas de cafe"],"articleSection":["historia del caf\u00e9"],"inLanguage":"es"},{"@type":"WebPage","@id":"https:\/\/porttecafe.com\/blog\/de-los-esclavos-a-los-colonos-del-cafe-en-brasil\/","url":"https:\/\/porttecafe.com\/blog\/de-los-esclavos-a-los-colonos-del-cafe-en-brasil\/","name":"De los esclavos a los colonos del caf\u00e9 en brasil - Portte cafe","isPartOf":{"@id":"https:\/\/porttecafe.com\/blog\/#website"},"primaryImageOfPage":{"@id":"https:\/\/porttecafe.com\/blog\/de-los-esclavos-a-los-colonos-del-cafe-en-brasil\/#primaryimage"},"image":{"@id":"https:\/\/porttecafe.com\/blog\/de-los-esclavos-a-los-colonos-del-cafe-en-brasil\/#primaryimage"},"thumbnailUrl":"http:\/\/porttecafe.com\/blog\/wp-content\/uploads\/2014\/07\/taza-coqueta-300x199.jpg","datePublished":"2014-07-11T03:08:12+00:00","breadcrumb":{"@id":"https:\/\/porttecafe.com\/blog\/de-los-esclavos-a-los-colonos-del-cafe-en-brasil\/#breadcrumb"},"inLanguage":"es","potentialAction":[{"@type":"ReadAction","target":["https:\/\/porttecafe.com\/blog\/de-los-esclavos-a-los-colonos-del-cafe-en-brasil\/"]}]},{"@type":"ImageObject","inLanguage":"es","@id":"https:\/\/porttecafe.com\/blog\/de-los-esclavos-a-los-colonos-del-cafe-en-brasil\/#primaryimage","url":"http:\/\/porttecafe.com\/blog\/wp-content\/uploads\/2014\/07\/taza-coqueta-300x199.jpg","contentUrl":"http:\/\/porttecafe.com\/blog\/wp-content\/uploads\/2014\/07\/taza-coqueta-300x199.jpg"},{"@type":"BreadcrumbList","@id":"https:\/\/porttecafe.com\/blog\/de-los-esclavos-a-los-colonos-del-cafe-en-brasil\/#breadcrumb","itemListElement":[{"@type":"ListItem","position":1,"name":"Portada","item":"https:\/\/porttecafe.com\/blog\/"},{"@type":"ListItem","position":2,"name":"De los esclavos a los colonos del caf\u00e9 en brasil"}]},{"@type":"WebSite","@id":"https:\/\/porttecafe.com\/blog\/#website","url":"https:\/\/porttecafe.com\/blog\/","name":"Portte cafe","description":"Servicio de m\u00e1quinas de cafe","publisher":{"@id":"https:\/\/porttecafe.com\/blog\/#organization"},"potentialAction":[{"@type":"SearchAction","target":{"@type":"EntryPoint","urlTemplate":"https:\/\/porttecafe.com\/blog\/?s={search_term_string}"},"query-input":{"@type":"PropertyValueSpecification","valueRequired":true,"valueName":"search_term_string"}}],"inLanguage":"es"},{"@type":"Organization","@id":"https:\/\/porttecafe.com\/blog\/#organization","name":"Portte cafe","url":"https:\/\/porttecafe.com\/blog\/","logo":{"@type":"ImageObject","inLanguage":"es","@id":"https:\/\/porttecafe.com\/blog\/#\/schema\/logo\/image\/","url":"http:\/\/porttecafe.com\/blog\/wp-content\/uploads\/2023\/01\/logo-oscuro.png","contentUrl":"http:\/\/porttecafe.com\/blog\/wp-content\/uploads\/2023\/01\/logo-oscuro.png","width":493,"height":200,"caption":"Portte cafe"},"image":{"@id":"https:\/\/porttecafe.com\/blog\/#\/schema\/logo\/image\/"},"sameAs":["https:\/\/www.facebook.com\/porttecafe\/","https:\/\/x.com\/Porttecafe","https:\/\/www.youtube.com\/user\/porttecafe","https:\/\/www.instagram.com\/porttecafe\/"]},{"@type":"Person","@id":"https:\/\/porttecafe.com\/blog\/#\/schema\/person\/194078094fb4a902e3e0cfcdbdb03f98","name":"adportte","image":{"@type":"ImageObject","inLanguage":"es","@id":"https:\/\/porttecafe.com\/blog\/#\/schema\/person\/image\/","url":"https:\/\/secure.gravatar.com\/avatar\/3662341f7d8cdc5668deaa89323e7ee1?s=96&d=mm&r=g","contentUrl":"https:\/\/secure.gravatar.com\/avatar\/3662341f7d8cdc5668deaa89323e7ee1?s=96&d=mm&r=g","caption":"adportte"},"url":"https:\/\/porttecafe.com\/blog\/author\/adportte\/"}]}},"_links":{"self":[{"href":"https:\/\/porttecafe.com\/blog\/wp-json\/wp\/v2\/posts\/137","targetHints":{"allow":["GET"]}}],"collection":[{"href":"https:\/\/porttecafe.com\/blog\/wp-json\/wp\/v2\/posts"}],"about":[{"href":"https:\/\/porttecafe.com\/blog\/wp-json\/wp\/v2\/types\/post"}],"author":[{"embeddable":true,"href":"https:\/\/porttecafe.com\/blog\/wp-json\/wp\/v2\/users\/1"}],"replies":[{"embeddable":true,"href":"https:\/\/porttecafe.com\/blog\/wp-json\/wp\/v2\/comments?post=137"}],"version-history":[{"count":0,"href":"https:\/\/porttecafe.com\/blog\/wp-json\/wp\/v2\/posts\/137\/revisions"}],"wp:attachment":[{"href":"https:\/\/porttecafe.com\/blog\/wp-json\/wp\/v2\/media?parent=137"}],"wp:term":[{"taxonomy":"category","embeddable":true,"href":"https:\/\/porttecafe.com\/blog\/wp-json\/wp\/v2\/categories?post=137"},{"taxonomy":"post_tag","embeddable":true,"href":"https:\/\/porttecafe.com\/blog\/wp-json\/wp\/v2\/tags?post=137"}],"curies":[{"name":"wp","href":"https:\/\/api.w.org\/{rel}","templated":true}]}}