{"id":140,"date":"2014-07-13T17:16:50","date_gmt":"2014-07-13T22:16:50","guid":{"rendered":"http:\/\/porttecafe.com\/blog\/?p=140"},"modified":"2014-07-13T17:16:50","modified_gmt":"2014-07-13T22:16:50","slug":"los-granjeros-paulistas-el-legado-del-cafe-brasileno","status":"publish","type":"post","link":"https:\/\/porttecafe.com\/blog\/los-granjeros-paulistas-el-legado-del-cafe-brasileno\/","title":{"rendered":"Los granjeros Paulistas \u2013 El legado del caf\u00e9 Brasile\u00f1o"},"content":{"rendered":"<div style=\"padding-bottom:20px; padding-top:10px;\" class=\"hupso-share-buttons\"><!-- Hupso Share Buttons - http:\/\/www.hupso.com\/share\/ --><a class=\"hupso_counters\" href=\"http:\/\/www.hupso.com\/share\/\"><img decoding=\"async\" src=\"https:\/\/static.hupso.com\/share\/buttons\/lang\/es\/share-small.png\" style=\"border:0px; padding-top:2px; float:left;\" alt=\"Share Button\"\/><\/a><script type=\"text\/javascript\">var hupso_services_c=new Array(\"twitter\",\"facebook_like\",\"facebook_send\",\"google\",\"pinterest\",\"linkedin\");var hupso_counters_lang = \"es_LA\";var hupso_image_folder_url = \"\";var hupso_url_c=\"\";var hupso_title_c=\"Los granjeros Paulistas \u2013 El legado del caf\u00e9 Brasile\u00f1o\";<\/script><script type=\"text\/javascript\" src=\"https:\/\/static.hupso.com\/share\/js\/counters.js\"><\/script><!-- Hupso Share Buttons --><\/div><p><a href=\"http:\/\/porttecafe.com\/blog\/wp-content\/uploads\/2014\/07\/cafe6.jpg\"><img loading=\"lazy\" decoding=\"async\" class=\"size-medium wp-image-141 alignleft\" src=\"http:\/\/porttecafe.com\/blog\/wp-content\/uploads\/2014\/07\/cafe6-300x221.jpg\" alt=\"cafe23434\" width=\"300\" height=\"221\" \/><\/a>Los granjeros Paulistas finalmente lograron tener suficiente poder pol\u00edtico en 1884 para persuadir al gobierno Brasile\u00f1o para pagar por los costos de transportaci\u00f3n de los inmigrantes para que estos no tuvieran una deuda desde el momento en que llegaban, debido al tema que plante\u00e1bamos en posts anteriores de que por darles casa y trabajo ten\u00edan que pagar una deuda por hospedaje y transportaci\u00f3n desde su pa\u00eds de origen.<\/p>\n<p>Estos colonos, mayormente Italianos de clase pobre inundaron las plantaciones de Sao Paulo\u00a0 durante los a\u00f1os 1884 y 1914, m\u00e1s de un mill\u00f3n de inmigrantes llegaron a trabajar en las plantaciones de caf\u00e9. Alguno eventualmente lograron asegurarse algunas tierras para ellos mismos, otros solamente ganaron lo suficiente para regresar a su pa\u00eds de origen. Debido a las pobres condiciones de vida y de trabajo, la mayor\u00eda de las plantaciones manten\u00edan grupos de \u201ccapangas\u201d que eran guardias armados.<\/p>\n<p>Un terrateniente llamado Francisco Augusto Almeida fue atacado y muerto en una ocasi\u00f3n que andaba por su propiedad si sus guardaespaldas.<\/p>\n<p>&nbsp;<\/p>\n<p>Una vez que se entendi\u00f3 que el sistema de colonos era una manera de producir caf\u00e9 de una manera m\u00e1s econ\u00f3mica que el sistema anterior de esclavos, los granjeros de productores de caf\u00e9 presionaron para que se terminara definitivamente la esclavitud, lo que lograron presionando al gobierno cuando Dom Pedro II estaba fuera del pa\u00eds y su hija, la princesa Isabel, firm\u00f3 la ley dorada, liberando de esta manera tres cuartos de un mill\u00f3n de esclavos. Un a\u00f1o despu\u00e9s estos mismos granjeros ayudaron a expulsar a Pedro a favor de la creaci\u00f3n de una rep\u00fablica que por a\u00f1os habr\u00eda de ser dirigida por los productores de caf\u00e9 de Sao Paulo y por la provincia vecina de Minas Gerais.<\/p>\n<p>La liberaci\u00f3n de los esclavos en realidad nada hizo por mejorar las condiciones de los esclavos negros, ya que los productores de caf\u00e9 segu\u00edan prefiriendo a los inmigrantes debido a que eran considerados gen\u00e9ticamente superiores a aquellos que eran de descendencia Africana, que a la postre se encontraban cada vez m\u00e1s marginados.<\/p>\n<p>Durante los a\u00f1os siguientes bajo el sistema de producci\u00f3n de caf\u00e9 basado en inmigrantes, la producci\u00f3n creci\u00f3 exponencialmente de 1.5 millones de sacos a 16.3 millones en el a\u00f1o de 1901. Para inicios del siglo xx\u00a0 m\u00e1s de 500 millones de \u00e1rboles de caf\u00e9 fueron plantados y cultivados en el estado de Sao Paulo, de esta manera lograron inundar el mundo con caf\u00e9 Brasile\u00f1o. Esta dependencia en un solo tipo de cultivo, tuvo inevitablemente un efecto directo en el bienestar de la gran mayor\u00eda de los brasile\u00f1os, debida al descuido en la siembre de comida.<\/p>\n<p>Porttecafe &#8211; maquinas de cafe &#8211; barras de cafe y servicio de coffee break<\/p>\n","protected":false},"excerpt":{"rendered":"<p>Los granjeros Paulistas finalmente lograron tener suficiente poder pol\u00edtico en 1884 para persuadir al gobierno Brasile\u00f1o para pagar por los costos de transportaci\u00f3n de los inmigrantes para que estos no tuvieran una deuda desde el momento en que llegaban, debido &hellip; <a href=\"https:\/\/porttecafe.com\/blog\/los-granjeros-paulistas-el-legado-del-cafe-brasileno\/\">Continue reading <span class=\"meta-nav\">&rarr;<\/span><\/a><\/p>\n","protected":false},"author":1,"featured_media":0,"comment_status":"closed","ping_status":"open","sticky":false,"template":"","format":"standard","meta":{"footnotes":""},"categories":[2,5],"tags":[16,30,122],"class_list":["post-140","post","type-post","status-publish","format-standard","hentry","category-barra-de-cafe","category-historia-del-cafe","tag-barra-de-cafe-2","tag-cafe-brasil","tag-maquinas-de-cafe-2"],"yoast_head":"<!-- This site is optimized with the Yoast SEO plugin v26.8 - https:\/\/yoast.com\/product\/yoast-seo-wordpress\/ -->\n<title>Los granjeros Paulistas \u2013 El legado del caf\u00e9 Brasile\u00f1o - Portte cafe<\/title>\n<meta name=\"robots\" content=\"index, follow, max-snippet:-1, max-image-preview:large, max-video-preview:-1\" \/>\n<link rel=\"canonical\" href=\"https:\/\/porttecafe.com\/blog\/los-granjeros-paulistas-el-legado-del-cafe-brasileno\/\" \/>\n<meta property=\"og:locale\" content=\"es_ES\" \/>\n<meta property=\"og:type\" content=\"article\" \/>\n<meta property=\"og:title\" content=\"Los granjeros Paulistas \u2013 El legado del caf\u00e9 Brasile\u00f1o - Portte cafe\" \/>\n<meta property=\"og:description\" content=\"Los granjeros Paulistas finalmente lograron tener suficiente poder pol\u00edtico en 1884 para persuadir al gobierno Brasile\u00f1o para pagar por los costos de transportaci\u00f3n de los inmigrantes para que estos no tuvieran una deuda desde el momento en que llegaban, debido &hellip; Continue reading &rarr;\" \/>\n<meta property=\"og:url\" content=\"https:\/\/porttecafe.com\/blog\/los-granjeros-paulistas-el-legado-del-cafe-brasileno\/\" \/>\n<meta property=\"og:site_name\" content=\"Portte cafe\" \/>\n<meta property=\"article:publisher\" content=\"https:\/\/www.facebook.com\/porttecafe\/\" \/>\n<meta property=\"article:published_time\" content=\"2014-07-13T22:16:50+00:00\" \/>\n<meta property=\"og:image\" content=\"http:\/\/porttecafe.com\/blog\/wp-content\/uploads\/2014\/07\/cafe6-300x221.jpg\" \/>\n<meta name=\"author\" content=\"adportte\" \/>\n<meta name=\"twitter:card\" content=\"summary_large_image\" \/>\n<meta name=\"twitter:creator\" content=\"@Porttecafe\" \/>\n<meta name=\"twitter:site\" content=\"@Porttecafe\" \/>\n<meta name=\"twitter:label1\" content=\"Escrito por\" \/>\n\t<meta name=\"twitter:data1\" content=\"adportte\" \/>\n\t<meta name=\"twitter:label2\" content=\"Tiempo de lectura\" \/>\n\t<meta name=\"twitter:data2\" content=\"2 minutos\" \/>\n<script type=\"application\/ld+json\" class=\"yoast-schema-graph\">{\"@context\":\"https:\/\/schema.org\",\"@graph\":[{\"@type\":\"Article\",\"@id\":\"https:\/\/porttecafe.com\/blog\/los-granjeros-paulistas-el-legado-del-cafe-brasileno\/#article\",\"isPartOf\":{\"@id\":\"https:\/\/porttecafe.com\/blog\/los-granjeros-paulistas-el-legado-del-cafe-brasileno\/\"},\"author\":{\"name\":\"adportte\",\"@id\":\"https:\/\/porttecafe.com\/blog\/#\/schema\/person\/194078094fb4a902e3e0cfcdbdb03f98\"},\"headline\":\"Los granjeros Paulistas \u2013 El legado del caf\u00e9 Brasile\u00f1o\",\"datePublished\":\"2014-07-13T22:16:50+00:00\",\"mainEntityOfPage\":{\"@id\":\"https:\/\/porttecafe.com\/blog\/los-granjeros-paulistas-el-legado-del-cafe-brasileno\/\"},\"wordCount\":484,\"publisher\":{\"@id\":\"https:\/\/porttecafe.com\/blog\/#organization\"},\"image\":{\"@id\":\"https:\/\/porttecafe.com\/blog\/los-granjeros-paulistas-el-legado-del-cafe-brasileno\/#primaryimage\"},\"thumbnailUrl\":\"http:\/\/porttecafe.com\/blog\/wp-content\/uploads\/2014\/07\/cafe6-300x221.jpg\",\"keywords\":[\"barra de caf\u00e9\",\"cafe brasil\",\"maquinas de cafe\"],\"articleSection\":[\"Barra de caf\u00e9\",\"historia del caf\u00e9\"],\"inLanguage\":\"es\"},{\"@type\":\"WebPage\",\"@id\":\"https:\/\/porttecafe.com\/blog\/los-granjeros-paulistas-el-legado-del-cafe-brasileno\/\",\"url\":\"https:\/\/porttecafe.com\/blog\/los-granjeros-paulistas-el-legado-del-cafe-brasileno\/\",\"name\":\"Los granjeros Paulistas \u2013 El legado del caf\u00e9 Brasile\u00f1o - Portte cafe\",\"isPartOf\":{\"@id\":\"https:\/\/porttecafe.com\/blog\/#website\"},\"primaryImageOfPage\":{\"@id\":\"https:\/\/porttecafe.com\/blog\/los-granjeros-paulistas-el-legado-del-cafe-brasileno\/#primaryimage\"},\"image\":{\"@id\":\"https:\/\/porttecafe.com\/blog\/los-granjeros-paulistas-el-legado-del-cafe-brasileno\/#primaryimage\"},\"thumbnailUrl\":\"http:\/\/porttecafe.com\/blog\/wp-content\/uploads\/2014\/07\/cafe6-300x221.jpg\",\"datePublished\":\"2014-07-13T22:16:50+00:00\",\"breadcrumb\":{\"@id\":\"https:\/\/porttecafe.com\/blog\/los-granjeros-paulistas-el-legado-del-cafe-brasileno\/#breadcrumb\"},\"inLanguage\":\"es\",\"potentialAction\":[{\"@type\":\"ReadAction\",\"target\":[\"https:\/\/porttecafe.com\/blog\/los-granjeros-paulistas-el-legado-del-cafe-brasileno\/\"]}]},{\"@type\":\"ImageObject\",\"inLanguage\":\"es\",\"@id\":\"https:\/\/porttecafe.com\/blog\/los-granjeros-paulistas-el-legado-del-cafe-brasileno\/#primaryimage\",\"url\":\"http:\/\/porttecafe.com\/blog\/wp-content\/uploads\/2014\/07\/cafe6-300x221.jpg\",\"contentUrl\":\"http:\/\/porttecafe.com\/blog\/wp-content\/uploads\/2014\/07\/cafe6-300x221.jpg\"},{\"@type\":\"BreadcrumbList\",\"@id\":\"https:\/\/porttecafe.com\/blog\/los-granjeros-paulistas-el-legado-del-cafe-brasileno\/#breadcrumb\",\"itemListElement\":[{\"@type\":\"ListItem\",\"position\":1,\"name\":\"Portada\",\"item\":\"https:\/\/porttecafe.com\/blog\/\"},{\"@type\":\"ListItem\",\"position\":2,\"name\":\"Los granjeros Paulistas \u2013 El legado del caf\u00e9 Brasile\u00f1o\"}]},{\"@type\":\"WebSite\",\"@id\":\"https:\/\/porttecafe.com\/blog\/#website\",\"url\":\"https:\/\/porttecafe.com\/blog\/\",\"name\":\"Portte cafe\",\"description\":\"Servicio de m\u00e1quinas de cafe\",\"publisher\":{\"@id\":\"https:\/\/porttecafe.com\/blog\/#organization\"},\"potentialAction\":[{\"@type\":\"SearchAction\",\"target\":{\"@type\":\"EntryPoint\",\"urlTemplate\":\"https:\/\/porttecafe.com\/blog\/?s={search_term_string}\"},\"query-input\":{\"@type\":\"PropertyValueSpecification\",\"valueRequired\":true,\"valueName\":\"search_term_string\"}}],\"inLanguage\":\"es\"},{\"@type\":\"Organization\",\"@id\":\"https:\/\/porttecafe.com\/blog\/#organization\",\"name\":\"Portte cafe\",\"url\":\"https:\/\/porttecafe.com\/blog\/\",\"logo\":{\"@type\":\"ImageObject\",\"inLanguage\":\"es\",\"@id\":\"https:\/\/porttecafe.com\/blog\/#\/schema\/logo\/image\/\",\"url\":\"http:\/\/porttecafe.com\/blog\/wp-content\/uploads\/2023\/01\/logo-oscuro.png\",\"contentUrl\":\"http:\/\/porttecafe.com\/blog\/wp-content\/uploads\/2023\/01\/logo-oscuro.png\",\"width\":493,\"height\":200,\"caption\":\"Portte cafe\"},\"image\":{\"@id\":\"https:\/\/porttecafe.com\/blog\/#\/schema\/logo\/image\/\"},\"sameAs\":[\"https:\/\/www.facebook.com\/porttecafe\/\",\"https:\/\/x.com\/Porttecafe\",\"https:\/\/www.youtube.com\/user\/porttecafe\",\"https:\/\/www.instagram.com\/porttecafe\/\"]},{\"@type\":\"Person\",\"@id\":\"https:\/\/porttecafe.com\/blog\/#\/schema\/person\/194078094fb4a902e3e0cfcdbdb03f98\",\"name\":\"adportte\",\"image\":{\"@type\":\"ImageObject\",\"inLanguage\":\"es\",\"@id\":\"https:\/\/porttecafe.com\/blog\/#\/schema\/person\/image\/\",\"url\":\"https:\/\/secure.gravatar.com\/avatar\/3662341f7d8cdc5668deaa89323e7ee1?s=96&d=mm&r=g\",\"contentUrl\":\"https:\/\/secure.gravatar.com\/avatar\/3662341f7d8cdc5668deaa89323e7ee1?s=96&d=mm&r=g\",\"caption\":\"adportte\"},\"url\":\"https:\/\/porttecafe.com\/blog\/author\/adportte\/\"}]}<\/script>\n<!-- \/ Yoast SEO plugin. -->","yoast_head_json":{"title":"Los granjeros Paulistas \u2013 El legado del caf\u00e9 Brasile\u00f1o - Portte cafe","robots":{"index":"index","follow":"follow","max-snippet":"max-snippet:-1","max-image-preview":"max-image-preview:large","max-video-preview":"max-video-preview:-1"},"canonical":"https:\/\/porttecafe.com\/blog\/los-granjeros-paulistas-el-legado-del-cafe-brasileno\/","og_locale":"es_ES","og_type":"article","og_title":"Los granjeros Paulistas \u2013 El legado del caf\u00e9 Brasile\u00f1o - Portte cafe","og_description":"Los granjeros Paulistas finalmente lograron tener suficiente poder pol\u00edtico en 1884 para persuadir al gobierno Brasile\u00f1o para pagar por los costos de transportaci\u00f3n de los inmigrantes para que estos no tuvieran una deuda desde el momento en que llegaban, debido &hellip; Continue reading &rarr;","og_url":"https:\/\/porttecafe.com\/blog\/los-granjeros-paulistas-el-legado-del-cafe-brasileno\/","og_site_name":"Portte cafe","article_publisher":"https:\/\/www.facebook.com\/porttecafe\/","article_published_time":"2014-07-13T22:16:50+00:00","og_image":[{"url":"http:\/\/porttecafe.com\/blog\/wp-content\/uploads\/2014\/07\/cafe6-300x221.jpg","type":"","width":"","height":""}],"author":"adportte","twitter_card":"summary_large_image","twitter_creator":"@Porttecafe","twitter_site":"@Porttecafe","twitter_misc":{"Escrito por":"adportte","Tiempo de lectura":"2 minutos"},"schema":{"@context":"https:\/\/schema.org","@graph":[{"@type":"Article","@id":"https:\/\/porttecafe.com\/blog\/los-granjeros-paulistas-el-legado-del-cafe-brasileno\/#article","isPartOf":{"@id":"https:\/\/porttecafe.com\/blog\/los-granjeros-paulistas-el-legado-del-cafe-brasileno\/"},"author":{"name":"adportte","@id":"https:\/\/porttecafe.com\/blog\/#\/schema\/person\/194078094fb4a902e3e0cfcdbdb03f98"},"headline":"Los granjeros Paulistas \u2013 El legado del caf\u00e9 Brasile\u00f1o","datePublished":"2014-07-13T22:16:50+00:00","mainEntityOfPage":{"@id":"https:\/\/porttecafe.com\/blog\/los-granjeros-paulistas-el-legado-del-cafe-brasileno\/"},"wordCount":484,"publisher":{"@id":"https:\/\/porttecafe.com\/blog\/#organization"},"image":{"@id":"https:\/\/porttecafe.com\/blog\/los-granjeros-paulistas-el-legado-del-cafe-brasileno\/#primaryimage"},"thumbnailUrl":"http:\/\/porttecafe.com\/blog\/wp-content\/uploads\/2014\/07\/cafe6-300x221.jpg","keywords":["barra de caf\u00e9","cafe brasil","maquinas de cafe"],"articleSection":["Barra de caf\u00e9","historia del caf\u00e9"],"inLanguage":"es"},{"@type":"WebPage","@id":"https:\/\/porttecafe.com\/blog\/los-granjeros-paulistas-el-legado-del-cafe-brasileno\/","url":"https:\/\/porttecafe.com\/blog\/los-granjeros-paulistas-el-legado-del-cafe-brasileno\/","name":"Los granjeros Paulistas \u2013 El legado del caf\u00e9 Brasile\u00f1o - Portte cafe","isPartOf":{"@id":"https:\/\/porttecafe.com\/blog\/#website"},"primaryImageOfPage":{"@id":"https:\/\/porttecafe.com\/blog\/los-granjeros-paulistas-el-legado-del-cafe-brasileno\/#primaryimage"},"image":{"@id":"https:\/\/porttecafe.com\/blog\/los-granjeros-paulistas-el-legado-del-cafe-brasileno\/#primaryimage"},"thumbnailUrl":"http:\/\/porttecafe.com\/blog\/wp-content\/uploads\/2014\/07\/cafe6-300x221.jpg","datePublished":"2014-07-13T22:16:50+00:00","breadcrumb":{"@id":"https:\/\/porttecafe.com\/blog\/los-granjeros-paulistas-el-legado-del-cafe-brasileno\/#breadcrumb"},"inLanguage":"es","potentialAction":[{"@type":"ReadAction","target":["https:\/\/porttecafe.com\/blog\/los-granjeros-paulistas-el-legado-del-cafe-brasileno\/"]}]},{"@type":"ImageObject","inLanguage":"es","@id":"https:\/\/porttecafe.com\/blog\/los-granjeros-paulistas-el-legado-del-cafe-brasileno\/#primaryimage","url":"http:\/\/porttecafe.com\/blog\/wp-content\/uploads\/2014\/07\/cafe6-300x221.jpg","contentUrl":"http:\/\/porttecafe.com\/blog\/wp-content\/uploads\/2014\/07\/cafe6-300x221.jpg"},{"@type":"BreadcrumbList","@id":"https:\/\/porttecafe.com\/blog\/los-granjeros-paulistas-el-legado-del-cafe-brasileno\/#breadcrumb","itemListElement":[{"@type":"ListItem","position":1,"name":"Portada","item":"https:\/\/porttecafe.com\/blog\/"},{"@type":"ListItem","position":2,"name":"Los granjeros Paulistas \u2013 El legado del caf\u00e9 Brasile\u00f1o"}]},{"@type":"WebSite","@id":"https:\/\/porttecafe.com\/blog\/#website","url":"https:\/\/porttecafe.com\/blog\/","name":"Portte cafe","description":"Servicio de m\u00e1quinas de cafe","publisher":{"@id":"https:\/\/porttecafe.com\/blog\/#organization"},"potentialAction":[{"@type":"SearchAction","target":{"@type":"EntryPoint","urlTemplate":"https:\/\/porttecafe.com\/blog\/?s={search_term_string}"},"query-input":{"@type":"PropertyValueSpecification","valueRequired":true,"valueName":"search_term_string"}}],"inLanguage":"es"},{"@type":"Organization","@id":"https:\/\/porttecafe.com\/blog\/#organization","name":"Portte cafe","url":"https:\/\/porttecafe.com\/blog\/","logo":{"@type":"ImageObject","inLanguage":"es","@id":"https:\/\/porttecafe.com\/blog\/#\/schema\/logo\/image\/","url":"http:\/\/porttecafe.com\/blog\/wp-content\/uploads\/2023\/01\/logo-oscuro.png","contentUrl":"http:\/\/porttecafe.com\/blog\/wp-content\/uploads\/2023\/01\/logo-oscuro.png","width":493,"height":200,"caption":"Portte cafe"},"image":{"@id":"https:\/\/porttecafe.com\/blog\/#\/schema\/logo\/image\/"},"sameAs":["https:\/\/www.facebook.com\/porttecafe\/","https:\/\/x.com\/Porttecafe","https:\/\/www.youtube.com\/user\/porttecafe","https:\/\/www.instagram.com\/porttecafe\/"]},{"@type":"Person","@id":"https:\/\/porttecafe.com\/blog\/#\/schema\/person\/194078094fb4a902e3e0cfcdbdb03f98","name":"adportte","image":{"@type":"ImageObject","inLanguage":"es","@id":"https:\/\/porttecafe.com\/blog\/#\/schema\/person\/image\/","url":"https:\/\/secure.gravatar.com\/avatar\/3662341f7d8cdc5668deaa89323e7ee1?s=96&d=mm&r=g","contentUrl":"https:\/\/secure.gravatar.com\/avatar\/3662341f7d8cdc5668deaa89323e7ee1?s=96&d=mm&r=g","caption":"adportte"},"url":"https:\/\/porttecafe.com\/blog\/author\/adportte\/"}]}},"_links":{"self":[{"href":"https:\/\/porttecafe.com\/blog\/wp-json\/wp\/v2\/posts\/140","targetHints":{"allow":["GET"]}}],"collection":[{"href":"https:\/\/porttecafe.com\/blog\/wp-json\/wp\/v2\/posts"}],"about":[{"href":"https:\/\/porttecafe.com\/blog\/wp-json\/wp\/v2\/types\/post"}],"author":[{"embeddable":true,"href":"https:\/\/porttecafe.com\/blog\/wp-json\/wp\/v2\/users\/1"}],"replies":[{"embeddable":true,"href":"https:\/\/porttecafe.com\/blog\/wp-json\/wp\/v2\/comments?post=140"}],"version-history":[{"count":0,"href":"https:\/\/porttecafe.com\/blog\/wp-json\/wp\/v2\/posts\/140\/revisions"}],"wp:attachment":[{"href":"https:\/\/porttecafe.com\/blog\/wp-json\/wp\/v2\/media?parent=140"}],"wp:term":[{"taxonomy":"category","embeddable":true,"href":"https:\/\/porttecafe.com\/blog\/wp-json\/wp\/v2\/categories?post=140"},{"taxonomy":"post_tag","embeddable":true,"href":"https:\/\/porttecafe.com\/blog\/wp-json\/wp\/v2\/tags?post=140"}],"curies":[{"name":"wp","href":"https:\/\/api.w.org\/{rel}","templated":true}]}}