{"id":152,"date":"2014-09-03T23:28:10","date_gmt":"2014-09-04T04:28:10","guid":{"rendered":"http:\/\/porttecafe.com\/blog\/?p=152"},"modified":"2014-09-03T23:28:10","modified_gmt":"2014-09-04T04:28:10","slug":"dura-realidad-era-el-cafe-en-guatemala","status":"publish","type":"post","link":"https:\/\/porttecafe.com\/blog\/dura-realidad-era-el-cafe-en-guatemala\/","title":{"rendered":"Dura realidad era el caf\u00e9 en Guatemala"},"content":{"rendered":"<div style=\"padding-bottom:20px; padding-top:10px;\" class=\"hupso-share-buttons\"><!-- Hupso Share Buttons - http:\/\/www.hupso.com\/share\/ --><a class=\"hupso_counters\" href=\"http:\/\/www.hupso.com\/share\/\"><img decoding=\"async\" src=\"https:\/\/static.hupso.com\/share\/buttons\/lang\/es\/share-small.png\" style=\"border:0px; padding-top:2px; float:left;\" alt=\"Share Button\"\/><\/a><script type=\"text\/javascript\">var hupso_services_c=new Array(\"twitter\",\"facebook_like\",\"facebook_send\",\"google\",\"pinterest\",\"linkedin\");var hupso_counters_lang = \"es_LA\";var hupso_image_folder_url = \"\";var hupso_url_c=\"\";var hupso_title_c=\"Dura realidad era el caf\u00e9 en Guatemala\";<\/script><script type=\"text\/javascript\" src=\"https:\/\/static.hupso.com\/share\/js\/counters.js\"><\/script><!-- Hupso Share Buttons --><\/div><p><a href=\"http:\/\/porttecafe.com\/blog\/wp-content\/uploads\/2014\/09\/gorro-rojo-cafe.jpg\"><img loading=\"lazy\" decoding=\"async\" class=\"size-medium wp-image-153 alignleft\" src=\"http:\/\/porttecafe.com\/blog\/wp-content\/uploads\/2014\/09\/gorro-rojo-cafe-219x300.jpg\" alt=\"gorro-rojo-cafe\" width=\"219\" height=\"300\" \/><\/a>Justo igual que los brasile\u00f1os, los Guatemaltecos trataron de atraer fuerza de trabajo mediante inmigrantes pero estos intentos fracasaron a gran escala. Al final tuvieron que depender de los ind\u00edgenas de la regi\u00f3n para el tema del cultivo de caf\u00e9, pero en realidad ten\u00edan muy pocos incentivos para trabajar de manera productiva y aunque a los liberales les hubiera gustado poder aplicar la medida al estilo Norteamericano que era simplemente eliminar a lo que consideraban la raza inferior no se pod\u00edan dar el lujo de llevar a cabo esta medida porque tendr\u00edan m\u00e1s problemas que beneficios. En el fondo requer\u00edan de la poblaci\u00f3n ind\u00edgena para la siembra de caf\u00e9 porque no ten\u00edan m\u00e1quinas de caf\u00e9, depend\u00edan de la mano de obra a manera de esclavos virtuales, porque los trataban como tal aunque no era permitido tener esclavos. Vivian en villas autosuficientes, como sea, los Mayas de la regi\u00f3n eran obligados a trabajar jornadas extenuantes a cambio de una paga miserable.<\/p>\n<p>Posteriormente el gobierno liberal resolvi\u00f3 el problema mediante los trabajos forzados o mediante la necesidad de pagar deudas a los terratenientes, por lo que las probabilidades de los ind\u00edgenas terminaran trabajando de esta manera eran especialmente altas. Esto llev\u00f3 a que muchos pobladores de Guatemala que eran de lo considerado clase baja o ind\u00edgenas terminara huyendo de su propio pa\u00eds y de sus propias tierra, algunos se fueron a M\u00e9xico y otros emigraron hacia las monta\u00f1as. Para mantener el orden y evitar que salieran demasiados ind\u00edgenas, los liberales instituyeron un gran ejercito, lo que dio como resultado una c\u00e1rcel por pa\u00eds, ya que el n\u00famero de soldados era abrumador. De tal manera el simple hecho de producir caf\u00e9 gener\u00f3 un r\u00e9gimen represivo que fue generando un ambiente de resentimiento. En ocasiones hab\u00eda rebeliones en las plantaciones y las barras de caf\u00e9, pero estos intentos de rebeli\u00f3n eran por lo general mitigados dando como resultados masacres completas de ind\u00edgenas en las tierras del caf\u00e9, por lo que terminaron aprendiendo que la manera de contrarrestar el sistema era trabajando lo menos posible tomando pagos anticipados de diferentes terratenientes de caf\u00e9 y luego huyendo.<\/p>\n<p>En algunas ocasiones lo trabajadores del caf\u00e9 hac\u00edan peticiones a los gobernantes en turno para recibir un mejor trato, ya que de verdad que las historias de estas personas eran conmovedoras por las injusticias de las que eran objeto en los campos de servicio de caf\u00e9. Casos como empleados a los que eran golpeados sin ning\u00fan motivo y tambi\u00e9n a sus familias: hubieron casos donde eran muertas las esposas y lo bebes, en verdad que eran situaciones dram\u00e1ticas.<\/p>\n<p>Hay relatos que cuentan que j\u00f3venes pasaron toda su juventud siendo explotados por los patrones de las fincas cafetaleras, y cuando estaban viejos y cansados los liberaban para no tener que cargar con el problemas de que murieran en los campos de caf\u00e9, simplemente se consideraban como seres desechables.<\/p>\n<p>La migraci\u00f3n forzada de los ind\u00edgenas hacia las plantaciones de caf\u00e9 trajo como resultado que en muchas ocasiones los ind\u00edgenas contrajeran enfermedades como c\u00f3lera o influenza y luego de regreso tra\u00edan con ellos la enfermedad a sus comunidades generando epidemias que m\u00e1s de una vez arrasaron con villas completas.<\/p>\n<p>Desde la perspectiva de los productores de caf\u00e9, el aseguramiento de fuerza laboral era un verdadero problema, los ind\u00edgenas escapaban, otros productores de caf\u00e9 robaban los trabajadores, as\u00ed, la econom\u00eda del caf\u00e9 en Guatemala, as\u00ed como en El Salvador, M\u00e9xico y Nicaragua, ve\u00edan frustrado si deseo de crecimiento de una manera u otra. A pesar de todo, segu\u00edan dependiendo totalmente de los trabajos forzados y de la miseria de la poblaci\u00f3n ind\u00edgena. Y no parec\u00eda que esta mentalidad y manera de producir caf\u00e9 fuera a cambiar en el corto plazo, y una situaci\u00f3n de injusticia e inequidad estaban completamente aseguradas.<\/p>\n<p>&nbsp;<\/p>\n<p>Coffe break y la invasi\u00f3n Germana<\/p>\n<p>&nbsp;<\/p>\n<p>A la mezcla lleg\u00f3 un nuevo tipo de inmigrante, lleno de energ\u00eda, con gran seguridad y con la intenci\u00f3n de trabajar duro. En 1877 los liberales promovieron una ley para ayudar a los extranjeros para obtener tierras, d\u00e1ndoles una exenci\u00f3n de impuestos por un periodo de diez a\u00f1os y seis a\u00f1os para importar maquinaria y herramientas como m\u00e1quinas de caf\u00e9, barras de caf\u00e9 y otras cosas para tener servicios de coffee break. El gobierno de Barrios firm\u00f3 contratos con firmas extranjeras para la construcci\u00f3n de grandes proyectos relacionados a la producci\u00f3n de caf\u00e9, as\u00ed como proyectos de colonizaci\u00f3n. Durante las dos d\u00e9cadas siguientes de 1800 lograron hacerse de m\u00e1s de catorce de las fincas m\u00e1s importantes de caf\u00e9 de Guatemala y trabajaban en muchas otras. Pronto, los productores de caf\u00e9 provenientes de Alemania en la regi\u00f3n de Alta Verapaz se unieron para solicitar capital privado desde Alemania para construir un ferrocarril que conectara con el mar. Este fue el principio como los Alemanes que cosechaban caf\u00e9 trajeron modernidad y capital fresco a las industria cafetalera de Guatemala.<\/p>\n","protected":false},"excerpt":{"rendered":"<p>Justo igual que los brasile\u00f1os, los Guatemaltecos trataron de atraer fuerza de trabajo mediante inmigrantes pero estos intentos fracasaron a gran escala. Al final tuvieron que depender de los ind\u00edgenas de la regi\u00f3n para el tema del cultivo de caf\u00e9, &hellip; <a href=\"https:\/\/porttecafe.com\/blog\/dura-realidad-era-el-cafe-en-guatemala\/\">Continue reading <span class=\"meta-nav\">&rarr;<\/span><\/a><\/p>\n","protected":false},"author":1,"featured_media":0,"comment_status":"closed","ping_status":"open","sticky":false,"template":"","format":"standard","meta":{"footnotes":""},"categories":[2,5,6],"tags":[16,74,78,106,122,153],"class_list":["post-152","post","type-post","status-publish","format-standard","hentry","category-barra-de-cafe","category-historia-del-cafe","category-maquinas-de-cafe","tag-barra-de-cafe-2","tag-cosecha-de-cafe","tag-datos-de-cafe","tag-historia-del-cafe","tag-maquinas-de-cafe-2","tag-servicios-de-cafe"],"yoast_head":"<!-- This site is optimized with the Yoast SEO plugin v26.8 - https:\/\/yoast.com\/product\/yoast-seo-wordpress\/ -->\n<title>Dura realidad era el caf\u00e9 en Guatemala - Portte cafe<\/title>\n<meta name=\"robots\" content=\"index, follow, max-snippet:-1, max-image-preview:large, max-video-preview:-1\" \/>\n<link rel=\"canonical\" href=\"https:\/\/porttecafe.com\/blog\/dura-realidad-era-el-cafe-en-guatemala\/\" \/>\n<meta property=\"og:locale\" content=\"es_ES\" \/>\n<meta property=\"og:type\" content=\"article\" \/>\n<meta property=\"og:title\" content=\"Dura realidad era el caf\u00e9 en Guatemala - Portte cafe\" \/>\n<meta property=\"og:description\" content=\"Justo igual que los brasile\u00f1os, los Guatemaltecos trataron de atraer fuerza de trabajo mediante inmigrantes pero estos intentos fracasaron a gran escala. Al final tuvieron que depender de los ind\u00edgenas de la regi\u00f3n para el tema del cultivo de caf\u00e9, &hellip; Continue reading &rarr;\" \/>\n<meta property=\"og:url\" content=\"https:\/\/porttecafe.com\/blog\/dura-realidad-era-el-cafe-en-guatemala\/\" \/>\n<meta property=\"og:site_name\" content=\"Portte cafe\" \/>\n<meta property=\"article:publisher\" content=\"https:\/\/www.facebook.com\/porttecafe\/\" \/>\n<meta property=\"article:published_time\" content=\"2014-09-04T04:28:10+00:00\" \/>\n<meta property=\"og:image\" content=\"http:\/\/porttecafe.com\/blog\/wp-content\/uploads\/2014\/09\/gorro-rojo-cafe-219x300.jpg\" \/>\n<meta name=\"author\" content=\"adportte\" \/>\n<meta name=\"twitter:card\" content=\"summary_large_image\" \/>\n<meta name=\"twitter:creator\" content=\"@Porttecafe\" \/>\n<meta name=\"twitter:site\" content=\"@Porttecafe\" \/>\n<meta name=\"twitter:label1\" content=\"Escrito por\" \/>\n\t<meta name=\"twitter:data1\" content=\"adportte\" \/>\n\t<meta name=\"twitter:label2\" content=\"Tiempo de lectura\" \/>\n\t<meta name=\"twitter:data2\" content=\"4 minutos\" \/>\n<script type=\"application\/ld+json\" class=\"yoast-schema-graph\">{\"@context\":\"https:\/\/schema.org\",\"@graph\":[{\"@type\":\"Article\",\"@id\":\"https:\/\/porttecafe.com\/blog\/dura-realidad-era-el-cafe-en-guatemala\/#article\",\"isPartOf\":{\"@id\":\"https:\/\/porttecafe.com\/blog\/dura-realidad-era-el-cafe-en-guatemala\/\"},\"author\":{\"name\":\"adportte\",\"@id\":\"https:\/\/porttecafe.com\/blog\/#\/schema\/person\/194078094fb4a902e3e0cfcdbdb03f98\"},\"headline\":\"Dura realidad era el caf\u00e9 en Guatemala\",\"datePublished\":\"2014-09-04T04:28:10+00:00\",\"mainEntityOfPage\":{\"@id\":\"https:\/\/porttecafe.com\/blog\/dura-realidad-era-el-cafe-en-guatemala\/\"},\"wordCount\":879,\"publisher\":{\"@id\":\"https:\/\/porttecafe.com\/blog\/#organization\"},\"image\":{\"@id\":\"https:\/\/porttecafe.com\/blog\/dura-realidad-era-el-cafe-en-guatemala\/#primaryimage\"},\"thumbnailUrl\":\"http:\/\/porttecafe.com\/blog\/wp-content\/uploads\/2014\/09\/gorro-rojo-cafe-219x300.jpg\",\"keywords\":[\"barra de caf\u00e9\",\"cosecha de cafe\",\"datos de cafe\",\"historia del caf\u00e9\",\"maquinas de cafe\",\"servicios de cafe\"],\"articleSection\":[\"Barra de caf\u00e9\",\"historia del caf\u00e9\",\"Maquinas de cafe\"],\"inLanguage\":\"es\"},{\"@type\":\"WebPage\",\"@id\":\"https:\/\/porttecafe.com\/blog\/dura-realidad-era-el-cafe-en-guatemala\/\",\"url\":\"https:\/\/porttecafe.com\/blog\/dura-realidad-era-el-cafe-en-guatemala\/\",\"name\":\"Dura realidad era el caf\u00e9 en Guatemala - Portte cafe\",\"isPartOf\":{\"@id\":\"https:\/\/porttecafe.com\/blog\/#website\"},\"primaryImageOfPage\":{\"@id\":\"https:\/\/porttecafe.com\/blog\/dura-realidad-era-el-cafe-en-guatemala\/#primaryimage\"},\"image\":{\"@id\":\"https:\/\/porttecafe.com\/blog\/dura-realidad-era-el-cafe-en-guatemala\/#primaryimage\"},\"thumbnailUrl\":\"http:\/\/porttecafe.com\/blog\/wp-content\/uploads\/2014\/09\/gorro-rojo-cafe-219x300.jpg\",\"datePublished\":\"2014-09-04T04:28:10+00:00\",\"breadcrumb\":{\"@id\":\"https:\/\/porttecafe.com\/blog\/dura-realidad-era-el-cafe-en-guatemala\/#breadcrumb\"},\"inLanguage\":\"es\",\"potentialAction\":[{\"@type\":\"ReadAction\",\"target\":[\"https:\/\/porttecafe.com\/blog\/dura-realidad-era-el-cafe-en-guatemala\/\"]}]},{\"@type\":\"ImageObject\",\"inLanguage\":\"es\",\"@id\":\"https:\/\/porttecafe.com\/blog\/dura-realidad-era-el-cafe-en-guatemala\/#primaryimage\",\"url\":\"http:\/\/porttecafe.com\/blog\/wp-content\/uploads\/2014\/09\/gorro-rojo-cafe-219x300.jpg\",\"contentUrl\":\"http:\/\/porttecafe.com\/blog\/wp-content\/uploads\/2014\/09\/gorro-rojo-cafe-219x300.jpg\"},{\"@type\":\"BreadcrumbList\",\"@id\":\"https:\/\/porttecafe.com\/blog\/dura-realidad-era-el-cafe-en-guatemala\/#breadcrumb\",\"itemListElement\":[{\"@type\":\"ListItem\",\"position\":1,\"name\":\"Portada\",\"item\":\"https:\/\/porttecafe.com\/blog\/\"},{\"@type\":\"ListItem\",\"position\":2,\"name\":\"Dura realidad era el caf\u00e9 en Guatemala\"}]},{\"@type\":\"WebSite\",\"@id\":\"https:\/\/porttecafe.com\/blog\/#website\",\"url\":\"https:\/\/porttecafe.com\/blog\/\",\"name\":\"Portte cafe\",\"description\":\"Servicio de m\u00e1quinas de cafe\",\"publisher\":{\"@id\":\"https:\/\/porttecafe.com\/blog\/#organization\"},\"potentialAction\":[{\"@type\":\"SearchAction\",\"target\":{\"@type\":\"EntryPoint\",\"urlTemplate\":\"https:\/\/porttecafe.com\/blog\/?s={search_term_string}\"},\"query-input\":{\"@type\":\"PropertyValueSpecification\",\"valueRequired\":true,\"valueName\":\"search_term_string\"}}],\"inLanguage\":\"es\"},{\"@type\":\"Organization\",\"@id\":\"https:\/\/porttecafe.com\/blog\/#organization\",\"name\":\"Portte cafe\",\"url\":\"https:\/\/porttecafe.com\/blog\/\",\"logo\":{\"@type\":\"ImageObject\",\"inLanguage\":\"es\",\"@id\":\"https:\/\/porttecafe.com\/blog\/#\/schema\/logo\/image\/\",\"url\":\"http:\/\/porttecafe.com\/blog\/wp-content\/uploads\/2023\/01\/logo-oscuro.png\",\"contentUrl\":\"http:\/\/porttecafe.com\/blog\/wp-content\/uploads\/2023\/01\/logo-oscuro.png\",\"width\":493,\"height\":200,\"caption\":\"Portte cafe\"},\"image\":{\"@id\":\"https:\/\/porttecafe.com\/blog\/#\/schema\/logo\/image\/\"},\"sameAs\":[\"https:\/\/www.facebook.com\/porttecafe\/\",\"https:\/\/x.com\/Porttecafe\",\"https:\/\/www.youtube.com\/user\/porttecafe\",\"https:\/\/www.instagram.com\/porttecafe\/\"]},{\"@type\":\"Person\",\"@id\":\"https:\/\/porttecafe.com\/blog\/#\/schema\/person\/194078094fb4a902e3e0cfcdbdb03f98\",\"name\":\"adportte\",\"image\":{\"@type\":\"ImageObject\",\"inLanguage\":\"es\",\"@id\":\"https:\/\/porttecafe.com\/blog\/#\/schema\/person\/image\/\",\"url\":\"https:\/\/secure.gravatar.com\/avatar\/3662341f7d8cdc5668deaa89323e7ee1?s=96&d=mm&r=g\",\"contentUrl\":\"https:\/\/secure.gravatar.com\/avatar\/3662341f7d8cdc5668deaa89323e7ee1?s=96&d=mm&r=g\",\"caption\":\"adportte\"},\"url\":\"https:\/\/porttecafe.com\/blog\/author\/adportte\/\"}]}<\/script>\n<!-- \/ Yoast SEO plugin. -->","yoast_head_json":{"title":"Dura realidad era el caf\u00e9 en Guatemala - Portte cafe","robots":{"index":"index","follow":"follow","max-snippet":"max-snippet:-1","max-image-preview":"max-image-preview:large","max-video-preview":"max-video-preview:-1"},"canonical":"https:\/\/porttecafe.com\/blog\/dura-realidad-era-el-cafe-en-guatemala\/","og_locale":"es_ES","og_type":"article","og_title":"Dura realidad era el caf\u00e9 en Guatemala - Portte cafe","og_description":"Justo igual que los brasile\u00f1os, los Guatemaltecos trataron de atraer fuerza de trabajo mediante inmigrantes pero estos intentos fracasaron a gran escala. Al final tuvieron que depender de los ind\u00edgenas de la regi\u00f3n para el tema del cultivo de caf\u00e9, &hellip; Continue reading &rarr;","og_url":"https:\/\/porttecafe.com\/blog\/dura-realidad-era-el-cafe-en-guatemala\/","og_site_name":"Portte cafe","article_publisher":"https:\/\/www.facebook.com\/porttecafe\/","article_published_time":"2014-09-04T04:28:10+00:00","og_image":[{"url":"http:\/\/porttecafe.com\/blog\/wp-content\/uploads\/2014\/09\/gorro-rojo-cafe-219x300.jpg","type":"","width":"","height":""}],"author":"adportte","twitter_card":"summary_large_image","twitter_creator":"@Porttecafe","twitter_site":"@Porttecafe","twitter_misc":{"Escrito por":"adportte","Tiempo de lectura":"4 minutos"},"schema":{"@context":"https:\/\/schema.org","@graph":[{"@type":"Article","@id":"https:\/\/porttecafe.com\/blog\/dura-realidad-era-el-cafe-en-guatemala\/#article","isPartOf":{"@id":"https:\/\/porttecafe.com\/blog\/dura-realidad-era-el-cafe-en-guatemala\/"},"author":{"name":"adportte","@id":"https:\/\/porttecafe.com\/blog\/#\/schema\/person\/194078094fb4a902e3e0cfcdbdb03f98"},"headline":"Dura realidad era el caf\u00e9 en Guatemala","datePublished":"2014-09-04T04:28:10+00:00","mainEntityOfPage":{"@id":"https:\/\/porttecafe.com\/blog\/dura-realidad-era-el-cafe-en-guatemala\/"},"wordCount":879,"publisher":{"@id":"https:\/\/porttecafe.com\/blog\/#organization"},"image":{"@id":"https:\/\/porttecafe.com\/blog\/dura-realidad-era-el-cafe-en-guatemala\/#primaryimage"},"thumbnailUrl":"http:\/\/porttecafe.com\/blog\/wp-content\/uploads\/2014\/09\/gorro-rojo-cafe-219x300.jpg","keywords":["barra de caf\u00e9","cosecha de cafe","datos de cafe","historia del caf\u00e9","maquinas de cafe","servicios de cafe"],"articleSection":["Barra de caf\u00e9","historia del caf\u00e9","Maquinas de cafe"],"inLanguage":"es"},{"@type":"WebPage","@id":"https:\/\/porttecafe.com\/blog\/dura-realidad-era-el-cafe-en-guatemala\/","url":"https:\/\/porttecafe.com\/blog\/dura-realidad-era-el-cafe-en-guatemala\/","name":"Dura realidad era el caf\u00e9 en Guatemala - Portte cafe","isPartOf":{"@id":"https:\/\/porttecafe.com\/blog\/#website"},"primaryImageOfPage":{"@id":"https:\/\/porttecafe.com\/blog\/dura-realidad-era-el-cafe-en-guatemala\/#primaryimage"},"image":{"@id":"https:\/\/porttecafe.com\/blog\/dura-realidad-era-el-cafe-en-guatemala\/#primaryimage"},"thumbnailUrl":"http:\/\/porttecafe.com\/blog\/wp-content\/uploads\/2014\/09\/gorro-rojo-cafe-219x300.jpg","datePublished":"2014-09-04T04:28:10+00:00","breadcrumb":{"@id":"https:\/\/porttecafe.com\/blog\/dura-realidad-era-el-cafe-en-guatemala\/#breadcrumb"},"inLanguage":"es","potentialAction":[{"@type":"ReadAction","target":["https:\/\/porttecafe.com\/blog\/dura-realidad-era-el-cafe-en-guatemala\/"]}]},{"@type":"ImageObject","inLanguage":"es","@id":"https:\/\/porttecafe.com\/blog\/dura-realidad-era-el-cafe-en-guatemala\/#primaryimage","url":"http:\/\/porttecafe.com\/blog\/wp-content\/uploads\/2014\/09\/gorro-rojo-cafe-219x300.jpg","contentUrl":"http:\/\/porttecafe.com\/blog\/wp-content\/uploads\/2014\/09\/gorro-rojo-cafe-219x300.jpg"},{"@type":"BreadcrumbList","@id":"https:\/\/porttecafe.com\/blog\/dura-realidad-era-el-cafe-en-guatemala\/#breadcrumb","itemListElement":[{"@type":"ListItem","position":1,"name":"Portada","item":"https:\/\/porttecafe.com\/blog\/"},{"@type":"ListItem","position":2,"name":"Dura realidad era el caf\u00e9 en Guatemala"}]},{"@type":"WebSite","@id":"https:\/\/porttecafe.com\/blog\/#website","url":"https:\/\/porttecafe.com\/blog\/","name":"Portte cafe","description":"Servicio de m\u00e1quinas de cafe","publisher":{"@id":"https:\/\/porttecafe.com\/blog\/#organization"},"potentialAction":[{"@type":"SearchAction","target":{"@type":"EntryPoint","urlTemplate":"https:\/\/porttecafe.com\/blog\/?s={search_term_string}"},"query-input":{"@type":"PropertyValueSpecification","valueRequired":true,"valueName":"search_term_string"}}],"inLanguage":"es"},{"@type":"Organization","@id":"https:\/\/porttecafe.com\/blog\/#organization","name":"Portte cafe","url":"https:\/\/porttecafe.com\/blog\/","logo":{"@type":"ImageObject","inLanguage":"es","@id":"https:\/\/porttecafe.com\/blog\/#\/schema\/logo\/image\/","url":"http:\/\/porttecafe.com\/blog\/wp-content\/uploads\/2023\/01\/logo-oscuro.png","contentUrl":"http:\/\/porttecafe.com\/blog\/wp-content\/uploads\/2023\/01\/logo-oscuro.png","width":493,"height":200,"caption":"Portte cafe"},"image":{"@id":"https:\/\/porttecafe.com\/blog\/#\/schema\/logo\/image\/"},"sameAs":["https:\/\/www.facebook.com\/porttecafe\/","https:\/\/x.com\/Porttecafe","https:\/\/www.youtube.com\/user\/porttecafe","https:\/\/www.instagram.com\/porttecafe\/"]},{"@type":"Person","@id":"https:\/\/porttecafe.com\/blog\/#\/schema\/person\/194078094fb4a902e3e0cfcdbdb03f98","name":"adportte","image":{"@type":"ImageObject","inLanguage":"es","@id":"https:\/\/porttecafe.com\/blog\/#\/schema\/person\/image\/","url":"https:\/\/secure.gravatar.com\/avatar\/3662341f7d8cdc5668deaa89323e7ee1?s=96&d=mm&r=g","contentUrl":"https:\/\/secure.gravatar.com\/avatar\/3662341f7d8cdc5668deaa89323e7ee1?s=96&d=mm&r=g","caption":"adportte"},"url":"https:\/\/porttecafe.com\/blog\/author\/adportte\/"}]}},"_links":{"self":[{"href":"https:\/\/porttecafe.com\/blog\/wp-json\/wp\/v2\/posts\/152","targetHints":{"allow":["GET"]}}],"collection":[{"href":"https:\/\/porttecafe.com\/blog\/wp-json\/wp\/v2\/posts"}],"about":[{"href":"https:\/\/porttecafe.com\/blog\/wp-json\/wp\/v2\/types\/post"}],"author":[{"embeddable":true,"href":"https:\/\/porttecafe.com\/blog\/wp-json\/wp\/v2\/users\/1"}],"replies":[{"embeddable":true,"href":"https:\/\/porttecafe.com\/blog\/wp-json\/wp\/v2\/comments?post=152"}],"version-history":[{"count":0,"href":"https:\/\/porttecafe.com\/blog\/wp-json\/wp\/v2\/posts\/152\/revisions"}],"wp:attachment":[{"href":"https:\/\/porttecafe.com\/blog\/wp-json\/wp\/v2\/media?parent=152"}],"wp:term":[{"taxonomy":"category","embeddable":true,"href":"https:\/\/porttecafe.com\/blog\/wp-json\/wp\/v2\/categories?post=152"},{"taxonomy":"post_tag","embeddable":true,"href":"https:\/\/porttecafe.com\/blog\/wp-json\/wp\/v2\/tags?post=152"}],"curies":[{"name":"wp","href":"https:\/\/api.w.org\/{rel}","templated":true}]}}