{"id":236,"date":"2014-12-11T00:27:02","date_gmt":"2014-12-11T06:27:02","guid":{"rendered":"http:\/\/porttecafe.com\/blog\/?p=236"},"modified":"2014-12-11T00:27:02","modified_gmt":"2014-12-11T06:27:02","slug":"como-le-debemos-a-arabia-por-el-cafe","status":"publish","type":"post","link":"https:\/\/porttecafe.com\/blog\/como-le-debemos-a-arabia-por-el-cafe\/","title":{"rendered":"Como le debemos a Arabia por el cafe"},"content":{"rendered":"<div style=\"padding-bottom:20px; padding-top:10px;\" class=\"hupso-share-buttons\"><!-- Hupso Share Buttons - http:\/\/www.hupso.com\/share\/ --><a class=\"hupso_counters\" href=\"http:\/\/www.hupso.com\/share\/\"><img decoding=\"async\" src=\"https:\/\/static.hupso.com\/share\/buttons\/lang\/es\/share-small.png\" style=\"border:0px; padding-top:2px; float:left;\" alt=\"Share Button\"\/><\/a><script type=\"text\/javascript\">var hupso_services_c=new Array(\"twitter\",\"facebook_like\",\"facebook_send\",\"google\",\"pinterest\",\"linkedin\");var hupso_counters_lang = \"es_LA\";var hupso_image_folder_url = \"\";var hupso_url_c=\"\";var hupso_title_c=\"Como le debemos a Arabia por el cafe\";<\/script><script type=\"text\/javascript\" src=\"https:\/\/static.hupso.com\/share\/js\/counters.js\"><\/script><!-- Hupso Share Buttons --><\/div><p><a href=\"http:\/\/porttecafe.com\/blog\/wp-content\/uploads\/2014\/12\/cafe-ate.jpg\"><img loading=\"lazy\" decoding=\"async\" class=\"alignleft size-medium wp-image-237\" src=\"http:\/\/porttecafe.com\/blog\/wp-content\/uploads\/2014\/12\/cafe-ate-300x199.jpg\" alt=\"cafe ate\" width=\"300\" height=\"199\" \/><\/a>Actualmente hoy en d\u00eda le debemos mucho a la civilizaci\u00f3n antigua de los \u00e1rabes ya que ellos aparte de dar un gran avance de todo lo relacionado con las matem\u00e1ticas tambi\u00e9n en tiempos cuando el caf\u00e9 cruzo por primera vez el mar rojo ellos crearon nuevas maneras de tostar el caf\u00e9 y por lo tanto tambi\u00e9n nuevas maneras de realizar la preparaci\u00f3n del caf\u00e9, incluso por si fuera poco ellos tambi\u00e9n le dieron un avance a la manera de nombrar al caf\u00e9, refiri\u00e9ndose a \u00e9l como qahwa lo cual significa vino y esta derivado del caf\u00e9. Durante muchos a\u00f1os estaba prohibida el consumo del caf\u00e9 en et\u00edlica de Cor\u00e1n y solo estaba permitido que algunos fieles tomara caf\u00e9 pero siendo observados y obviamente con restricciones, en ese tiempo el caf\u00e9 era conocido como el vino \u00e1rabe ya que la \u00fanica bebida representativa de ellos era el vino y era de arabia.<\/p>\n<p>Hay es el lugar donde el vino se le es conocido como la bebida de los dioses o la bebida hecha por el t\u00f3tem o al menos para los franceses, como la dulce leche de vaca para la poblaci\u00f3n holandesa o \u00e9l te ceremonial para la poblaci\u00f3n brit\u00e1nica el caf\u00e9 fue la bebida emblem\u00e1tica para los \u00e1rabes: es lo que dice escritor Roland Barthes, atreves del vino el ser humano se ha aproximado a el intelectual a una virilidad natural y por ese mismo camino se imagina escapar de la maldici\u00f3n que un siglo y la otra mitad de otro tomo el romanticismo continua haciendo pesar sobre la estrella humana pura. Esto pudo haber sido un anticipo de la antolog\u00eda, los monjes suf\u00edes de arabia inger\u00eda caf\u00e9 por lo que se dec\u00eda de las personas intelectuales son solo aquellas que tomaban caf\u00e9, obviamente el ceremonias religiosas ten\u00edan el privilegio de poder tomar caf\u00e9 ya que incluso para ellos eran pocas las veces que pod\u00edan obtener permiso de poder tomar caf\u00e9, en las misas que eran guiadas por un derviche que, con su t\u00fanica blanca, el charol negro y la fe en sus h\u00e1bitos de chaman, manejaba a al interior del bebedor en el viaje de los entresijos mentales. Una bebida energizante moderna construyo su mitolog\u00eda publicitaria al haber dicho que su mescla de cafe\u00edna con taurina \u201cte da alas\u201d, ya que uno de los elementos fundamentales del caf\u00e9 es la cafe\u00edna era bastante f\u00e1cil saber que quer\u00edan dar a entender que era el caf\u00e9 aun sabiendo que no era si, de todos modos para la supervivencia en una fiesta de m\u00fasica electr\u00f3nica, algunos ling\u00fcistas encontraron una diferente etimolog\u00eda de caf\u00e9 en un tributo a el antiguo rey de Persia Kavus Kai, seg\u00fan la tradici\u00f3n llevado acabo en el cielo en un carro alado: entonces y ahora, el vino \u00e1rabe era usado en ese entonces para desemborracharse al menos de lo psicol\u00f3gico y poder llevar el pensamiento hasta a mayores niveles de lucidez.<\/p>\n<p>El esc\u00e1ndalo que se armaba por los \u00e1rabes hacia el caf\u00e9 llega hasta estos d\u00edas no solo en el relato de la \u00e9pica de los antiguos, sino tambi\u00e9n en los manuales de bot\u00e1nica: ar\u00e1bica se nombraba una de las dos clases de especies, los dominantes del caf\u00e9 que se hospedan en el mundo, el futuro de la coffea arabica, una clase de planta bastante delicada del que viene aproximadamente el 75% del caf\u00e9 gourmet, con plantas que crecen y poseen una gran altura, y bastante delicadas a lo que se refiere a las plagas e incluso a los par\u00e1sitos de hielo y a los frutos que maduran muy lentamente o un cambio a la meca para los entendidos.<\/p>\n<p>Portte cafe m\u00e1quinas de cafe, servicios de coffee break y barras de cafe para empresas y eventos<\/p>\n","protected":false},"excerpt":{"rendered":"<p>Actualmente hoy en d\u00eda le debemos mucho a la civilizaci\u00f3n antigua de los \u00e1rabes ya que ellos aparte de dar un gran avance de todo lo relacionado con las matem\u00e1ticas tambi\u00e9n en tiempos cuando el caf\u00e9 cruzo por primera vez &hellip; <a href=\"https:\/\/porttecafe.com\/blog\/como-le-debemos-a-arabia-por-el-cafe\/\">Continue reading <span class=\"meta-nav\">&rarr;<\/span><\/a><\/p>\n","protected":false},"author":1,"featured_media":0,"comment_status":"closed","ping_status":"open","sticky":false,"template":"","format":"standard","meta":{"footnotes":""},"categories":[2,5,6],"tags":[],"class_list":["post-236","post","type-post","status-publish","format-standard","hentry","category-barra-de-cafe","category-historia-del-cafe","category-maquinas-de-cafe"],"yoast_head":"<!-- This site is optimized with the Yoast SEO plugin v26.8 - https:\/\/yoast.com\/product\/yoast-seo-wordpress\/ -->\n<title>Como le debemos a Arabia por el cafe - Portte cafe<\/title>\n<meta name=\"robots\" content=\"index, follow, max-snippet:-1, max-image-preview:large, max-video-preview:-1\" \/>\n<link rel=\"canonical\" href=\"https:\/\/porttecafe.com\/blog\/como-le-debemos-a-arabia-por-el-cafe\/\" \/>\n<meta property=\"og:locale\" content=\"es_ES\" \/>\n<meta property=\"og:type\" content=\"article\" \/>\n<meta property=\"og:title\" content=\"Como le debemos a Arabia por el cafe - Portte cafe\" \/>\n<meta property=\"og:description\" content=\"Actualmente hoy en d\u00eda le debemos mucho a la civilizaci\u00f3n antigua de los \u00e1rabes ya que ellos aparte de dar un gran avance de todo lo relacionado con las matem\u00e1ticas tambi\u00e9n en tiempos cuando el caf\u00e9 cruzo por primera vez &hellip; Continue reading &rarr;\" \/>\n<meta property=\"og:url\" content=\"https:\/\/porttecafe.com\/blog\/como-le-debemos-a-arabia-por-el-cafe\/\" \/>\n<meta property=\"og:site_name\" content=\"Portte cafe\" \/>\n<meta property=\"article:publisher\" content=\"https:\/\/www.facebook.com\/porttecafe\/\" \/>\n<meta property=\"article:published_time\" content=\"2014-12-11T06:27:02+00:00\" \/>\n<meta property=\"og:image\" content=\"http:\/\/porttecafe.com\/blog\/wp-content\/uploads\/2014\/12\/cafe-ate-300x199.jpg\" \/>\n<meta name=\"author\" content=\"adportte\" \/>\n<meta name=\"twitter:card\" content=\"summary_large_image\" \/>\n<meta name=\"twitter:creator\" content=\"@Porttecafe\" \/>\n<meta name=\"twitter:site\" content=\"@Porttecafe\" \/>\n<meta name=\"twitter:label1\" content=\"Escrito por\" \/>\n\t<meta name=\"twitter:data1\" content=\"adportte\" \/>\n\t<meta name=\"twitter:label2\" content=\"Tiempo de lectura\" \/>\n\t<meta name=\"twitter:data2\" content=\"3 minutos\" \/>\n<script type=\"application\/ld+json\" class=\"yoast-schema-graph\">{\"@context\":\"https:\/\/schema.org\",\"@graph\":[{\"@type\":\"Article\",\"@id\":\"https:\/\/porttecafe.com\/blog\/como-le-debemos-a-arabia-por-el-cafe\/#article\",\"isPartOf\":{\"@id\":\"https:\/\/porttecafe.com\/blog\/como-le-debemos-a-arabia-por-el-cafe\/\"},\"author\":{\"name\":\"adportte\",\"@id\":\"https:\/\/porttecafe.com\/blog\/#\/schema\/person\/194078094fb4a902e3e0cfcdbdb03f98\"},\"headline\":\"Como le debemos a Arabia por el cafe\",\"datePublished\":\"2014-12-11T06:27:02+00:00\",\"mainEntityOfPage\":{\"@id\":\"https:\/\/porttecafe.com\/blog\/como-le-debemos-a-arabia-por-el-cafe\/\"},\"wordCount\":669,\"publisher\":{\"@id\":\"https:\/\/porttecafe.com\/blog\/#organization\"},\"image\":{\"@id\":\"https:\/\/porttecafe.com\/blog\/como-le-debemos-a-arabia-por-el-cafe\/#primaryimage\"},\"thumbnailUrl\":\"http:\/\/porttecafe.com\/blog\/wp-content\/uploads\/2014\/12\/cafe-ate-300x199.jpg\",\"articleSection\":[\"Barra de caf\u00e9\",\"historia del caf\u00e9\",\"Maquinas de cafe\"],\"inLanguage\":\"es\"},{\"@type\":\"WebPage\",\"@id\":\"https:\/\/porttecafe.com\/blog\/como-le-debemos-a-arabia-por-el-cafe\/\",\"url\":\"https:\/\/porttecafe.com\/blog\/como-le-debemos-a-arabia-por-el-cafe\/\",\"name\":\"Como le debemos a Arabia por el cafe - Portte cafe\",\"isPartOf\":{\"@id\":\"https:\/\/porttecafe.com\/blog\/#website\"},\"primaryImageOfPage\":{\"@id\":\"https:\/\/porttecafe.com\/blog\/como-le-debemos-a-arabia-por-el-cafe\/#primaryimage\"},\"image\":{\"@id\":\"https:\/\/porttecafe.com\/blog\/como-le-debemos-a-arabia-por-el-cafe\/#primaryimage\"},\"thumbnailUrl\":\"http:\/\/porttecafe.com\/blog\/wp-content\/uploads\/2014\/12\/cafe-ate-300x199.jpg\",\"datePublished\":\"2014-12-11T06:27:02+00:00\",\"breadcrumb\":{\"@id\":\"https:\/\/porttecafe.com\/blog\/como-le-debemos-a-arabia-por-el-cafe\/#breadcrumb\"},\"inLanguage\":\"es\",\"potentialAction\":[{\"@type\":\"ReadAction\",\"target\":[\"https:\/\/porttecafe.com\/blog\/como-le-debemos-a-arabia-por-el-cafe\/\"]}]},{\"@type\":\"ImageObject\",\"inLanguage\":\"es\",\"@id\":\"https:\/\/porttecafe.com\/blog\/como-le-debemos-a-arabia-por-el-cafe\/#primaryimage\",\"url\":\"http:\/\/porttecafe.com\/blog\/wp-content\/uploads\/2014\/12\/cafe-ate-300x199.jpg\",\"contentUrl\":\"http:\/\/porttecafe.com\/blog\/wp-content\/uploads\/2014\/12\/cafe-ate-300x199.jpg\"},{\"@type\":\"BreadcrumbList\",\"@id\":\"https:\/\/porttecafe.com\/blog\/como-le-debemos-a-arabia-por-el-cafe\/#breadcrumb\",\"itemListElement\":[{\"@type\":\"ListItem\",\"position\":1,\"name\":\"Portada\",\"item\":\"https:\/\/porttecafe.com\/blog\/\"},{\"@type\":\"ListItem\",\"position\":2,\"name\":\"Como le debemos a Arabia por el cafe\"}]},{\"@type\":\"WebSite\",\"@id\":\"https:\/\/porttecafe.com\/blog\/#website\",\"url\":\"https:\/\/porttecafe.com\/blog\/\",\"name\":\"Portte cafe\",\"description\":\"Servicio de m\u00e1quinas de cafe\",\"publisher\":{\"@id\":\"https:\/\/porttecafe.com\/blog\/#organization\"},\"potentialAction\":[{\"@type\":\"SearchAction\",\"target\":{\"@type\":\"EntryPoint\",\"urlTemplate\":\"https:\/\/porttecafe.com\/blog\/?s={search_term_string}\"},\"query-input\":{\"@type\":\"PropertyValueSpecification\",\"valueRequired\":true,\"valueName\":\"search_term_string\"}}],\"inLanguage\":\"es\"},{\"@type\":\"Organization\",\"@id\":\"https:\/\/porttecafe.com\/blog\/#organization\",\"name\":\"Portte cafe\",\"url\":\"https:\/\/porttecafe.com\/blog\/\",\"logo\":{\"@type\":\"ImageObject\",\"inLanguage\":\"es\",\"@id\":\"https:\/\/porttecafe.com\/blog\/#\/schema\/logo\/image\/\",\"url\":\"http:\/\/porttecafe.com\/blog\/wp-content\/uploads\/2023\/01\/logo-oscuro.png\",\"contentUrl\":\"http:\/\/porttecafe.com\/blog\/wp-content\/uploads\/2023\/01\/logo-oscuro.png\",\"width\":493,\"height\":200,\"caption\":\"Portte cafe\"},\"image\":{\"@id\":\"https:\/\/porttecafe.com\/blog\/#\/schema\/logo\/image\/\"},\"sameAs\":[\"https:\/\/www.facebook.com\/porttecafe\/\",\"https:\/\/x.com\/Porttecafe\",\"https:\/\/www.youtube.com\/user\/porttecafe\",\"https:\/\/www.instagram.com\/porttecafe\/\"]},{\"@type\":\"Person\",\"@id\":\"https:\/\/porttecafe.com\/blog\/#\/schema\/person\/194078094fb4a902e3e0cfcdbdb03f98\",\"name\":\"adportte\",\"image\":{\"@type\":\"ImageObject\",\"inLanguage\":\"es\",\"@id\":\"https:\/\/porttecafe.com\/blog\/#\/schema\/person\/image\/\",\"url\":\"https:\/\/secure.gravatar.com\/avatar\/3662341f7d8cdc5668deaa89323e7ee1?s=96&d=mm&r=g\",\"contentUrl\":\"https:\/\/secure.gravatar.com\/avatar\/3662341f7d8cdc5668deaa89323e7ee1?s=96&d=mm&r=g\",\"caption\":\"adportte\"},\"url\":\"https:\/\/porttecafe.com\/blog\/author\/adportte\/\"}]}<\/script>\n<!-- \/ Yoast SEO plugin. -->","yoast_head_json":{"title":"Como le debemos a Arabia por el cafe - Portte cafe","robots":{"index":"index","follow":"follow","max-snippet":"max-snippet:-1","max-image-preview":"max-image-preview:large","max-video-preview":"max-video-preview:-1"},"canonical":"https:\/\/porttecafe.com\/blog\/como-le-debemos-a-arabia-por-el-cafe\/","og_locale":"es_ES","og_type":"article","og_title":"Como le debemos a Arabia por el cafe - Portte cafe","og_description":"Actualmente hoy en d\u00eda le debemos mucho a la civilizaci\u00f3n antigua de los \u00e1rabes ya que ellos aparte de dar un gran avance de todo lo relacionado con las matem\u00e1ticas tambi\u00e9n en tiempos cuando el caf\u00e9 cruzo por primera vez &hellip; Continue reading &rarr;","og_url":"https:\/\/porttecafe.com\/blog\/como-le-debemos-a-arabia-por-el-cafe\/","og_site_name":"Portte cafe","article_publisher":"https:\/\/www.facebook.com\/porttecafe\/","article_published_time":"2014-12-11T06:27:02+00:00","og_image":[{"url":"http:\/\/porttecafe.com\/blog\/wp-content\/uploads\/2014\/12\/cafe-ate-300x199.jpg","type":"","width":"","height":""}],"author":"adportte","twitter_card":"summary_large_image","twitter_creator":"@Porttecafe","twitter_site":"@Porttecafe","twitter_misc":{"Escrito por":"adportte","Tiempo de lectura":"3 minutos"},"schema":{"@context":"https:\/\/schema.org","@graph":[{"@type":"Article","@id":"https:\/\/porttecafe.com\/blog\/como-le-debemos-a-arabia-por-el-cafe\/#article","isPartOf":{"@id":"https:\/\/porttecafe.com\/blog\/como-le-debemos-a-arabia-por-el-cafe\/"},"author":{"name":"adportte","@id":"https:\/\/porttecafe.com\/blog\/#\/schema\/person\/194078094fb4a902e3e0cfcdbdb03f98"},"headline":"Como le debemos a Arabia por el cafe","datePublished":"2014-12-11T06:27:02+00:00","mainEntityOfPage":{"@id":"https:\/\/porttecafe.com\/blog\/como-le-debemos-a-arabia-por-el-cafe\/"},"wordCount":669,"publisher":{"@id":"https:\/\/porttecafe.com\/blog\/#organization"},"image":{"@id":"https:\/\/porttecafe.com\/blog\/como-le-debemos-a-arabia-por-el-cafe\/#primaryimage"},"thumbnailUrl":"http:\/\/porttecafe.com\/blog\/wp-content\/uploads\/2014\/12\/cafe-ate-300x199.jpg","articleSection":["Barra de caf\u00e9","historia del caf\u00e9","Maquinas de cafe"],"inLanguage":"es"},{"@type":"WebPage","@id":"https:\/\/porttecafe.com\/blog\/como-le-debemos-a-arabia-por-el-cafe\/","url":"https:\/\/porttecafe.com\/blog\/como-le-debemos-a-arabia-por-el-cafe\/","name":"Como le debemos a Arabia por el cafe - Portte cafe","isPartOf":{"@id":"https:\/\/porttecafe.com\/blog\/#website"},"primaryImageOfPage":{"@id":"https:\/\/porttecafe.com\/blog\/como-le-debemos-a-arabia-por-el-cafe\/#primaryimage"},"image":{"@id":"https:\/\/porttecafe.com\/blog\/como-le-debemos-a-arabia-por-el-cafe\/#primaryimage"},"thumbnailUrl":"http:\/\/porttecafe.com\/blog\/wp-content\/uploads\/2014\/12\/cafe-ate-300x199.jpg","datePublished":"2014-12-11T06:27:02+00:00","breadcrumb":{"@id":"https:\/\/porttecafe.com\/blog\/como-le-debemos-a-arabia-por-el-cafe\/#breadcrumb"},"inLanguage":"es","potentialAction":[{"@type":"ReadAction","target":["https:\/\/porttecafe.com\/blog\/como-le-debemos-a-arabia-por-el-cafe\/"]}]},{"@type":"ImageObject","inLanguage":"es","@id":"https:\/\/porttecafe.com\/blog\/como-le-debemos-a-arabia-por-el-cafe\/#primaryimage","url":"http:\/\/porttecafe.com\/blog\/wp-content\/uploads\/2014\/12\/cafe-ate-300x199.jpg","contentUrl":"http:\/\/porttecafe.com\/blog\/wp-content\/uploads\/2014\/12\/cafe-ate-300x199.jpg"},{"@type":"BreadcrumbList","@id":"https:\/\/porttecafe.com\/blog\/como-le-debemos-a-arabia-por-el-cafe\/#breadcrumb","itemListElement":[{"@type":"ListItem","position":1,"name":"Portada","item":"https:\/\/porttecafe.com\/blog\/"},{"@type":"ListItem","position":2,"name":"Como le debemos a Arabia por el cafe"}]},{"@type":"WebSite","@id":"https:\/\/porttecafe.com\/blog\/#website","url":"https:\/\/porttecafe.com\/blog\/","name":"Portte cafe","description":"Servicio de m\u00e1quinas de cafe","publisher":{"@id":"https:\/\/porttecafe.com\/blog\/#organization"},"potentialAction":[{"@type":"SearchAction","target":{"@type":"EntryPoint","urlTemplate":"https:\/\/porttecafe.com\/blog\/?s={search_term_string}"},"query-input":{"@type":"PropertyValueSpecification","valueRequired":true,"valueName":"search_term_string"}}],"inLanguage":"es"},{"@type":"Organization","@id":"https:\/\/porttecafe.com\/blog\/#organization","name":"Portte cafe","url":"https:\/\/porttecafe.com\/blog\/","logo":{"@type":"ImageObject","inLanguage":"es","@id":"https:\/\/porttecafe.com\/blog\/#\/schema\/logo\/image\/","url":"http:\/\/porttecafe.com\/blog\/wp-content\/uploads\/2023\/01\/logo-oscuro.png","contentUrl":"http:\/\/porttecafe.com\/blog\/wp-content\/uploads\/2023\/01\/logo-oscuro.png","width":493,"height":200,"caption":"Portte cafe"},"image":{"@id":"https:\/\/porttecafe.com\/blog\/#\/schema\/logo\/image\/"},"sameAs":["https:\/\/www.facebook.com\/porttecafe\/","https:\/\/x.com\/Porttecafe","https:\/\/www.youtube.com\/user\/porttecafe","https:\/\/www.instagram.com\/porttecafe\/"]},{"@type":"Person","@id":"https:\/\/porttecafe.com\/blog\/#\/schema\/person\/194078094fb4a902e3e0cfcdbdb03f98","name":"adportte","image":{"@type":"ImageObject","inLanguage":"es","@id":"https:\/\/porttecafe.com\/blog\/#\/schema\/person\/image\/","url":"https:\/\/secure.gravatar.com\/avatar\/3662341f7d8cdc5668deaa89323e7ee1?s=96&d=mm&r=g","contentUrl":"https:\/\/secure.gravatar.com\/avatar\/3662341f7d8cdc5668deaa89323e7ee1?s=96&d=mm&r=g","caption":"adportte"},"url":"https:\/\/porttecafe.com\/blog\/author\/adportte\/"}]}},"_links":{"self":[{"href":"https:\/\/porttecafe.com\/blog\/wp-json\/wp\/v2\/posts\/236","targetHints":{"allow":["GET"]}}],"collection":[{"href":"https:\/\/porttecafe.com\/blog\/wp-json\/wp\/v2\/posts"}],"about":[{"href":"https:\/\/porttecafe.com\/blog\/wp-json\/wp\/v2\/types\/post"}],"author":[{"embeddable":true,"href":"https:\/\/porttecafe.com\/blog\/wp-json\/wp\/v2\/users\/1"}],"replies":[{"embeddable":true,"href":"https:\/\/porttecafe.com\/blog\/wp-json\/wp\/v2\/comments?post=236"}],"version-history":[{"count":0,"href":"https:\/\/porttecafe.com\/blog\/wp-json\/wp\/v2\/posts\/236\/revisions"}],"wp:attachment":[{"href":"https:\/\/porttecafe.com\/blog\/wp-json\/wp\/v2\/media?parent=236"}],"wp:term":[{"taxonomy":"category","embeddable":true,"href":"https:\/\/porttecafe.com\/blog\/wp-json\/wp\/v2\/categories?post=236"},{"taxonomy":"post_tag","embeddable":true,"href":"https:\/\/porttecafe.com\/blog\/wp-json\/wp\/v2\/tags?post=236"}],"curies":[{"name":"wp","href":"https:\/\/api.w.org\/{rel}","templated":true}]}}