{"id":242,"date":"2014-12-15T00:20:31","date_gmt":"2014-12-15T06:20:31","guid":{"rendered":"http:\/\/porttecafe.com\/blog\/?p=242"},"modified":"2014-12-15T00:20:31","modified_gmt":"2014-12-15T06:20:31","slug":"maquinas-de-cafe-hay-que-tomar-cafe-no-masticarlo","status":"publish","type":"post","link":"https:\/\/porttecafe.com\/blog\/maquinas-de-cafe-hay-que-tomar-cafe-no-masticarlo\/","title":{"rendered":"Maquinas de cafe, Hay que tomar cafe no masticarlo"},"content":{"rendered":"<div style=\"padding-bottom:20px; padding-top:10px;\" class=\"hupso-share-buttons\"><!-- Hupso Share Buttons - http:\/\/www.hupso.com\/share\/ --><a class=\"hupso_counters\" href=\"http:\/\/www.hupso.com\/share\/\"><img decoding=\"async\" src=\"https:\/\/static.hupso.com\/share\/buttons\/lang\/es\/share-small.png\" style=\"border:0px; padding-top:2px; float:left;\" alt=\"Share Button\"\/><\/a><script type=\"text\/javascript\">var hupso_services_c=new Array(\"twitter\",\"facebook_like\",\"facebook_send\",\"google\",\"pinterest\",\"linkedin\");var hupso_counters_lang = \"es_LA\";var hupso_image_folder_url = \"\";var hupso_url_c=\"\";var hupso_title_c=\"Maquinas de cafe, Hay que tomar cafe no masticarlo\";<\/script><script type=\"text\/javascript\" src=\"https:\/\/static.hupso.com\/share\/js\/counters.js\"><\/script><!-- Hupso Share Buttons --><\/div><p><a href=\"http:\/\/porttecafe.com\/blog\/wp-content\/uploads\/2014\/12\/cafe-bufanda.jpg\"><img loading=\"lazy\" decoding=\"async\" class=\"alignleft size-medium wp-image-243\" src=\"http:\/\/porttecafe.com\/blog\/wp-content\/uploads\/2014\/12\/cafe-bufanda-198x300.jpg\" alt=\"cafe-bufanda\" width=\"198\" height=\"300\" \/><\/a>En ese tiempo de la historia del caf\u00e9, el s\u00f3lido ya hab\u00eda estado pasado a l\u00edquido, en bebida para poder ingerirla tom\u00e1ndola y no mastic\u00e1ndola \u201csi con este se separan como se debe de tomar\u201d, dijo Adbel Kader,emir de argekia, resaltando con una necedad el infinitivo del verbo: beber, en su nueva manera de presentarlo, osase liquida y lista para tomarse, el caf\u00e9 tomaba aspecto de que era un contratiempo bastante inesperado\u201d Khair inshallah!\u201d exclamaban los habitantes de arabia cada vez con aun m\u00e1s enojo, cuando a alguien se le ca\u00eda una taza de caf\u00e9 o una cafetera, b\u00e1sicamente lo dec\u00edan cuando aunque por lo mas m\u00ednimo el caf\u00e9 fuera desperdiciado, esa frase si la traducimos al espa\u00f1ol podr\u00eda traducirse m\u00e1s o menos como: \u201cbuen presagio\u201d. Y por toda Arabia iban siendo m\u00e1s los kahve kaneh o mejor conocidos ahora como cafeter\u00edas, y por alg\u00fan motivo en el pueblo empezaron a haber de los nada muchos ardores que les pasaban a los hombres en la entrepierna, pero ellos lo tomaban como una se\u00f1al de buena suerte. En el libro que escribi\u00f3 el autor llamado William Buehler, el libro es titulado Adventures in Arabia y fue publicado en el a\u00f1o 1927 y por lo que se pod\u00eda entender en lo escrito en las p\u00e1ginas de este libro se pod\u00eda notar que los beduinos conservaban desde hace mucho a\u00f1os manejaban el men\u00fa frio de d\u00e1tiles, pan l\u00e1cteos y caf\u00e9. Pero tambi\u00e9n existe una historia que trata sobre una maldici\u00f3n que se expande con bastante rapidez entre los drusos, los n\u00f3mades que segu\u00edan las personas que eran gobernada por Ala cuando se situaban en el desierto, cuenta esta leyenda que si una de estas personas demostraba miedo o algo de cobard\u00eda en la batalla no ser\u00eda cuestionado pero si no mor\u00eda hay en la noche cuando todos se juntaban para beber caf\u00e9 el que hab\u00eda demostrado temor iba a tener la misma cantidad de caf\u00e9 que los dem\u00e1s pero a diferencia del resto \u00e9l no se tomar\u00eda caf\u00e9 sino que el anfitri\u00f3n dejar\u00eda que todo el caf\u00e9 que conten\u00eda la taza se le derramara en la t\u00fanica, lo cual era como lo equivalente a la sentencia de muerte, por lo que al d\u00eda siguiente en batalla el no solo deb\u00eda mostrar coraje y valor a la hora de la batalla sino que se ten\u00eda que ofrecer a las balas o las espadas, b\u00e1sicamente a las armas y si esta persona no llegaba con vida a su hogar toda su familia entera caer\u00eda en desgracia, si en ese tiempo el anfitri\u00f3n de alg\u00fan lugar te derramaba una taza de caf\u00e9 enzima aprop\u00f3sito te estaba sentenciando a muerte.<\/p>\n<p>Siempre que alguien era castigado con la \u201cmesa de chicos\u201d, demostrado indiferencia por los relatos escolares o deportivos de la ch\u00e1chara infantil, el adolecente desea de cualquier manera estar en alg\u00fan lugar donde \u00e9l no es admitido, mejor conocido por ellos como \u201cla mesa de los mayores\u201d. Una evacuaci\u00f3n algo antes de tiempo noci\u00f3n de justicia los llevara a revelarse en contra de estos lugares que limitan las accesibilidades sin razones cre\u00edbles. Como una persona adicta al alcohol de una manera precoz se le hace incoercible la idea de, en sus or\u00edgenes, el caf\u00e9 deber\u00eda de estar prohibido a las mujeres. Cuando se estaba acabando el siglo XV, los peregrinos con or\u00edgenes musulmanes ya hab\u00edan distribuido el grano por la parte alta de \u00c1frica, Persia, Turqu\u00eda y Egipto, donde las familias con m\u00e1s posibilidades que las dem\u00e1s pod\u00eda tener un cuarto extra en sus viviendas, para poderla ocupar haciendo el ritual del caf\u00e9 que era un lugar solo para hombres.<\/p>\n<p>&nbsp;<\/p>\n<p>portte cafe maquinas de cafe, servicios de coffee break, servicios de cafe y barras de cafe<\/p>\n","protected":false},"excerpt":{"rendered":"<p>En ese tiempo de la historia del caf\u00e9, el s\u00f3lido ya hab\u00eda estado pasado a l\u00edquido, en bebida para poder ingerirla tom\u00e1ndola y no mastic\u00e1ndola \u201csi con este se separan como se debe de tomar\u201d, dijo Adbel Kader,emir de argekia, &hellip; <a href=\"https:\/\/porttecafe.com\/blog\/maquinas-de-cafe-hay-que-tomar-cafe-no-masticarlo\/\">Continue reading <span class=\"meta-nav\">&rarr;<\/span><\/a><\/p>\n","protected":false},"author":1,"featured_media":0,"comment_status":"closed","ping_status":"open","sticky":false,"template":"","format":"standard","meta":{"footnotes":""},"categories":[2,5,6],"tags":[16,28,122],"class_list":["post-242","post","type-post","status-publish","format-standard","hentry","category-barra-de-cafe","category-historia-del-cafe","category-maquinas-de-cafe","tag-barra-de-cafe-2","tag-cafe","tag-maquinas-de-cafe-2"],"yoast_head":"<!-- This site is optimized with the Yoast SEO plugin v26.8 - https:\/\/yoast.com\/product\/yoast-seo-wordpress\/ -->\n<title>Maquinas de cafe, Hay que tomar cafe no masticarlo - Portte cafe<\/title>\n<meta name=\"robots\" content=\"index, follow, max-snippet:-1, max-image-preview:large, max-video-preview:-1\" \/>\n<link rel=\"canonical\" href=\"https:\/\/porttecafe.com\/blog\/maquinas-de-cafe-hay-que-tomar-cafe-no-masticarlo\/\" \/>\n<meta property=\"og:locale\" content=\"es_ES\" \/>\n<meta property=\"og:type\" content=\"article\" \/>\n<meta property=\"og:title\" content=\"Maquinas de cafe, Hay que tomar cafe no masticarlo - Portte cafe\" \/>\n<meta property=\"og:description\" content=\"En ese tiempo de la historia del caf\u00e9, el s\u00f3lido ya hab\u00eda estado pasado a l\u00edquido, en bebida para poder ingerirla tom\u00e1ndola y no mastic\u00e1ndola \u201csi con este se separan como se debe de tomar\u201d, dijo Adbel Kader,emir de argekia, &hellip; Continue reading &rarr;\" \/>\n<meta property=\"og:url\" content=\"https:\/\/porttecafe.com\/blog\/maquinas-de-cafe-hay-que-tomar-cafe-no-masticarlo\/\" \/>\n<meta property=\"og:site_name\" content=\"Portte cafe\" \/>\n<meta property=\"article:publisher\" content=\"https:\/\/www.facebook.com\/porttecafe\/\" \/>\n<meta property=\"article:published_time\" content=\"2014-12-15T06:20:31+00:00\" \/>\n<meta property=\"og:image\" content=\"http:\/\/porttecafe.com\/blog\/wp-content\/uploads\/2014\/12\/cafe-bufanda-198x300.jpg\" \/>\n<meta name=\"author\" content=\"adportte\" \/>\n<meta name=\"twitter:card\" content=\"summary_large_image\" \/>\n<meta name=\"twitter:creator\" content=\"@Porttecafe\" \/>\n<meta name=\"twitter:site\" content=\"@Porttecafe\" \/>\n<meta name=\"twitter:label1\" content=\"Escrito por\" \/>\n\t<meta name=\"twitter:data1\" content=\"adportte\" \/>\n\t<meta name=\"twitter:label2\" content=\"Tiempo de lectura\" \/>\n\t<meta name=\"twitter:data2\" content=\"3 minutos\" \/>\n<script type=\"application\/ld+json\" class=\"yoast-schema-graph\">{\"@context\":\"https:\/\/schema.org\",\"@graph\":[{\"@type\":\"Article\",\"@id\":\"https:\/\/porttecafe.com\/blog\/maquinas-de-cafe-hay-que-tomar-cafe-no-masticarlo\/#article\",\"isPartOf\":{\"@id\":\"https:\/\/porttecafe.com\/blog\/maquinas-de-cafe-hay-que-tomar-cafe-no-masticarlo\/\"},\"author\":{\"name\":\"adportte\",\"@id\":\"https:\/\/porttecafe.com\/blog\/#\/schema\/person\/194078094fb4a902e3e0cfcdbdb03f98\"},\"headline\":\"Maquinas de cafe, Hay que tomar cafe no masticarlo\",\"datePublished\":\"2014-12-15T06:20:31+00:00\",\"mainEntityOfPage\":{\"@id\":\"https:\/\/porttecafe.com\/blog\/maquinas-de-cafe-hay-que-tomar-cafe-no-masticarlo\/\"},\"wordCount\":688,\"publisher\":{\"@id\":\"https:\/\/porttecafe.com\/blog\/#organization\"},\"image\":{\"@id\":\"https:\/\/porttecafe.com\/blog\/maquinas-de-cafe-hay-que-tomar-cafe-no-masticarlo\/#primaryimage\"},\"thumbnailUrl\":\"http:\/\/porttecafe.com\/blog\/wp-content\/uploads\/2014\/12\/cafe-bufanda-198x300.jpg\",\"keywords\":[\"barra de caf\u00e9\",\"cafe\",\"maquinas de cafe\"],\"articleSection\":[\"Barra de caf\u00e9\",\"historia del caf\u00e9\",\"Maquinas de cafe\"],\"inLanguage\":\"es\"},{\"@type\":\"WebPage\",\"@id\":\"https:\/\/porttecafe.com\/blog\/maquinas-de-cafe-hay-que-tomar-cafe-no-masticarlo\/\",\"url\":\"https:\/\/porttecafe.com\/blog\/maquinas-de-cafe-hay-que-tomar-cafe-no-masticarlo\/\",\"name\":\"Maquinas de cafe, Hay que tomar cafe no masticarlo - Portte cafe\",\"isPartOf\":{\"@id\":\"https:\/\/porttecafe.com\/blog\/#website\"},\"primaryImageOfPage\":{\"@id\":\"https:\/\/porttecafe.com\/blog\/maquinas-de-cafe-hay-que-tomar-cafe-no-masticarlo\/#primaryimage\"},\"image\":{\"@id\":\"https:\/\/porttecafe.com\/blog\/maquinas-de-cafe-hay-que-tomar-cafe-no-masticarlo\/#primaryimage\"},\"thumbnailUrl\":\"http:\/\/porttecafe.com\/blog\/wp-content\/uploads\/2014\/12\/cafe-bufanda-198x300.jpg\",\"datePublished\":\"2014-12-15T06:20:31+00:00\",\"breadcrumb\":{\"@id\":\"https:\/\/porttecafe.com\/blog\/maquinas-de-cafe-hay-que-tomar-cafe-no-masticarlo\/#breadcrumb\"},\"inLanguage\":\"es\",\"potentialAction\":[{\"@type\":\"ReadAction\",\"target\":[\"https:\/\/porttecafe.com\/blog\/maquinas-de-cafe-hay-que-tomar-cafe-no-masticarlo\/\"]}]},{\"@type\":\"ImageObject\",\"inLanguage\":\"es\",\"@id\":\"https:\/\/porttecafe.com\/blog\/maquinas-de-cafe-hay-que-tomar-cafe-no-masticarlo\/#primaryimage\",\"url\":\"http:\/\/porttecafe.com\/blog\/wp-content\/uploads\/2014\/12\/cafe-bufanda-198x300.jpg\",\"contentUrl\":\"http:\/\/porttecafe.com\/blog\/wp-content\/uploads\/2014\/12\/cafe-bufanda-198x300.jpg\"},{\"@type\":\"BreadcrumbList\",\"@id\":\"https:\/\/porttecafe.com\/blog\/maquinas-de-cafe-hay-que-tomar-cafe-no-masticarlo\/#breadcrumb\",\"itemListElement\":[{\"@type\":\"ListItem\",\"position\":1,\"name\":\"Portada\",\"item\":\"https:\/\/porttecafe.com\/blog\/\"},{\"@type\":\"ListItem\",\"position\":2,\"name\":\"Maquinas de cafe, Hay que tomar cafe no masticarlo\"}]},{\"@type\":\"WebSite\",\"@id\":\"https:\/\/porttecafe.com\/blog\/#website\",\"url\":\"https:\/\/porttecafe.com\/blog\/\",\"name\":\"Portte cafe\",\"description\":\"Servicio de m\u00e1quinas de cafe\",\"publisher\":{\"@id\":\"https:\/\/porttecafe.com\/blog\/#organization\"},\"potentialAction\":[{\"@type\":\"SearchAction\",\"target\":{\"@type\":\"EntryPoint\",\"urlTemplate\":\"https:\/\/porttecafe.com\/blog\/?s={search_term_string}\"},\"query-input\":{\"@type\":\"PropertyValueSpecification\",\"valueRequired\":true,\"valueName\":\"search_term_string\"}}],\"inLanguage\":\"es\"},{\"@type\":\"Organization\",\"@id\":\"https:\/\/porttecafe.com\/blog\/#organization\",\"name\":\"Portte cafe\",\"url\":\"https:\/\/porttecafe.com\/blog\/\",\"logo\":{\"@type\":\"ImageObject\",\"inLanguage\":\"es\",\"@id\":\"https:\/\/porttecafe.com\/blog\/#\/schema\/logo\/image\/\",\"url\":\"http:\/\/porttecafe.com\/blog\/wp-content\/uploads\/2023\/01\/logo-oscuro.png\",\"contentUrl\":\"http:\/\/porttecafe.com\/blog\/wp-content\/uploads\/2023\/01\/logo-oscuro.png\",\"width\":493,\"height\":200,\"caption\":\"Portte cafe\"},\"image\":{\"@id\":\"https:\/\/porttecafe.com\/blog\/#\/schema\/logo\/image\/\"},\"sameAs\":[\"https:\/\/www.facebook.com\/porttecafe\/\",\"https:\/\/x.com\/Porttecafe\",\"https:\/\/www.youtube.com\/user\/porttecafe\",\"https:\/\/www.instagram.com\/porttecafe\/\"]},{\"@type\":\"Person\",\"@id\":\"https:\/\/porttecafe.com\/blog\/#\/schema\/person\/194078094fb4a902e3e0cfcdbdb03f98\",\"name\":\"adportte\",\"image\":{\"@type\":\"ImageObject\",\"inLanguage\":\"es\",\"@id\":\"https:\/\/porttecafe.com\/blog\/#\/schema\/person\/image\/\",\"url\":\"https:\/\/secure.gravatar.com\/avatar\/3662341f7d8cdc5668deaa89323e7ee1?s=96&d=mm&r=g\",\"contentUrl\":\"https:\/\/secure.gravatar.com\/avatar\/3662341f7d8cdc5668deaa89323e7ee1?s=96&d=mm&r=g\",\"caption\":\"adportte\"},\"url\":\"https:\/\/porttecafe.com\/blog\/author\/adportte\/\"}]}<\/script>\n<!-- \/ Yoast SEO plugin. -->","yoast_head_json":{"title":"Maquinas de cafe, Hay que tomar cafe no masticarlo - Portte cafe","robots":{"index":"index","follow":"follow","max-snippet":"max-snippet:-1","max-image-preview":"max-image-preview:large","max-video-preview":"max-video-preview:-1"},"canonical":"https:\/\/porttecafe.com\/blog\/maquinas-de-cafe-hay-que-tomar-cafe-no-masticarlo\/","og_locale":"es_ES","og_type":"article","og_title":"Maquinas de cafe, Hay que tomar cafe no masticarlo - Portte cafe","og_description":"En ese tiempo de la historia del caf\u00e9, el s\u00f3lido ya hab\u00eda estado pasado a l\u00edquido, en bebida para poder ingerirla tom\u00e1ndola y no mastic\u00e1ndola \u201csi con este se separan como se debe de tomar\u201d, dijo Adbel Kader,emir de argekia, &hellip; Continue reading &rarr;","og_url":"https:\/\/porttecafe.com\/blog\/maquinas-de-cafe-hay-que-tomar-cafe-no-masticarlo\/","og_site_name":"Portte cafe","article_publisher":"https:\/\/www.facebook.com\/porttecafe\/","article_published_time":"2014-12-15T06:20:31+00:00","og_image":[{"url":"http:\/\/porttecafe.com\/blog\/wp-content\/uploads\/2014\/12\/cafe-bufanda-198x300.jpg","type":"","width":"","height":""}],"author":"adportte","twitter_card":"summary_large_image","twitter_creator":"@Porttecafe","twitter_site":"@Porttecafe","twitter_misc":{"Escrito por":"adportte","Tiempo de lectura":"3 minutos"},"schema":{"@context":"https:\/\/schema.org","@graph":[{"@type":"Article","@id":"https:\/\/porttecafe.com\/blog\/maquinas-de-cafe-hay-que-tomar-cafe-no-masticarlo\/#article","isPartOf":{"@id":"https:\/\/porttecafe.com\/blog\/maquinas-de-cafe-hay-que-tomar-cafe-no-masticarlo\/"},"author":{"name":"adportte","@id":"https:\/\/porttecafe.com\/blog\/#\/schema\/person\/194078094fb4a902e3e0cfcdbdb03f98"},"headline":"Maquinas de cafe, Hay que tomar cafe no masticarlo","datePublished":"2014-12-15T06:20:31+00:00","mainEntityOfPage":{"@id":"https:\/\/porttecafe.com\/blog\/maquinas-de-cafe-hay-que-tomar-cafe-no-masticarlo\/"},"wordCount":688,"publisher":{"@id":"https:\/\/porttecafe.com\/blog\/#organization"},"image":{"@id":"https:\/\/porttecafe.com\/blog\/maquinas-de-cafe-hay-que-tomar-cafe-no-masticarlo\/#primaryimage"},"thumbnailUrl":"http:\/\/porttecafe.com\/blog\/wp-content\/uploads\/2014\/12\/cafe-bufanda-198x300.jpg","keywords":["barra de caf\u00e9","cafe","maquinas de cafe"],"articleSection":["Barra de caf\u00e9","historia del caf\u00e9","Maquinas de cafe"],"inLanguage":"es"},{"@type":"WebPage","@id":"https:\/\/porttecafe.com\/blog\/maquinas-de-cafe-hay-que-tomar-cafe-no-masticarlo\/","url":"https:\/\/porttecafe.com\/blog\/maquinas-de-cafe-hay-que-tomar-cafe-no-masticarlo\/","name":"Maquinas de cafe, Hay que tomar cafe no masticarlo - Portte cafe","isPartOf":{"@id":"https:\/\/porttecafe.com\/blog\/#website"},"primaryImageOfPage":{"@id":"https:\/\/porttecafe.com\/blog\/maquinas-de-cafe-hay-que-tomar-cafe-no-masticarlo\/#primaryimage"},"image":{"@id":"https:\/\/porttecafe.com\/blog\/maquinas-de-cafe-hay-que-tomar-cafe-no-masticarlo\/#primaryimage"},"thumbnailUrl":"http:\/\/porttecafe.com\/blog\/wp-content\/uploads\/2014\/12\/cafe-bufanda-198x300.jpg","datePublished":"2014-12-15T06:20:31+00:00","breadcrumb":{"@id":"https:\/\/porttecafe.com\/blog\/maquinas-de-cafe-hay-que-tomar-cafe-no-masticarlo\/#breadcrumb"},"inLanguage":"es","potentialAction":[{"@type":"ReadAction","target":["https:\/\/porttecafe.com\/blog\/maquinas-de-cafe-hay-que-tomar-cafe-no-masticarlo\/"]}]},{"@type":"ImageObject","inLanguage":"es","@id":"https:\/\/porttecafe.com\/blog\/maquinas-de-cafe-hay-que-tomar-cafe-no-masticarlo\/#primaryimage","url":"http:\/\/porttecafe.com\/blog\/wp-content\/uploads\/2014\/12\/cafe-bufanda-198x300.jpg","contentUrl":"http:\/\/porttecafe.com\/blog\/wp-content\/uploads\/2014\/12\/cafe-bufanda-198x300.jpg"},{"@type":"BreadcrumbList","@id":"https:\/\/porttecafe.com\/blog\/maquinas-de-cafe-hay-que-tomar-cafe-no-masticarlo\/#breadcrumb","itemListElement":[{"@type":"ListItem","position":1,"name":"Portada","item":"https:\/\/porttecafe.com\/blog\/"},{"@type":"ListItem","position":2,"name":"Maquinas de cafe, Hay que tomar cafe no masticarlo"}]},{"@type":"WebSite","@id":"https:\/\/porttecafe.com\/blog\/#website","url":"https:\/\/porttecafe.com\/blog\/","name":"Portte cafe","description":"Servicio de m\u00e1quinas de cafe","publisher":{"@id":"https:\/\/porttecafe.com\/blog\/#organization"},"potentialAction":[{"@type":"SearchAction","target":{"@type":"EntryPoint","urlTemplate":"https:\/\/porttecafe.com\/blog\/?s={search_term_string}"},"query-input":{"@type":"PropertyValueSpecification","valueRequired":true,"valueName":"search_term_string"}}],"inLanguage":"es"},{"@type":"Organization","@id":"https:\/\/porttecafe.com\/blog\/#organization","name":"Portte cafe","url":"https:\/\/porttecafe.com\/blog\/","logo":{"@type":"ImageObject","inLanguage":"es","@id":"https:\/\/porttecafe.com\/blog\/#\/schema\/logo\/image\/","url":"http:\/\/porttecafe.com\/blog\/wp-content\/uploads\/2023\/01\/logo-oscuro.png","contentUrl":"http:\/\/porttecafe.com\/blog\/wp-content\/uploads\/2023\/01\/logo-oscuro.png","width":493,"height":200,"caption":"Portte cafe"},"image":{"@id":"https:\/\/porttecafe.com\/blog\/#\/schema\/logo\/image\/"},"sameAs":["https:\/\/www.facebook.com\/porttecafe\/","https:\/\/x.com\/Porttecafe","https:\/\/www.youtube.com\/user\/porttecafe","https:\/\/www.instagram.com\/porttecafe\/"]},{"@type":"Person","@id":"https:\/\/porttecafe.com\/blog\/#\/schema\/person\/194078094fb4a902e3e0cfcdbdb03f98","name":"adportte","image":{"@type":"ImageObject","inLanguage":"es","@id":"https:\/\/porttecafe.com\/blog\/#\/schema\/person\/image\/","url":"https:\/\/secure.gravatar.com\/avatar\/3662341f7d8cdc5668deaa89323e7ee1?s=96&d=mm&r=g","contentUrl":"https:\/\/secure.gravatar.com\/avatar\/3662341f7d8cdc5668deaa89323e7ee1?s=96&d=mm&r=g","caption":"adportte"},"url":"https:\/\/porttecafe.com\/blog\/author\/adportte\/"}]}},"_links":{"self":[{"href":"https:\/\/porttecafe.com\/blog\/wp-json\/wp\/v2\/posts\/242","targetHints":{"allow":["GET"]}}],"collection":[{"href":"https:\/\/porttecafe.com\/blog\/wp-json\/wp\/v2\/posts"}],"about":[{"href":"https:\/\/porttecafe.com\/blog\/wp-json\/wp\/v2\/types\/post"}],"author":[{"embeddable":true,"href":"https:\/\/porttecafe.com\/blog\/wp-json\/wp\/v2\/users\/1"}],"replies":[{"embeddable":true,"href":"https:\/\/porttecafe.com\/blog\/wp-json\/wp\/v2\/comments?post=242"}],"version-history":[{"count":0,"href":"https:\/\/porttecafe.com\/blog\/wp-json\/wp\/v2\/posts\/242\/revisions"}],"wp:attachment":[{"href":"https:\/\/porttecafe.com\/blog\/wp-json\/wp\/v2\/media?parent=242"}],"wp:term":[{"taxonomy":"category","embeddable":true,"href":"https:\/\/porttecafe.com\/blog\/wp-json\/wp\/v2\/categories?post=242"},{"taxonomy":"post_tag","embeddable":true,"href":"https:\/\/porttecafe.com\/blog\/wp-json\/wp\/v2\/tags?post=242"}],"curies":[{"name":"wp","href":"https:\/\/api.w.org\/{rel}","templated":true}]}}