{"id":245,"date":"2014-12-17T15:18:39","date_gmt":"2014-12-17T21:18:39","guid":{"rendered":"http:\/\/porttecafe.com\/blog\/?p=245"},"modified":"2014-12-17T15:18:39","modified_gmt":"2014-12-17T21:18:39","slug":"historias-de-cafe-aceptadas","status":"publish","type":"post","link":"https:\/\/porttecafe.com\/blog\/historias-de-cafe-aceptadas\/","title":{"rendered":"Historias de cafe aceptadas"},"content":{"rendered":"<div style=\"padding-bottom:20px; padding-top:10px;\" class=\"hupso-share-buttons\"><!-- Hupso Share Buttons - http:\/\/www.hupso.com\/share\/ --><a class=\"hupso_counters\" href=\"http:\/\/www.hupso.com\/share\/\"><img decoding=\"async\" src=\"https:\/\/static.hupso.com\/share\/buttons\/lang\/es\/share-small.png\" style=\"border:0px; padding-top:2px; float:left;\" alt=\"Share Button\"\/><\/a><script type=\"text\/javascript\">var hupso_services_c=new Array(\"twitter\",\"facebook_like\",\"facebook_send\",\"google\",\"pinterest\",\"linkedin\");var hupso_counters_lang = \"es_LA\";var hupso_image_folder_url = \"\";var hupso_url_c=\"\";var hupso_title_c=\"Historias de cafe aceptadas\";<\/script><script type=\"text\/javascript\" src=\"https:\/\/static.hupso.com\/share\/js\/counters.js\"><\/script><!-- Hupso Share Buttons --><\/div><p><a href=\"http:\/\/porttecafe.com\/blog\/wp-content\/uploads\/2014\/12\/cafe-telera.jpg\"><img loading=\"lazy\" decoding=\"async\" class=\"alignleft size-medium wp-image-246\" src=\"http:\/\/porttecafe.com\/blog\/wp-content\/uploads\/2014\/12\/cafe-telera-300x198.jpg\" alt=\"cafe-telera\" width=\"300\" height=\"198\" \/><\/a>Las historias que se han contado acerca del cafe y que mejor aceptadas han sido so las que se crearon unos cuantos a\u00f1os despu\u00e9s del Islam, la mayor parte de la poblaci\u00f3n de am\u00e9rica y del oriente asocian al Islam con el terrorismo y delincuencia, fan\u00e1ticos de barbas y bigotes largos que tienen una fuera falta de papel higi\u00e9nico en sus ba\u00f1os. Esto aunque parezca dif\u00edcil de creer es tonto y a la vez es realidad. Pero a pesar de todos los estereotipos que la sociedad le pueda poner al Islam, el Islam es una hermosa religi\u00f3. Pero como cualquier cosa en el mundo no es perfecta. Porque cualquier religi\u00f3n que diga que m\u00ednimo la mitad de la gente que perteneces a esa religi\u00f3n tiene que ser obligatoriamente rico, resulta dif\u00edcil o m\u00e1s bien imposible no cuestionarla. Dijo el periodista llamado Stewart Lee Allen de california, en su exploraci\u00f3n personal como persona que fue llevada solo por inter\u00e9s personal para informarse y buscar m\u00e1s acerca de alg\u00fan acontecimiento que haya impulsado bastante la historia de caf\u00e9 como: en sus tiempos de auge, el Islam en ese entonces representaba lo mejor que pod\u00eda haber en la raza humana en ese momento por su producci\u00f3n de caf\u00e9 mientras que las dem\u00e1s personas de todo el mundo en especial los europeos estaban clavados en lo de la edad media, los musulmanes estudiaban a Arist\u00f3teles, inventaron varias cosas, entre esas el \u00e1lgebra y varias civilizaciones que en la historia son de las m\u00e1s elegante que han existido.<\/p>\n<p>Esos convoques cafeteros de los suf\u00edes, que eran liderados por un cham\u00e1n, se hizo famoso para la sociedad \u00e1rabe e incluso se convirti\u00f3 en ceremonias paganas m\u00e1s ligadas a la adicci\u00f3n de tomar caf\u00e9 que a alg\u00fan asunto o causa religiosa. Algunas personas cuando hablaban de \u00e9l Cor\u00e1n, en sus herm\u00e9ticos textos llenos por todas partes de mandatos, incluso por alg\u00fan tiempo fue suspendida y llego a ser prohibida porque persuad\u00eda a la gente a caer en el vicio de marqaha, lo cual era algo similar a la cafe\u00edna que era provocada por la euforia en cabras, reba\u00f1os animales, personas y cualquier tipo de ser vivo. Paro con todos los gustos de la persona que era la propietaria y el fan\u00e1tico, ellos la personalizaban.<\/p>\n<p>Sin mozos de alguna casa blanca o alg\u00fan lugar con mucho poder sobre los dem\u00e1s y con todas las comodidades habidas y por haber, la primera cafeter\u00eda modera de la antig\u00fcedad que a la fecha sigue con sus puertas abiertas desde el a\u00f1o 1475 se llama Kiva Han, es su tiempo estuvo localizada en el cetro de Constantinopla, la cual ahora es la capital de los imperios romanos, bizantino, latino y otomano, un punto medio actualmente entre el occidente y el oriente hoy en d\u00eda es llamado Estambul. El se\u00f1or encargado de una parte de la historia llamado William Harrison pudo encontrar una cafeter\u00eda a\u00fan m\u00e1s antigua pero an\u00f3nima, eso fue lo que \u00e9l escribi\u00f3 en su libro titulado \u201ctodo sobre el caf\u00e9\u201d, este libro fue publicado y abierto al p\u00fablico en el a\u00f1o 1922 despu\u00e9s de que se hizo una exploraci\u00f3n en Turqu\u00eda y en el medio oriente pero de igual manera hay gente que afirma que en ese entonces ya hab\u00eda alrededor de 1400 habitantes en la meca. Pero no importa la manera en que sucedi\u00f3, porque de todas formas los kahve kaneh eran cotos solo para algunas personas que eran se\u00f1ores por lo regular que asistan a lugares a clubes de jockey porte\u00f1o, que reun\u00edan como funcionarios, oligarcas y aterramientos que entre divanes y sitios discut\u00edan sobre los asuntos de pol\u00e9mica en el mundo.<\/p>\n<p>Portte cafe &#8211; maquinas de cafe, servicios de cafe barra de cafe y servicios de coffee break<\/p>\n","protected":false},"excerpt":{"rendered":"<p>Las historias que se han contado acerca del cafe y que mejor aceptadas han sido so las que se crearon unos cuantos a\u00f1os despu\u00e9s del Islam, la mayor parte de la poblaci\u00f3n de am\u00e9rica y del oriente asocian al Islam &hellip; <a href=\"https:\/\/porttecafe.com\/blog\/historias-de-cafe-aceptadas\/\">Continue reading <span class=\"meta-nav\">&rarr;<\/span><\/a><\/p>\n","protected":false},"author":1,"featured_media":0,"comment_status":"closed","ping_status":"open","sticky":false,"template":"","format":"standard","meta":{"footnotes":""},"categories":[2,5,6],"tags":[28,98,122,158],"class_list":["post-245","post","type-post","status-publish","format-standard","hentry","category-barra-de-cafe","category-historia-del-cafe","category-maquinas-de-cafe","tag-cafe","tag-hidtorias-de-cafe","tag-maquinas-de-cafe-2","tag-sifies-cafe"],"yoast_head":"<!-- This site is optimized with the Yoast SEO plugin v26.8 - https:\/\/yoast.com\/product\/yoast-seo-wordpress\/ -->\n<title>Historias de cafe aceptadas - Portte cafe<\/title>\n<meta name=\"robots\" content=\"index, follow, max-snippet:-1, max-image-preview:large, max-video-preview:-1\" \/>\n<link rel=\"canonical\" href=\"https:\/\/porttecafe.com\/blog\/historias-de-cafe-aceptadas\/\" \/>\n<meta property=\"og:locale\" content=\"es_ES\" \/>\n<meta property=\"og:type\" content=\"article\" \/>\n<meta property=\"og:title\" content=\"Historias de cafe aceptadas - Portte cafe\" \/>\n<meta property=\"og:description\" content=\"Las historias que se han contado acerca del cafe y que mejor aceptadas han sido so las que se crearon unos cuantos a\u00f1os despu\u00e9s del Islam, la mayor parte de la poblaci\u00f3n de am\u00e9rica y del oriente asocian al Islam &hellip; Continue reading &rarr;\" \/>\n<meta property=\"og:url\" content=\"https:\/\/porttecafe.com\/blog\/historias-de-cafe-aceptadas\/\" \/>\n<meta property=\"og:site_name\" content=\"Portte cafe\" \/>\n<meta property=\"article:publisher\" content=\"https:\/\/www.facebook.com\/porttecafe\/\" \/>\n<meta property=\"article:published_time\" content=\"2014-12-17T21:18:39+00:00\" \/>\n<meta property=\"og:image\" content=\"http:\/\/porttecafe.com\/blog\/wp-content\/uploads\/2014\/12\/cafe-telera-300x198.jpg\" \/>\n<meta name=\"author\" content=\"adportte\" \/>\n<meta name=\"twitter:card\" content=\"summary_large_image\" \/>\n<meta name=\"twitter:creator\" content=\"@Porttecafe\" \/>\n<meta name=\"twitter:site\" content=\"@Porttecafe\" \/>\n<meta name=\"twitter:label1\" content=\"Escrito por\" \/>\n\t<meta name=\"twitter:data1\" content=\"adportte\" \/>\n\t<meta name=\"twitter:label2\" content=\"Tiempo de lectura\" \/>\n\t<meta name=\"twitter:data2\" content=\"3 minutos\" \/>\n<script type=\"application\/ld+json\" class=\"yoast-schema-graph\">{\"@context\":\"https:\/\/schema.org\",\"@graph\":[{\"@type\":\"Article\",\"@id\":\"https:\/\/porttecafe.com\/blog\/historias-de-cafe-aceptadas\/#article\",\"isPartOf\":{\"@id\":\"https:\/\/porttecafe.com\/blog\/historias-de-cafe-aceptadas\/\"},\"author\":{\"name\":\"adportte\",\"@id\":\"https:\/\/porttecafe.com\/blog\/#\/schema\/person\/194078094fb4a902e3e0cfcdbdb03f98\"},\"headline\":\"Historias de cafe aceptadas\",\"datePublished\":\"2014-12-17T21:18:39+00:00\",\"mainEntityOfPage\":{\"@id\":\"https:\/\/porttecafe.com\/blog\/historias-de-cafe-aceptadas\/\"},\"wordCount\":678,\"publisher\":{\"@id\":\"https:\/\/porttecafe.com\/blog\/#organization\"},\"image\":{\"@id\":\"https:\/\/porttecafe.com\/blog\/historias-de-cafe-aceptadas\/#primaryimage\"},\"thumbnailUrl\":\"http:\/\/porttecafe.com\/blog\/wp-content\/uploads\/2014\/12\/cafe-telera-300x198.jpg\",\"keywords\":[\"cafe\",\"hidtorias de cafe\",\"maquinas de cafe\",\"sifies cafe\"],\"articleSection\":[\"Barra de caf\u00e9\",\"historia del caf\u00e9\",\"Maquinas de cafe\"],\"inLanguage\":\"es\"},{\"@type\":\"WebPage\",\"@id\":\"https:\/\/porttecafe.com\/blog\/historias-de-cafe-aceptadas\/\",\"url\":\"https:\/\/porttecafe.com\/blog\/historias-de-cafe-aceptadas\/\",\"name\":\"Historias de cafe aceptadas - Portte cafe\",\"isPartOf\":{\"@id\":\"https:\/\/porttecafe.com\/blog\/#website\"},\"primaryImageOfPage\":{\"@id\":\"https:\/\/porttecafe.com\/blog\/historias-de-cafe-aceptadas\/#primaryimage\"},\"image\":{\"@id\":\"https:\/\/porttecafe.com\/blog\/historias-de-cafe-aceptadas\/#primaryimage\"},\"thumbnailUrl\":\"http:\/\/porttecafe.com\/blog\/wp-content\/uploads\/2014\/12\/cafe-telera-300x198.jpg\",\"datePublished\":\"2014-12-17T21:18:39+00:00\",\"breadcrumb\":{\"@id\":\"https:\/\/porttecafe.com\/blog\/historias-de-cafe-aceptadas\/#breadcrumb\"},\"inLanguage\":\"es\",\"potentialAction\":[{\"@type\":\"ReadAction\",\"target\":[\"https:\/\/porttecafe.com\/blog\/historias-de-cafe-aceptadas\/\"]}]},{\"@type\":\"ImageObject\",\"inLanguage\":\"es\",\"@id\":\"https:\/\/porttecafe.com\/blog\/historias-de-cafe-aceptadas\/#primaryimage\",\"url\":\"http:\/\/porttecafe.com\/blog\/wp-content\/uploads\/2014\/12\/cafe-telera-300x198.jpg\",\"contentUrl\":\"http:\/\/porttecafe.com\/blog\/wp-content\/uploads\/2014\/12\/cafe-telera-300x198.jpg\"},{\"@type\":\"BreadcrumbList\",\"@id\":\"https:\/\/porttecafe.com\/blog\/historias-de-cafe-aceptadas\/#breadcrumb\",\"itemListElement\":[{\"@type\":\"ListItem\",\"position\":1,\"name\":\"Portada\",\"item\":\"https:\/\/porttecafe.com\/blog\/\"},{\"@type\":\"ListItem\",\"position\":2,\"name\":\"Historias de cafe aceptadas\"}]},{\"@type\":\"WebSite\",\"@id\":\"https:\/\/porttecafe.com\/blog\/#website\",\"url\":\"https:\/\/porttecafe.com\/blog\/\",\"name\":\"Portte cafe\",\"description\":\"Servicio de m\u00e1quinas de cafe\",\"publisher\":{\"@id\":\"https:\/\/porttecafe.com\/blog\/#organization\"},\"potentialAction\":[{\"@type\":\"SearchAction\",\"target\":{\"@type\":\"EntryPoint\",\"urlTemplate\":\"https:\/\/porttecafe.com\/blog\/?s={search_term_string}\"},\"query-input\":{\"@type\":\"PropertyValueSpecification\",\"valueRequired\":true,\"valueName\":\"search_term_string\"}}],\"inLanguage\":\"es\"},{\"@type\":\"Organization\",\"@id\":\"https:\/\/porttecafe.com\/blog\/#organization\",\"name\":\"Portte cafe\",\"url\":\"https:\/\/porttecafe.com\/blog\/\",\"logo\":{\"@type\":\"ImageObject\",\"inLanguage\":\"es\",\"@id\":\"https:\/\/porttecafe.com\/blog\/#\/schema\/logo\/image\/\",\"url\":\"http:\/\/porttecafe.com\/blog\/wp-content\/uploads\/2023\/01\/logo-oscuro.png\",\"contentUrl\":\"http:\/\/porttecafe.com\/blog\/wp-content\/uploads\/2023\/01\/logo-oscuro.png\",\"width\":493,\"height\":200,\"caption\":\"Portte cafe\"},\"image\":{\"@id\":\"https:\/\/porttecafe.com\/blog\/#\/schema\/logo\/image\/\"},\"sameAs\":[\"https:\/\/www.facebook.com\/porttecafe\/\",\"https:\/\/x.com\/Porttecafe\",\"https:\/\/www.youtube.com\/user\/porttecafe\",\"https:\/\/www.instagram.com\/porttecafe\/\"]},{\"@type\":\"Person\",\"@id\":\"https:\/\/porttecafe.com\/blog\/#\/schema\/person\/194078094fb4a902e3e0cfcdbdb03f98\",\"name\":\"adportte\",\"image\":{\"@type\":\"ImageObject\",\"inLanguage\":\"es\",\"@id\":\"https:\/\/porttecafe.com\/blog\/#\/schema\/person\/image\/\",\"url\":\"https:\/\/secure.gravatar.com\/avatar\/3662341f7d8cdc5668deaa89323e7ee1?s=96&d=mm&r=g\",\"contentUrl\":\"https:\/\/secure.gravatar.com\/avatar\/3662341f7d8cdc5668deaa89323e7ee1?s=96&d=mm&r=g\",\"caption\":\"adportte\"},\"url\":\"https:\/\/porttecafe.com\/blog\/author\/adportte\/\"}]}<\/script>\n<!-- \/ Yoast SEO plugin. -->","yoast_head_json":{"title":"Historias de cafe aceptadas - Portte cafe","robots":{"index":"index","follow":"follow","max-snippet":"max-snippet:-1","max-image-preview":"max-image-preview:large","max-video-preview":"max-video-preview:-1"},"canonical":"https:\/\/porttecafe.com\/blog\/historias-de-cafe-aceptadas\/","og_locale":"es_ES","og_type":"article","og_title":"Historias de cafe aceptadas - Portte cafe","og_description":"Las historias que se han contado acerca del cafe y que mejor aceptadas han sido so las que se crearon unos cuantos a\u00f1os despu\u00e9s del Islam, la mayor parte de la poblaci\u00f3n de am\u00e9rica y del oriente asocian al Islam &hellip; Continue reading &rarr;","og_url":"https:\/\/porttecafe.com\/blog\/historias-de-cafe-aceptadas\/","og_site_name":"Portte cafe","article_publisher":"https:\/\/www.facebook.com\/porttecafe\/","article_published_time":"2014-12-17T21:18:39+00:00","og_image":[{"url":"http:\/\/porttecafe.com\/blog\/wp-content\/uploads\/2014\/12\/cafe-telera-300x198.jpg","type":"","width":"","height":""}],"author":"adportte","twitter_card":"summary_large_image","twitter_creator":"@Porttecafe","twitter_site":"@Porttecafe","twitter_misc":{"Escrito por":"adportte","Tiempo de lectura":"3 minutos"},"schema":{"@context":"https:\/\/schema.org","@graph":[{"@type":"Article","@id":"https:\/\/porttecafe.com\/blog\/historias-de-cafe-aceptadas\/#article","isPartOf":{"@id":"https:\/\/porttecafe.com\/blog\/historias-de-cafe-aceptadas\/"},"author":{"name":"adportte","@id":"https:\/\/porttecafe.com\/blog\/#\/schema\/person\/194078094fb4a902e3e0cfcdbdb03f98"},"headline":"Historias de cafe aceptadas","datePublished":"2014-12-17T21:18:39+00:00","mainEntityOfPage":{"@id":"https:\/\/porttecafe.com\/blog\/historias-de-cafe-aceptadas\/"},"wordCount":678,"publisher":{"@id":"https:\/\/porttecafe.com\/blog\/#organization"},"image":{"@id":"https:\/\/porttecafe.com\/blog\/historias-de-cafe-aceptadas\/#primaryimage"},"thumbnailUrl":"http:\/\/porttecafe.com\/blog\/wp-content\/uploads\/2014\/12\/cafe-telera-300x198.jpg","keywords":["cafe","hidtorias de cafe","maquinas de cafe","sifies cafe"],"articleSection":["Barra de caf\u00e9","historia del caf\u00e9","Maquinas de cafe"],"inLanguage":"es"},{"@type":"WebPage","@id":"https:\/\/porttecafe.com\/blog\/historias-de-cafe-aceptadas\/","url":"https:\/\/porttecafe.com\/blog\/historias-de-cafe-aceptadas\/","name":"Historias de cafe aceptadas - Portte cafe","isPartOf":{"@id":"https:\/\/porttecafe.com\/blog\/#website"},"primaryImageOfPage":{"@id":"https:\/\/porttecafe.com\/blog\/historias-de-cafe-aceptadas\/#primaryimage"},"image":{"@id":"https:\/\/porttecafe.com\/blog\/historias-de-cafe-aceptadas\/#primaryimage"},"thumbnailUrl":"http:\/\/porttecafe.com\/blog\/wp-content\/uploads\/2014\/12\/cafe-telera-300x198.jpg","datePublished":"2014-12-17T21:18:39+00:00","breadcrumb":{"@id":"https:\/\/porttecafe.com\/blog\/historias-de-cafe-aceptadas\/#breadcrumb"},"inLanguage":"es","potentialAction":[{"@type":"ReadAction","target":["https:\/\/porttecafe.com\/blog\/historias-de-cafe-aceptadas\/"]}]},{"@type":"ImageObject","inLanguage":"es","@id":"https:\/\/porttecafe.com\/blog\/historias-de-cafe-aceptadas\/#primaryimage","url":"http:\/\/porttecafe.com\/blog\/wp-content\/uploads\/2014\/12\/cafe-telera-300x198.jpg","contentUrl":"http:\/\/porttecafe.com\/blog\/wp-content\/uploads\/2014\/12\/cafe-telera-300x198.jpg"},{"@type":"BreadcrumbList","@id":"https:\/\/porttecafe.com\/blog\/historias-de-cafe-aceptadas\/#breadcrumb","itemListElement":[{"@type":"ListItem","position":1,"name":"Portada","item":"https:\/\/porttecafe.com\/blog\/"},{"@type":"ListItem","position":2,"name":"Historias de cafe aceptadas"}]},{"@type":"WebSite","@id":"https:\/\/porttecafe.com\/blog\/#website","url":"https:\/\/porttecafe.com\/blog\/","name":"Portte cafe","description":"Servicio de m\u00e1quinas de cafe","publisher":{"@id":"https:\/\/porttecafe.com\/blog\/#organization"},"potentialAction":[{"@type":"SearchAction","target":{"@type":"EntryPoint","urlTemplate":"https:\/\/porttecafe.com\/blog\/?s={search_term_string}"},"query-input":{"@type":"PropertyValueSpecification","valueRequired":true,"valueName":"search_term_string"}}],"inLanguage":"es"},{"@type":"Organization","@id":"https:\/\/porttecafe.com\/blog\/#organization","name":"Portte cafe","url":"https:\/\/porttecafe.com\/blog\/","logo":{"@type":"ImageObject","inLanguage":"es","@id":"https:\/\/porttecafe.com\/blog\/#\/schema\/logo\/image\/","url":"http:\/\/porttecafe.com\/blog\/wp-content\/uploads\/2023\/01\/logo-oscuro.png","contentUrl":"http:\/\/porttecafe.com\/blog\/wp-content\/uploads\/2023\/01\/logo-oscuro.png","width":493,"height":200,"caption":"Portte cafe"},"image":{"@id":"https:\/\/porttecafe.com\/blog\/#\/schema\/logo\/image\/"},"sameAs":["https:\/\/www.facebook.com\/porttecafe\/","https:\/\/x.com\/Porttecafe","https:\/\/www.youtube.com\/user\/porttecafe","https:\/\/www.instagram.com\/porttecafe\/"]},{"@type":"Person","@id":"https:\/\/porttecafe.com\/blog\/#\/schema\/person\/194078094fb4a902e3e0cfcdbdb03f98","name":"adportte","image":{"@type":"ImageObject","inLanguage":"es","@id":"https:\/\/porttecafe.com\/blog\/#\/schema\/person\/image\/","url":"https:\/\/secure.gravatar.com\/avatar\/3662341f7d8cdc5668deaa89323e7ee1?s=96&d=mm&r=g","contentUrl":"https:\/\/secure.gravatar.com\/avatar\/3662341f7d8cdc5668deaa89323e7ee1?s=96&d=mm&r=g","caption":"adportte"},"url":"https:\/\/porttecafe.com\/blog\/author\/adportte\/"}]}},"_links":{"self":[{"href":"https:\/\/porttecafe.com\/blog\/wp-json\/wp\/v2\/posts\/245","targetHints":{"allow":["GET"]}}],"collection":[{"href":"https:\/\/porttecafe.com\/blog\/wp-json\/wp\/v2\/posts"}],"about":[{"href":"https:\/\/porttecafe.com\/blog\/wp-json\/wp\/v2\/types\/post"}],"author":[{"embeddable":true,"href":"https:\/\/porttecafe.com\/blog\/wp-json\/wp\/v2\/users\/1"}],"replies":[{"embeddable":true,"href":"https:\/\/porttecafe.com\/blog\/wp-json\/wp\/v2\/comments?post=245"}],"version-history":[{"count":0,"href":"https:\/\/porttecafe.com\/blog\/wp-json\/wp\/v2\/posts\/245\/revisions"}],"wp:attachment":[{"href":"https:\/\/porttecafe.com\/blog\/wp-json\/wp\/v2\/media?parent=245"}],"wp:term":[{"taxonomy":"category","embeddable":true,"href":"https:\/\/porttecafe.com\/blog\/wp-json\/wp\/v2\/categories?post=245"},{"taxonomy":"post_tag","embeddable":true,"href":"https:\/\/porttecafe.com\/blog\/wp-json\/wp\/v2\/tags?post=245"}],"curies":[{"name":"wp","href":"https:\/\/api.w.org\/{rel}","templated":true}]}}