{"id":267,"date":"2015-01-15T17:07:46","date_gmt":"2015-01-15T23:07:46","guid":{"rendered":"http:\/\/porttecafe.com\/blog\/?p=267"},"modified":"2015-01-15T17:07:46","modified_gmt":"2015-01-15T23:07:46","slug":"las-maquinas-de-cafe-las-tazas-de-cafe","status":"publish","type":"post","link":"https:\/\/porttecafe.com\/blog\/las-maquinas-de-cafe-las-tazas-de-cafe\/","title":{"rendered":"Las m\u00e1quinas de cafe, las tazas de caf\u00e9"},"content":{"rendered":"<div style=\"padding-bottom:20px; padding-top:10px;\" class=\"hupso-share-buttons\"><!-- Hupso Share Buttons - http:\/\/www.hupso.com\/share\/ --><a class=\"hupso_counters\" href=\"http:\/\/www.hupso.com\/share\/\"><img decoding=\"async\" src=\"https:\/\/static.hupso.com\/share\/buttons\/lang\/es\/share-small.png\" style=\"border:0px; padding-top:2px; float:left;\" alt=\"Share Button\"\/><\/a><script type=\"text\/javascript\">var hupso_services_c=new Array(\"twitter\",\"facebook_like\",\"facebook_send\",\"google\",\"pinterest\",\"linkedin\");var hupso_counters_lang = \"es_LA\";var hupso_image_folder_url = \"\";var hupso_url_c=\"\";var hupso_title_c=\"Las m\u00e1quinas de cafe, las tazas de caf\u00e9\";<\/script><script type=\"text\/javascript\" src=\"https:\/\/static.hupso.com\/share\/js\/counters.js\"><\/script><!-- Hupso Share Buttons --><\/div><p><a href=\"http:\/\/porttecafe.com\/blog\/wp-content\/uploads\/2015\/01\/cafeylentes.jpg\"><img loading=\"lazy\" decoding=\"async\" class=\"alignleft size-medium wp-image-268\" src=\"http:\/\/porttecafe.com\/blog\/wp-content\/uploads\/2015\/01\/cafeylentes-300x200.jpg\" alt=\"cafeylentes\" width=\"300\" height=\"200\" \/><\/a>Hablando de las primeras tazas de caf\u00e9 resulta que el asa del pocillo tiene que indicar con la mano quien ese cargo en el momento de la lectura \u201cdepender\u00e1 todo de como la linterna refleje la sombra del sujeto si habla con la verdad y si es as\u00ed significaba que le estaban por venir unas muy buenas oportunidades\u201d pero por supuesto esto era solo una superstici\u00f3n.<\/p>\n<p>Para demostrar su pericia y sus promesas de confianza, pero hablo antes del futuro que del presente. Quiero creer. En esa \u00e9poca las tazas no estaban bas\u00e1is, sino que tambi\u00e9n estaban decoradas pero no precisamente con dibujos, sino que estaban dibujadas con s\u00edmbolos que representaban cosas para el due\u00f1o de ella, lo que hasta ahora se sabe es de que todos los s\u00edmbolos que estaban pintados a ala izquierda significaban cosas del ayer y todos los que estaban en la parte derecha de la taza eran las cosas que ellos pensaban que iban a suceder en el futuro lo que ellos llamaban \u201cma\u00f1ana\u201d y todos los dibujos y s\u00edmbolos que estuvieran dibujados en el pocillo representaban el presente. Creo. Pero por lo que se ha podido estudiar acerca de los s\u00edmbolos ellos no estaban muy seguros de lo que hab\u00eda pasado en el pasado ya que la mayor\u00eda de los s\u00edmbolos del lado izquierdo eran representados con s\u00edmbolos de interrogaci\u00f3n pero muy seguros de lo que estaba por venir porque los s\u00edmbolos del lado derecho los escrib\u00edan con mucha seguridad y todo lo escrib\u00edan en afirmativo. Si la astrolog\u00edas es ante todo una escuela muy larga de valores como lo que dijo el escritor Batres en su libro titulado \u201cmitolog\u00edas\u201d lo que en ese entonces era conocido como la cafeomacia era antes considerado como un sue\u00f1o, actualmente es considerado como un espejo a la realidad: la mariposa se desase del lugar en el que est\u00e1 descansando pero finalmente abre las alas tan separadas como puede para poder emprender su vuelo, es lo que se alcanzaba a ver en el fono de las vasijas donde se vert\u00eda el caf\u00e9 y cuando el bebedor se iba acabando su bebida se empezaba a ver como una abeja formada por sus rayos imprecisos , como muestra econ\u00f3mica mostrando el excito que tuvo o un sombrero como una prevenci\u00f3n de su gran error. La taza de porcelana derramaba los escritos, dibujos y s\u00edmbolos que se pod\u00edan encontrar en \u00e9l, pero ellos en vez de ver eso como una p\u00e9rdida de tiempo m\u00e1s bien lo ve\u00edan como la gente que hacia esas actividades de pintar sus tasas eran considerados gente intelectual porque despu\u00e9s de cada taza los que ellos asum\u00edan es de que no se puede saber el futuro por medio de una taza y de que lo que en verdad importa es el presente, que de la taza eso era lo \u00fanico que no se borraba porque el futuro se lo va construyendo uno mismo a lo largo del tiempo .<\/p>\n<p>Es muy similar a uno, es la frase con la que finaliza el escritor Villa Crespo, debido a que \u00e9l se actualizaba a todas las costumbres e incluso a las que no eran de \u00e9l porque los libros que el le\u00eda estaban la mayor\u00eda relacionadas con las estrellas entonces el dec\u00eda que todo se deb\u00eda debido a el movimiento de las estrellas, incluso que el pastor haya descubierto la semilla gracias a su reba\u00f1o, incluso hace unos quinientos a\u00f1os atr\u00e1s de descubri\u00f3 un tipo de vasija para el caf\u00e9 en el cual se pudo observar muy notoria mente la cara del surtan y despu\u00e9s de que apareci\u00f3 su rostro la taza empez\u00f3 a hervir. Barra de cafe y servicio de coffee break<\/p>\n","protected":false},"excerpt":{"rendered":"<p>Hablando de las primeras tazas de caf\u00e9 resulta que el asa del pocillo tiene que indicar con la mano quien ese cargo en el momento de la lectura \u201cdepender\u00e1 todo de como la linterna refleje la sombra del sujeto si &hellip; <a href=\"https:\/\/porttecafe.com\/blog\/las-maquinas-de-cafe-las-tazas-de-cafe\/\">Continue reading <span class=\"meta-nav\">&rarr;<\/span><\/a><\/p>\n","protected":false},"author":1,"featured_media":0,"comment_status":"closed","ping_status":"open","sticky":false,"template":"","format":"standard","meta":{"footnotes":""},"categories":[2,5],"tags":[16,122,155],"class_list":["post-267","post","type-post","status-publish","format-standard","hentry","category-barra-de-cafe","category-historia-del-cafe","tag-barra-de-cafe-2","tag-maquinas-de-cafe-2","tag-servicios-de-coffee-break"],"yoast_head":"<!-- This site is optimized with the Yoast SEO plugin v26.8 - https:\/\/yoast.com\/product\/yoast-seo-wordpress\/ -->\n<title>Las m\u00e1quinas de cafe, las tazas de caf\u00e9 - Portte cafe<\/title>\n<meta name=\"robots\" content=\"index, follow, max-snippet:-1, max-image-preview:large, max-video-preview:-1\" \/>\n<link rel=\"canonical\" href=\"https:\/\/porttecafe.com\/blog\/las-maquinas-de-cafe-las-tazas-de-cafe\/\" \/>\n<meta property=\"og:locale\" content=\"es_ES\" \/>\n<meta property=\"og:type\" content=\"article\" \/>\n<meta property=\"og:title\" content=\"Las m\u00e1quinas de cafe, las tazas de caf\u00e9 - Portte cafe\" \/>\n<meta property=\"og:description\" content=\"Hablando de las primeras tazas de caf\u00e9 resulta que el asa del pocillo tiene que indicar con la mano quien ese cargo en el momento de la lectura \u201cdepender\u00e1 todo de como la linterna refleje la sombra del sujeto si &hellip; Continue reading &rarr;\" \/>\n<meta property=\"og:url\" content=\"https:\/\/porttecafe.com\/blog\/las-maquinas-de-cafe-las-tazas-de-cafe\/\" \/>\n<meta property=\"og:site_name\" content=\"Portte cafe\" \/>\n<meta property=\"article:publisher\" content=\"https:\/\/www.facebook.com\/porttecafe\/\" \/>\n<meta property=\"article:published_time\" content=\"2015-01-15T23:07:46+00:00\" \/>\n<meta property=\"og:image\" content=\"http:\/\/porttecafe.com\/blog\/wp-content\/uploads\/2015\/01\/cafeylentes-300x200.jpg\" \/>\n<meta name=\"author\" content=\"adportte\" \/>\n<meta name=\"twitter:card\" content=\"summary_large_image\" \/>\n<meta name=\"twitter:creator\" content=\"@Porttecafe\" \/>\n<meta name=\"twitter:site\" content=\"@Porttecafe\" \/>\n<meta name=\"twitter:label1\" content=\"Escrito por\" \/>\n\t<meta name=\"twitter:data1\" content=\"adportte\" \/>\n\t<meta name=\"twitter:label2\" content=\"Tiempo de lectura\" \/>\n\t<meta name=\"twitter:data2\" content=\"3 minutos\" \/>\n<script type=\"application\/ld+json\" class=\"yoast-schema-graph\">{\"@context\":\"https:\/\/schema.org\",\"@graph\":[{\"@type\":\"Article\",\"@id\":\"https:\/\/porttecafe.com\/blog\/las-maquinas-de-cafe-las-tazas-de-cafe\/#article\",\"isPartOf\":{\"@id\":\"https:\/\/porttecafe.com\/blog\/las-maquinas-de-cafe-las-tazas-de-cafe\/\"},\"author\":{\"name\":\"adportte\",\"@id\":\"https:\/\/porttecafe.com\/blog\/#\/schema\/person\/194078094fb4a902e3e0cfcdbdb03f98\"},\"headline\":\"Las m\u00e1quinas de cafe, las tazas de caf\u00e9\",\"datePublished\":\"2015-01-15T23:07:46+00:00\",\"mainEntityOfPage\":{\"@id\":\"https:\/\/porttecafe.com\/blog\/las-maquinas-de-cafe-las-tazas-de-cafe\/\"},\"wordCount\":659,\"publisher\":{\"@id\":\"https:\/\/porttecafe.com\/blog\/#organization\"},\"image\":{\"@id\":\"https:\/\/porttecafe.com\/blog\/las-maquinas-de-cafe-las-tazas-de-cafe\/#primaryimage\"},\"thumbnailUrl\":\"http:\/\/porttecafe.com\/blog\/wp-content\/uploads\/2015\/01\/cafeylentes-300x200.jpg\",\"keywords\":[\"barra de caf\u00e9\",\"maquinas de cafe\",\"servicios de coffee break\"],\"articleSection\":[\"Barra de caf\u00e9\",\"historia del caf\u00e9\"],\"inLanguage\":\"es\"},{\"@type\":\"WebPage\",\"@id\":\"https:\/\/porttecafe.com\/blog\/las-maquinas-de-cafe-las-tazas-de-cafe\/\",\"url\":\"https:\/\/porttecafe.com\/blog\/las-maquinas-de-cafe-las-tazas-de-cafe\/\",\"name\":\"Las m\u00e1quinas de cafe, las tazas de caf\u00e9 - Portte cafe\",\"isPartOf\":{\"@id\":\"https:\/\/porttecafe.com\/blog\/#website\"},\"primaryImageOfPage\":{\"@id\":\"https:\/\/porttecafe.com\/blog\/las-maquinas-de-cafe-las-tazas-de-cafe\/#primaryimage\"},\"image\":{\"@id\":\"https:\/\/porttecafe.com\/blog\/las-maquinas-de-cafe-las-tazas-de-cafe\/#primaryimage\"},\"thumbnailUrl\":\"http:\/\/porttecafe.com\/blog\/wp-content\/uploads\/2015\/01\/cafeylentes-300x200.jpg\",\"datePublished\":\"2015-01-15T23:07:46+00:00\",\"breadcrumb\":{\"@id\":\"https:\/\/porttecafe.com\/blog\/las-maquinas-de-cafe-las-tazas-de-cafe\/#breadcrumb\"},\"inLanguage\":\"es\",\"potentialAction\":[{\"@type\":\"ReadAction\",\"target\":[\"https:\/\/porttecafe.com\/blog\/las-maquinas-de-cafe-las-tazas-de-cafe\/\"]}]},{\"@type\":\"ImageObject\",\"inLanguage\":\"es\",\"@id\":\"https:\/\/porttecafe.com\/blog\/las-maquinas-de-cafe-las-tazas-de-cafe\/#primaryimage\",\"url\":\"http:\/\/porttecafe.com\/blog\/wp-content\/uploads\/2015\/01\/cafeylentes-300x200.jpg\",\"contentUrl\":\"http:\/\/porttecafe.com\/blog\/wp-content\/uploads\/2015\/01\/cafeylentes-300x200.jpg\"},{\"@type\":\"BreadcrumbList\",\"@id\":\"https:\/\/porttecafe.com\/blog\/las-maquinas-de-cafe-las-tazas-de-cafe\/#breadcrumb\",\"itemListElement\":[{\"@type\":\"ListItem\",\"position\":1,\"name\":\"Portada\",\"item\":\"https:\/\/porttecafe.com\/blog\/\"},{\"@type\":\"ListItem\",\"position\":2,\"name\":\"Las m\u00e1quinas de cafe, las tazas de caf\u00e9\"}]},{\"@type\":\"WebSite\",\"@id\":\"https:\/\/porttecafe.com\/blog\/#website\",\"url\":\"https:\/\/porttecafe.com\/blog\/\",\"name\":\"Portte cafe\",\"description\":\"Servicio de m\u00e1quinas de cafe\",\"publisher\":{\"@id\":\"https:\/\/porttecafe.com\/blog\/#organization\"},\"potentialAction\":[{\"@type\":\"SearchAction\",\"target\":{\"@type\":\"EntryPoint\",\"urlTemplate\":\"https:\/\/porttecafe.com\/blog\/?s={search_term_string}\"},\"query-input\":{\"@type\":\"PropertyValueSpecification\",\"valueRequired\":true,\"valueName\":\"search_term_string\"}}],\"inLanguage\":\"es\"},{\"@type\":\"Organization\",\"@id\":\"https:\/\/porttecafe.com\/blog\/#organization\",\"name\":\"Portte cafe\",\"url\":\"https:\/\/porttecafe.com\/blog\/\",\"logo\":{\"@type\":\"ImageObject\",\"inLanguage\":\"es\",\"@id\":\"https:\/\/porttecafe.com\/blog\/#\/schema\/logo\/image\/\",\"url\":\"http:\/\/porttecafe.com\/blog\/wp-content\/uploads\/2023\/01\/logo-oscuro.png\",\"contentUrl\":\"http:\/\/porttecafe.com\/blog\/wp-content\/uploads\/2023\/01\/logo-oscuro.png\",\"width\":493,\"height\":200,\"caption\":\"Portte cafe\"},\"image\":{\"@id\":\"https:\/\/porttecafe.com\/blog\/#\/schema\/logo\/image\/\"},\"sameAs\":[\"https:\/\/www.facebook.com\/porttecafe\/\",\"https:\/\/x.com\/Porttecafe\",\"https:\/\/www.youtube.com\/user\/porttecafe\",\"https:\/\/www.instagram.com\/porttecafe\/\"]},{\"@type\":\"Person\",\"@id\":\"https:\/\/porttecafe.com\/blog\/#\/schema\/person\/194078094fb4a902e3e0cfcdbdb03f98\",\"name\":\"adportte\",\"image\":{\"@type\":\"ImageObject\",\"inLanguage\":\"es\",\"@id\":\"https:\/\/porttecafe.com\/blog\/#\/schema\/person\/image\/\",\"url\":\"https:\/\/secure.gravatar.com\/avatar\/3662341f7d8cdc5668deaa89323e7ee1?s=96&d=mm&r=g\",\"contentUrl\":\"https:\/\/secure.gravatar.com\/avatar\/3662341f7d8cdc5668deaa89323e7ee1?s=96&d=mm&r=g\",\"caption\":\"adportte\"},\"url\":\"https:\/\/porttecafe.com\/blog\/author\/adportte\/\"}]}<\/script>\n<!-- \/ Yoast SEO plugin. -->","yoast_head_json":{"title":"Las m\u00e1quinas de cafe, las tazas de caf\u00e9 - Portte cafe","robots":{"index":"index","follow":"follow","max-snippet":"max-snippet:-1","max-image-preview":"max-image-preview:large","max-video-preview":"max-video-preview:-1"},"canonical":"https:\/\/porttecafe.com\/blog\/las-maquinas-de-cafe-las-tazas-de-cafe\/","og_locale":"es_ES","og_type":"article","og_title":"Las m\u00e1quinas de cafe, las tazas de caf\u00e9 - Portte cafe","og_description":"Hablando de las primeras tazas de caf\u00e9 resulta que el asa del pocillo tiene que indicar con la mano quien ese cargo en el momento de la lectura \u201cdepender\u00e1 todo de como la linterna refleje la sombra del sujeto si &hellip; Continue reading &rarr;","og_url":"https:\/\/porttecafe.com\/blog\/las-maquinas-de-cafe-las-tazas-de-cafe\/","og_site_name":"Portte cafe","article_publisher":"https:\/\/www.facebook.com\/porttecafe\/","article_published_time":"2015-01-15T23:07:46+00:00","og_image":[{"url":"http:\/\/porttecafe.com\/blog\/wp-content\/uploads\/2015\/01\/cafeylentes-300x200.jpg","type":"","width":"","height":""}],"author":"adportte","twitter_card":"summary_large_image","twitter_creator":"@Porttecafe","twitter_site":"@Porttecafe","twitter_misc":{"Escrito por":"adportte","Tiempo de lectura":"3 minutos"},"schema":{"@context":"https:\/\/schema.org","@graph":[{"@type":"Article","@id":"https:\/\/porttecafe.com\/blog\/las-maquinas-de-cafe-las-tazas-de-cafe\/#article","isPartOf":{"@id":"https:\/\/porttecafe.com\/blog\/las-maquinas-de-cafe-las-tazas-de-cafe\/"},"author":{"name":"adportte","@id":"https:\/\/porttecafe.com\/blog\/#\/schema\/person\/194078094fb4a902e3e0cfcdbdb03f98"},"headline":"Las m\u00e1quinas de cafe, las tazas de caf\u00e9","datePublished":"2015-01-15T23:07:46+00:00","mainEntityOfPage":{"@id":"https:\/\/porttecafe.com\/blog\/las-maquinas-de-cafe-las-tazas-de-cafe\/"},"wordCount":659,"publisher":{"@id":"https:\/\/porttecafe.com\/blog\/#organization"},"image":{"@id":"https:\/\/porttecafe.com\/blog\/las-maquinas-de-cafe-las-tazas-de-cafe\/#primaryimage"},"thumbnailUrl":"http:\/\/porttecafe.com\/blog\/wp-content\/uploads\/2015\/01\/cafeylentes-300x200.jpg","keywords":["barra de caf\u00e9","maquinas de cafe","servicios de coffee break"],"articleSection":["Barra de caf\u00e9","historia del caf\u00e9"],"inLanguage":"es"},{"@type":"WebPage","@id":"https:\/\/porttecafe.com\/blog\/las-maquinas-de-cafe-las-tazas-de-cafe\/","url":"https:\/\/porttecafe.com\/blog\/las-maquinas-de-cafe-las-tazas-de-cafe\/","name":"Las m\u00e1quinas de cafe, las tazas de caf\u00e9 - Portte cafe","isPartOf":{"@id":"https:\/\/porttecafe.com\/blog\/#website"},"primaryImageOfPage":{"@id":"https:\/\/porttecafe.com\/blog\/las-maquinas-de-cafe-las-tazas-de-cafe\/#primaryimage"},"image":{"@id":"https:\/\/porttecafe.com\/blog\/las-maquinas-de-cafe-las-tazas-de-cafe\/#primaryimage"},"thumbnailUrl":"http:\/\/porttecafe.com\/blog\/wp-content\/uploads\/2015\/01\/cafeylentes-300x200.jpg","datePublished":"2015-01-15T23:07:46+00:00","breadcrumb":{"@id":"https:\/\/porttecafe.com\/blog\/las-maquinas-de-cafe-las-tazas-de-cafe\/#breadcrumb"},"inLanguage":"es","potentialAction":[{"@type":"ReadAction","target":["https:\/\/porttecafe.com\/blog\/las-maquinas-de-cafe-las-tazas-de-cafe\/"]}]},{"@type":"ImageObject","inLanguage":"es","@id":"https:\/\/porttecafe.com\/blog\/las-maquinas-de-cafe-las-tazas-de-cafe\/#primaryimage","url":"http:\/\/porttecafe.com\/blog\/wp-content\/uploads\/2015\/01\/cafeylentes-300x200.jpg","contentUrl":"http:\/\/porttecafe.com\/blog\/wp-content\/uploads\/2015\/01\/cafeylentes-300x200.jpg"},{"@type":"BreadcrumbList","@id":"https:\/\/porttecafe.com\/blog\/las-maquinas-de-cafe-las-tazas-de-cafe\/#breadcrumb","itemListElement":[{"@type":"ListItem","position":1,"name":"Portada","item":"https:\/\/porttecafe.com\/blog\/"},{"@type":"ListItem","position":2,"name":"Las m\u00e1quinas de cafe, las tazas de caf\u00e9"}]},{"@type":"WebSite","@id":"https:\/\/porttecafe.com\/blog\/#website","url":"https:\/\/porttecafe.com\/blog\/","name":"Portte cafe","description":"Servicio de m\u00e1quinas de cafe","publisher":{"@id":"https:\/\/porttecafe.com\/blog\/#organization"},"potentialAction":[{"@type":"SearchAction","target":{"@type":"EntryPoint","urlTemplate":"https:\/\/porttecafe.com\/blog\/?s={search_term_string}"},"query-input":{"@type":"PropertyValueSpecification","valueRequired":true,"valueName":"search_term_string"}}],"inLanguage":"es"},{"@type":"Organization","@id":"https:\/\/porttecafe.com\/blog\/#organization","name":"Portte cafe","url":"https:\/\/porttecafe.com\/blog\/","logo":{"@type":"ImageObject","inLanguage":"es","@id":"https:\/\/porttecafe.com\/blog\/#\/schema\/logo\/image\/","url":"http:\/\/porttecafe.com\/blog\/wp-content\/uploads\/2023\/01\/logo-oscuro.png","contentUrl":"http:\/\/porttecafe.com\/blog\/wp-content\/uploads\/2023\/01\/logo-oscuro.png","width":493,"height":200,"caption":"Portte cafe"},"image":{"@id":"https:\/\/porttecafe.com\/blog\/#\/schema\/logo\/image\/"},"sameAs":["https:\/\/www.facebook.com\/porttecafe\/","https:\/\/x.com\/Porttecafe","https:\/\/www.youtube.com\/user\/porttecafe","https:\/\/www.instagram.com\/porttecafe\/"]},{"@type":"Person","@id":"https:\/\/porttecafe.com\/blog\/#\/schema\/person\/194078094fb4a902e3e0cfcdbdb03f98","name":"adportte","image":{"@type":"ImageObject","inLanguage":"es","@id":"https:\/\/porttecafe.com\/blog\/#\/schema\/person\/image\/","url":"https:\/\/secure.gravatar.com\/avatar\/3662341f7d8cdc5668deaa89323e7ee1?s=96&d=mm&r=g","contentUrl":"https:\/\/secure.gravatar.com\/avatar\/3662341f7d8cdc5668deaa89323e7ee1?s=96&d=mm&r=g","caption":"adportte"},"url":"https:\/\/porttecafe.com\/blog\/author\/adportte\/"}]}},"_links":{"self":[{"href":"https:\/\/porttecafe.com\/blog\/wp-json\/wp\/v2\/posts\/267","targetHints":{"allow":["GET"]}}],"collection":[{"href":"https:\/\/porttecafe.com\/blog\/wp-json\/wp\/v2\/posts"}],"about":[{"href":"https:\/\/porttecafe.com\/blog\/wp-json\/wp\/v2\/types\/post"}],"author":[{"embeddable":true,"href":"https:\/\/porttecafe.com\/blog\/wp-json\/wp\/v2\/users\/1"}],"replies":[{"embeddable":true,"href":"https:\/\/porttecafe.com\/blog\/wp-json\/wp\/v2\/comments?post=267"}],"version-history":[{"count":0,"href":"https:\/\/porttecafe.com\/blog\/wp-json\/wp\/v2\/posts\/267\/revisions"}],"wp:attachment":[{"href":"https:\/\/porttecafe.com\/blog\/wp-json\/wp\/v2\/media?parent=267"}],"wp:term":[{"taxonomy":"category","embeddable":true,"href":"https:\/\/porttecafe.com\/blog\/wp-json\/wp\/v2\/categories?post=267"},{"taxonomy":"post_tag","embeddable":true,"href":"https:\/\/porttecafe.com\/blog\/wp-json\/wp\/v2\/tags?post=267"}],"curies":[{"name":"wp","href":"https:\/\/api.w.org\/{rel}","templated":true}]}}