{"id":298,"date":"2015-02-20T10:22:23","date_gmt":"2015-02-20T16:22:23","guid":{"rendered":"http:\/\/porttecafe.com\/blog\/?p=298"},"modified":"2015-02-20T10:22:23","modified_gmt":"2015-02-20T16:22:23","slug":"maquinas-de-cafe-todos-los-culpables-de-cafe","status":"publish","type":"post","link":"https:\/\/porttecafe.com\/blog\/maquinas-de-cafe-todos-los-culpables-de-cafe\/","title":{"rendered":"M\u00e1quinas de cafe todos los culpables de caf\u00e9"},"content":{"rendered":"<div style=\"padding-bottom:20px; padding-top:10px;\" class=\"hupso-share-buttons\"><!-- Hupso Share Buttons - http:\/\/www.hupso.com\/share\/ --><a class=\"hupso_counters\" href=\"http:\/\/www.hupso.com\/share\/\"><img decoding=\"async\" src=\"https:\/\/static.hupso.com\/share\/buttons\/lang\/es\/share-small.png\" style=\"border:0px; padding-top:2px; float:left;\" alt=\"Share Button\"\/><\/a><script type=\"text\/javascript\">var hupso_services_c=new Array(\"twitter\",\"facebook_like\",\"facebook_send\",\"google\",\"pinterest\",\"linkedin\");var hupso_counters_lang = \"es_LA\";var hupso_image_folder_url = \"\";var hupso_url_c=\"\";var hupso_title_c=\"M\u00e1quinas de cafe todos los culpables de caf\u00e9\";<\/script><script type=\"text\/javascript\" src=\"https:\/\/static.hupso.com\/share\/js\/counters.js\"><\/script><!-- Hupso Share Buttons --><\/div><p><a href=\"http:\/\/porttecafe.com\/blog\/wp-content\/uploads\/2015\/02\/cafe-chino.jpg\"><img loading=\"lazy\" decoding=\"async\" class=\"alignleft size-medium wp-image-299\" src=\"http:\/\/porttecafe.com\/blog\/wp-content\/uploads\/2015\/02\/cafe-chino-257x300.jpg\" alt=\"Image courtesy of Stuart Miles at FreeDigitalPhotos.net\" width=\"257\" height=\"300\" \/><\/a>Barra de caf\u00e9 y maquinas de cafe todas las personas resultaban ser culpables por haber adoptado el cafe, ejemplo, de hombres castrados a las islas bastante p\u00fadicas de Inglaterra. \u201cLa falta de ganas se debe al uso tan continuo de ese moderno, al grande y poderoso licor, ha transformado a nuestros maridos en eunucos de esa despreciable bebida ha hecho que nuestros hombres m\u00e1s guapos sean tan desperdiciados. Ya la \u00fanica parte de su cuerpo es la nariz, nada fuerte en su cuerpo m\u00e1s que las articulaciones que se han quedado tiesas, nada de pie y firme m\u00e1s que sus orejas\u201d, aparte los reclamos y desacuerdos amatorios, la diatriba sol\u00eda tener equidad por todo mundo: bastante diferente a lo que ocurr\u00eda en Europa, y volvi\u00f3 a suceder lo mismo que ya hab\u00eda sucedido con la gente arcaica Kahve Kaneh, \u00f3sea los \u00e1rabes, las mujeres brit\u00e1nicas ten\u00edan totalmente prohibido entrar a los comercios de caf\u00e9 (haciendo una excepci\u00f3n si ella fuera la due\u00f1a del establecimiento o hija o esposa del locatario, frente a el dinero no hab\u00eda nada que hacer y el dinero superaba cualquier regla impuesta por la sociedad ). Cotos irreductibles de \u201clo que sol\u00eda ser solo para hombres\u201d, los establecimientos donde se vend\u00eda el alcohol, a lo que se le conoc\u00eda como taberna era un lugar que era mas visitado por hombres pero tambi\u00e9n entraban mujeres ya que era un lugar franco para la liberaci\u00f3n fraternal, el \u00e1mbito de libertad sin responsabilidades que desea gozar todo casado: todav\u00eda portando a el sambenito de eunuco o castrado, un lugar donde le quiebren los test\u00edculos.<\/p>\n<p>Maquinas de caf\u00e9 si actualmente no es una mentira que todav\u00eda hoy el grupo trillado (\u201c\u00bftomamos una taza de caf\u00e9?\u201d) se refiere m\u00e1s a el debate de un conflicto a que la concreci\u00f3n de una adicci\u00f3n er\u00f3tica, ya una vez situados hace muchos siglos atr\u00e1s la resistencia hacia una bebida,\u201d con un calor diab\u00f3lico como el del infierno, negra como la noche, santa como un arc\u00e1ngel y dulce como la az\u00facar\u201d seg\u00fan la descripci\u00f3n rom\u00e1ntica y exagerada del periodista Tayllerand de nacionalidad francesa, sol\u00eda ser bastante relacionada con una cubeta de agua helada sobre los m\u00e1s dolores humanos. \u201cen el caso de que se repartiera mucho el agua que se usa para el caf\u00e9 todos las comodidades de la carne se esfumar\u00edan\u201d, fueron las palabras que dijo Adam Olearius es su nueva descripci\u00f3n que estaba en alem\u00e1n ya que era su lengua, este libro titulado Nueva descripci\u00f3n aumentada de traves\u00edas por Mosc\u00fa y Persia fue puesta a la vente en el a\u00f1o 1656 y explicaba paso a paso los raros rituales de diferentes tribus y algunos pueblos esparcidos por todo el lado este de Europa. Servicios de coffee break La par\u00e1bola creada da grandes amenazas para toda la gente que alguna vez en su vida fueron seducidas por la infusi\u00f3n: \u201cSe narra a un rey, el sult\u00e1n Mahmud Kasnin, que fue gobernador de Persia antes del sult\u00e1n Tamerl\u00e1n, que en su momento lleg\u00f3 a ser uno de los mayores bebedores de caf\u00e9 en la historia que incluso hay gente quien dice que \u00e9l se hizo tan adicto al caf\u00e9 que dejo a un lado a su familia incluyendo a su esposa y desarrollo una vida sexual muy larga y grotesca que le desagrado innumerablemente a su reina, pues hay gente que dice, una vez ella se sent\u00f3 en la orilla de una ventana a ver como \u00e9l se somet\u00eda a un semental antes de castrarlo, ella no pens\u00f3 antes de preguntar qu\u00e9 estaba pasando, y le dijeron la verdad, que la intenci\u00f3n era domar la belleza del caballo con la intenci\u00f3n de que ya no montara, ella respondi\u00f3 que eso era totalmente in\u00fatil y que el rey estar\u00eda sin duda avergonzado de sus seguidores.<\/p>\n<p>Porrtecae maquinas de caf\u00e9 barra de caf\u00e9 y servicios de coffee break apra emrpesas y negocios<\/p>\n","protected":false},"excerpt":{"rendered":"<p>Barra de caf\u00e9 y maquinas de cafe todas las personas resultaban ser culpables por haber adoptado el cafe, ejemplo, de hombres castrados a las islas bastante p\u00fadicas de Inglaterra. \u201cLa falta de ganas se debe al uso tan continuo de &hellip; <a href=\"https:\/\/porttecafe.com\/blog\/maquinas-de-cafe-todos-los-culpables-de-cafe\/\">Continue reading <span class=\"meta-nav\">&rarr;<\/span><\/a><\/p>\n","protected":false},"author":1,"featured_media":0,"comment_status":"closed","ping_status":"open","sticky":false,"template":"","format":"standard","meta":{"footnotes":""},"categories":[2,5],"tags":[16,70,76,122,153],"class_list":["post-298","post","type-post","status-publish","format-standard","hentry","category-barra-de-cafe","category-historia-del-cafe","tag-barra-de-cafe-2","tag-coffee-break","tag-culpables-d-cafe","tag-maquinas-de-cafe-2","tag-servicios-de-cafe"],"yoast_head":"<!-- This site is optimized with the Yoast SEO plugin v26.8 - https:\/\/yoast.com\/product\/yoast-seo-wordpress\/ -->\n<title>M\u00e1quinas de cafe todos los culpables de caf\u00e9 - Portte cafe<\/title>\n<meta name=\"robots\" content=\"index, follow, max-snippet:-1, max-image-preview:large, max-video-preview:-1\" \/>\n<link rel=\"canonical\" href=\"https:\/\/porttecafe.com\/blog\/maquinas-de-cafe-todos-los-culpables-de-cafe\/\" \/>\n<meta property=\"og:locale\" content=\"es_ES\" \/>\n<meta property=\"og:type\" content=\"article\" \/>\n<meta property=\"og:title\" content=\"M\u00e1quinas de cafe todos los culpables de caf\u00e9 - Portte cafe\" \/>\n<meta property=\"og:description\" content=\"Barra de caf\u00e9 y maquinas de cafe todas las personas resultaban ser culpables por haber adoptado el cafe, ejemplo, de hombres castrados a las islas bastante p\u00fadicas de Inglaterra. \u201cLa falta de ganas se debe al uso tan continuo de &hellip; Continue reading &rarr;\" \/>\n<meta property=\"og:url\" content=\"https:\/\/porttecafe.com\/blog\/maquinas-de-cafe-todos-los-culpables-de-cafe\/\" \/>\n<meta property=\"og:site_name\" content=\"Portte cafe\" \/>\n<meta property=\"article:publisher\" content=\"https:\/\/www.facebook.com\/porttecafe\/\" \/>\n<meta property=\"article:published_time\" content=\"2015-02-20T16:22:23+00:00\" \/>\n<meta property=\"og:image\" content=\"http:\/\/porttecafe.com\/blog\/wp-content\/uploads\/2015\/02\/cafe-chino-257x300.jpg\" \/>\n<meta name=\"author\" content=\"adportte\" \/>\n<meta name=\"twitter:card\" content=\"summary_large_image\" \/>\n<meta name=\"twitter:creator\" content=\"@Porttecafe\" \/>\n<meta name=\"twitter:site\" content=\"@Porttecafe\" \/>\n<meta name=\"twitter:label1\" content=\"Escrito por\" \/>\n\t<meta name=\"twitter:data1\" content=\"adportte\" \/>\n\t<meta name=\"twitter:label2\" content=\"Tiempo de lectura\" \/>\n\t<meta name=\"twitter:data2\" content=\"3 minutos\" \/>\n<script type=\"application\/ld+json\" class=\"yoast-schema-graph\">{\"@context\":\"https:\/\/schema.org\",\"@graph\":[{\"@type\":\"Article\",\"@id\":\"https:\/\/porttecafe.com\/blog\/maquinas-de-cafe-todos-los-culpables-de-cafe\/#article\",\"isPartOf\":{\"@id\":\"https:\/\/porttecafe.com\/blog\/maquinas-de-cafe-todos-los-culpables-de-cafe\/\"},\"author\":{\"name\":\"adportte\",\"@id\":\"https:\/\/porttecafe.com\/blog\/#\/schema\/person\/194078094fb4a902e3e0cfcdbdb03f98\"},\"headline\":\"M\u00e1quinas de cafe todos los culpables de caf\u00e9\",\"datePublished\":\"2015-02-20T16:22:23+00:00\",\"mainEntityOfPage\":{\"@id\":\"https:\/\/porttecafe.com\/blog\/maquinas-de-cafe-todos-los-culpables-de-cafe\/\"},\"wordCount\":701,\"publisher\":{\"@id\":\"https:\/\/porttecafe.com\/blog\/#organization\"},\"image\":{\"@id\":\"https:\/\/porttecafe.com\/blog\/maquinas-de-cafe-todos-los-culpables-de-cafe\/#primaryimage\"},\"thumbnailUrl\":\"http:\/\/porttecafe.com\/blog\/wp-content\/uploads\/2015\/02\/cafe-chino-257x300.jpg\",\"keywords\":[\"barra de caf\u00e9\",\"coffee break\",\"culpables d cafe\",\"maquinas de cafe\",\"servicios de cafe\"],\"articleSection\":[\"Barra de caf\u00e9\",\"historia del caf\u00e9\"],\"inLanguage\":\"es\"},{\"@type\":\"WebPage\",\"@id\":\"https:\/\/porttecafe.com\/blog\/maquinas-de-cafe-todos-los-culpables-de-cafe\/\",\"url\":\"https:\/\/porttecafe.com\/blog\/maquinas-de-cafe-todos-los-culpables-de-cafe\/\",\"name\":\"M\u00e1quinas de cafe todos los culpables de caf\u00e9 - Portte cafe\",\"isPartOf\":{\"@id\":\"https:\/\/porttecafe.com\/blog\/#website\"},\"primaryImageOfPage\":{\"@id\":\"https:\/\/porttecafe.com\/blog\/maquinas-de-cafe-todos-los-culpables-de-cafe\/#primaryimage\"},\"image\":{\"@id\":\"https:\/\/porttecafe.com\/blog\/maquinas-de-cafe-todos-los-culpables-de-cafe\/#primaryimage\"},\"thumbnailUrl\":\"http:\/\/porttecafe.com\/blog\/wp-content\/uploads\/2015\/02\/cafe-chino-257x300.jpg\",\"datePublished\":\"2015-02-20T16:22:23+00:00\",\"breadcrumb\":{\"@id\":\"https:\/\/porttecafe.com\/blog\/maquinas-de-cafe-todos-los-culpables-de-cafe\/#breadcrumb\"},\"inLanguage\":\"es\",\"potentialAction\":[{\"@type\":\"ReadAction\",\"target\":[\"https:\/\/porttecafe.com\/blog\/maquinas-de-cafe-todos-los-culpables-de-cafe\/\"]}]},{\"@type\":\"ImageObject\",\"inLanguage\":\"es\",\"@id\":\"https:\/\/porttecafe.com\/blog\/maquinas-de-cafe-todos-los-culpables-de-cafe\/#primaryimage\",\"url\":\"http:\/\/porttecafe.com\/blog\/wp-content\/uploads\/2015\/02\/cafe-chino-257x300.jpg\",\"contentUrl\":\"http:\/\/porttecafe.com\/blog\/wp-content\/uploads\/2015\/02\/cafe-chino-257x300.jpg\"},{\"@type\":\"BreadcrumbList\",\"@id\":\"https:\/\/porttecafe.com\/blog\/maquinas-de-cafe-todos-los-culpables-de-cafe\/#breadcrumb\",\"itemListElement\":[{\"@type\":\"ListItem\",\"position\":1,\"name\":\"Portada\",\"item\":\"https:\/\/porttecafe.com\/blog\/\"},{\"@type\":\"ListItem\",\"position\":2,\"name\":\"M\u00e1quinas de cafe todos los culpables de caf\u00e9\"}]},{\"@type\":\"WebSite\",\"@id\":\"https:\/\/porttecafe.com\/blog\/#website\",\"url\":\"https:\/\/porttecafe.com\/blog\/\",\"name\":\"Portte cafe\",\"description\":\"Servicio de m\u00e1quinas de cafe\",\"publisher\":{\"@id\":\"https:\/\/porttecafe.com\/blog\/#organization\"},\"potentialAction\":[{\"@type\":\"SearchAction\",\"target\":{\"@type\":\"EntryPoint\",\"urlTemplate\":\"https:\/\/porttecafe.com\/blog\/?s={search_term_string}\"},\"query-input\":{\"@type\":\"PropertyValueSpecification\",\"valueRequired\":true,\"valueName\":\"search_term_string\"}}],\"inLanguage\":\"es\"},{\"@type\":\"Organization\",\"@id\":\"https:\/\/porttecafe.com\/blog\/#organization\",\"name\":\"Portte cafe\",\"url\":\"https:\/\/porttecafe.com\/blog\/\",\"logo\":{\"@type\":\"ImageObject\",\"inLanguage\":\"es\",\"@id\":\"https:\/\/porttecafe.com\/blog\/#\/schema\/logo\/image\/\",\"url\":\"http:\/\/porttecafe.com\/blog\/wp-content\/uploads\/2023\/01\/logo-oscuro.png\",\"contentUrl\":\"http:\/\/porttecafe.com\/blog\/wp-content\/uploads\/2023\/01\/logo-oscuro.png\",\"width\":493,\"height\":200,\"caption\":\"Portte cafe\"},\"image\":{\"@id\":\"https:\/\/porttecafe.com\/blog\/#\/schema\/logo\/image\/\"},\"sameAs\":[\"https:\/\/www.facebook.com\/porttecafe\/\",\"https:\/\/x.com\/Porttecafe\",\"https:\/\/www.youtube.com\/user\/porttecafe\",\"https:\/\/www.instagram.com\/porttecafe\/\"]},{\"@type\":\"Person\",\"@id\":\"https:\/\/porttecafe.com\/blog\/#\/schema\/person\/194078094fb4a902e3e0cfcdbdb03f98\",\"name\":\"adportte\",\"image\":{\"@type\":\"ImageObject\",\"inLanguage\":\"es\",\"@id\":\"https:\/\/porttecafe.com\/blog\/#\/schema\/person\/image\/\",\"url\":\"https:\/\/secure.gravatar.com\/avatar\/3662341f7d8cdc5668deaa89323e7ee1?s=96&d=mm&r=g\",\"contentUrl\":\"https:\/\/secure.gravatar.com\/avatar\/3662341f7d8cdc5668deaa89323e7ee1?s=96&d=mm&r=g\",\"caption\":\"adportte\"},\"url\":\"https:\/\/porttecafe.com\/blog\/author\/adportte\/\"}]}<\/script>\n<!-- \/ Yoast SEO plugin. -->","yoast_head_json":{"title":"M\u00e1quinas de cafe todos los culpables de caf\u00e9 - Portte cafe","robots":{"index":"index","follow":"follow","max-snippet":"max-snippet:-1","max-image-preview":"max-image-preview:large","max-video-preview":"max-video-preview:-1"},"canonical":"https:\/\/porttecafe.com\/blog\/maquinas-de-cafe-todos-los-culpables-de-cafe\/","og_locale":"es_ES","og_type":"article","og_title":"M\u00e1quinas de cafe todos los culpables de caf\u00e9 - Portte cafe","og_description":"Barra de caf\u00e9 y maquinas de cafe todas las personas resultaban ser culpables por haber adoptado el cafe, ejemplo, de hombres castrados a las islas bastante p\u00fadicas de Inglaterra. \u201cLa falta de ganas se debe al uso tan continuo de &hellip; Continue reading &rarr;","og_url":"https:\/\/porttecafe.com\/blog\/maquinas-de-cafe-todos-los-culpables-de-cafe\/","og_site_name":"Portte cafe","article_publisher":"https:\/\/www.facebook.com\/porttecafe\/","article_published_time":"2015-02-20T16:22:23+00:00","og_image":[{"url":"http:\/\/porttecafe.com\/blog\/wp-content\/uploads\/2015\/02\/cafe-chino-257x300.jpg","type":"","width":"","height":""}],"author":"adportte","twitter_card":"summary_large_image","twitter_creator":"@Porttecafe","twitter_site":"@Porttecafe","twitter_misc":{"Escrito por":"adportte","Tiempo de lectura":"3 minutos"},"schema":{"@context":"https:\/\/schema.org","@graph":[{"@type":"Article","@id":"https:\/\/porttecafe.com\/blog\/maquinas-de-cafe-todos-los-culpables-de-cafe\/#article","isPartOf":{"@id":"https:\/\/porttecafe.com\/blog\/maquinas-de-cafe-todos-los-culpables-de-cafe\/"},"author":{"name":"adportte","@id":"https:\/\/porttecafe.com\/blog\/#\/schema\/person\/194078094fb4a902e3e0cfcdbdb03f98"},"headline":"M\u00e1quinas de cafe todos los culpables de caf\u00e9","datePublished":"2015-02-20T16:22:23+00:00","mainEntityOfPage":{"@id":"https:\/\/porttecafe.com\/blog\/maquinas-de-cafe-todos-los-culpables-de-cafe\/"},"wordCount":701,"publisher":{"@id":"https:\/\/porttecafe.com\/blog\/#organization"},"image":{"@id":"https:\/\/porttecafe.com\/blog\/maquinas-de-cafe-todos-los-culpables-de-cafe\/#primaryimage"},"thumbnailUrl":"http:\/\/porttecafe.com\/blog\/wp-content\/uploads\/2015\/02\/cafe-chino-257x300.jpg","keywords":["barra de caf\u00e9","coffee break","culpables d cafe","maquinas de cafe","servicios de cafe"],"articleSection":["Barra de caf\u00e9","historia del caf\u00e9"],"inLanguage":"es"},{"@type":"WebPage","@id":"https:\/\/porttecafe.com\/blog\/maquinas-de-cafe-todos-los-culpables-de-cafe\/","url":"https:\/\/porttecafe.com\/blog\/maquinas-de-cafe-todos-los-culpables-de-cafe\/","name":"M\u00e1quinas de cafe todos los culpables de caf\u00e9 - Portte cafe","isPartOf":{"@id":"https:\/\/porttecafe.com\/blog\/#website"},"primaryImageOfPage":{"@id":"https:\/\/porttecafe.com\/blog\/maquinas-de-cafe-todos-los-culpables-de-cafe\/#primaryimage"},"image":{"@id":"https:\/\/porttecafe.com\/blog\/maquinas-de-cafe-todos-los-culpables-de-cafe\/#primaryimage"},"thumbnailUrl":"http:\/\/porttecafe.com\/blog\/wp-content\/uploads\/2015\/02\/cafe-chino-257x300.jpg","datePublished":"2015-02-20T16:22:23+00:00","breadcrumb":{"@id":"https:\/\/porttecafe.com\/blog\/maquinas-de-cafe-todos-los-culpables-de-cafe\/#breadcrumb"},"inLanguage":"es","potentialAction":[{"@type":"ReadAction","target":["https:\/\/porttecafe.com\/blog\/maquinas-de-cafe-todos-los-culpables-de-cafe\/"]}]},{"@type":"ImageObject","inLanguage":"es","@id":"https:\/\/porttecafe.com\/blog\/maquinas-de-cafe-todos-los-culpables-de-cafe\/#primaryimage","url":"http:\/\/porttecafe.com\/blog\/wp-content\/uploads\/2015\/02\/cafe-chino-257x300.jpg","contentUrl":"http:\/\/porttecafe.com\/blog\/wp-content\/uploads\/2015\/02\/cafe-chino-257x300.jpg"},{"@type":"BreadcrumbList","@id":"https:\/\/porttecafe.com\/blog\/maquinas-de-cafe-todos-los-culpables-de-cafe\/#breadcrumb","itemListElement":[{"@type":"ListItem","position":1,"name":"Portada","item":"https:\/\/porttecafe.com\/blog\/"},{"@type":"ListItem","position":2,"name":"M\u00e1quinas de cafe todos los culpables de caf\u00e9"}]},{"@type":"WebSite","@id":"https:\/\/porttecafe.com\/blog\/#website","url":"https:\/\/porttecafe.com\/blog\/","name":"Portte cafe","description":"Servicio de m\u00e1quinas de cafe","publisher":{"@id":"https:\/\/porttecafe.com\/blog\/#organization"},"potentialAction":[{"@type":"SearchAction","target":{"@type":"EntryPoint","urlTemplate":"https:\/\/porttecafe.com\/blog\/?s={search_term_string}"},"query-input":{"@type":"PropertyValueSpecification","valueRequired":true,"valueName":"search_term_string"}}],"inLanguage":"es"},{"@type":"Organization","@id":"https:\/\/porttecafe.com\/blog\/#organization","name":"Portte cafe","url":"https:\/\/porttecafe.com\/blog\/","logo":{"@type":"ImageObject","inLanguage":"es","@id":"https:\/\/porttecafe.com\/blog\/#\/schema\/logo\/image\/","url":"http:\/\/porttecafe.com\/blog\/wp-content\/uploads\/2023\/01\/logo-oscuro.png","contentUrl":"http:\/\/porttecafe.com\/blog\/wp-content\/uploads\/2023\/01\/logo-oscuro.png","width":493,"height":200,"caption":"Portte cafe"},"image":{"@id":"https:\/\/porttecafe.com\/blog\/#\/schema\/logo\/image\/"},"sameAs":["https:\/\/www.facebook.com\/porttecafe\/","https:\/\/x.com\/Porttecafe","https:\/\/www.youtube.com\/user\/porttecafe","https:\/\/www.instagram.com\/porttecafe\/"]},{"@type":"Person","@id":"https:\/\/porttecafe.com\/blog\/#\/schema\/person\/194078094fb4a902e3e0cfcdbdb03f98","name":"adportte","image":{"@type":"ImageObject","inLanguage":"es","@id":"https:\/\/porttecafe.com\/blog\/#\/schema\/person\/image\/","url":"https:\/\/secure.gravatar.com\/avatar\/3662341f7d8cdc5668deaa89323e7ee1?s=96&d=mm&r=g","contentUrl":"https:\/\/secure.gravatar.com\/avatar\/3662341f7d8cdc5668deaa89323e7ee1?s=96&d=mm&r=g","caption":"adportte"},"url":"https:\/\/porttecafe.com\/blog\/author\/adportte\/"}]}},"_links":{"self":[{"href":"https:\/\/porttecafe.com\/blog\/wp-json\/wp\/v2\/posts\/298","targetHints":{"allow":["GET"]}}],"collection":[{"href":"https:\/\/porttecafe.com\/blog\/wp-json\/wp\/v2\/posts"}],"about":[{"href":"https:\/\/porttecafe.com\/blog\/wp-json\/wp\/v2\/types\/post"}],"author":[{"embeddable":true,"href":"https:\/\/porttecafe.com\/blog\/wp-json\/wp\/v2\/users\/1"}],"replies":[{"embeddable":true,"href":"https:\/\/porttecafe.com\/blog\/wp-json\/wp\/v2\/comments?post=298"}],"version-history":[{"count":0,"href":"https:\/\/porttecafe.com\/blog\/wp-json\/wp\/v2\/posts\/298\/revisions"}],"wp:attachment":[{"href":"https:\/\/porttecafe.com\/blog\/wp-json\/wp\/v2\/media?parent=298"}],"wp:term":[{"taxonomy":"category","embeddable":true,"href":"https:\/\/porttecafe.com\/blog\/wp-json\/wp\/v2\/categories?post=298"},{"taxonomy":"post_tag","embeddable":true,"href":"https:\/\/porttecafe.com\/blog\/wp-json\/wp\/v2\/tags?post=298"}],"curies":[{"name":"wp","href":"https:\/\/api.w.org\/{rel}","templated":true}]}}