{"id":32,"date":"2013-03-27T20:39:26","date_gmt":"2013-03-28T02:39:26","guid":{"rendered":"http:\/\/porttecafe.com\/blog\/?p=32"},"modified":"2013-03-27T20:39:26","modified_gmt":"2013-03-28T02:39:26","slug":"el-cafe-viaja-por-europa-y-llega-a-francia","status":"publish","type":"post","link":"https:\/\/porttecafe.com\/blog\/el-cafe-viaja-por-europa-y-llega-a-francia\/","title":{"rendered":"El Caf\u00e9 viaja por Europa y llega a Francia"},"content":{"rendered":"<div style=\"padding-bottom:20px; padding-top:10px;\" class=\"hupso-share-buttons\"><!-- Hupso Share Buttons - http:\/\/www.hupso.com\/share\/ --><a class=\"hupso_counters\" href=\"http:\/\/www.hupso.com\/share\/\"><img decoding=\"async\" src=\"https:\/\/static.hupso.com\/share\/buttons\/lang\/es\/share-small.png\" style=\"border:0px; padding-top:2px; float:left;\" alt=\"Share Button\"\/><\/a><script type=\"text\/javascript\">var hupso_services_c=new Array(\"twitter\",\"facebook_like\",\"facebook_send\",\"google\",\"pinterest\",\"linkedin\");var hupso_counters_lang = \"es_LA\";var hupso_image_folder_url = \"\";var hupso_url_c=\"\";var hupso_title_c=\"El Caf\u00e9 viaja por Europa y llega a Francia\";<\/script><script type=\"text\/javascript\" src=\"https:\/\/static.hupso.com\/share\/js\/counters.js\"><\/script><!-- Hupso Share Buttons --><\/div><p><a href=\"http:\/\/porttecafe.com\/blog\/wp-content\/uploads\/2013\/03\/cafetera.jpg\"><img loading=\"lazy\" decoding=\"async\" class=\"size-medium wp-image-33 alignleft\" alt=\"servicio de coffee break barra de cafe cafe\" src=\"http:\/\/porttecafe.com\/blog\/wp-content\/uploads\/2013\/03\/cafetera-300x221.jpg\" width=\"300\" height=\"221\" \/><\/a>En los inicio del siglo diecisiete\u00a0 el caf\u00e9 era a\u00fan una bebida ex\u00f3tica y que igual que otras sustancias extra\u00f1as para la \u00e9poca como el az\u00facar, el cacao y el te, inicialmente era utilizado como un recurso medicinal por las clases altas principalmente. Durante los siguientes 15 a\u00f1os los Europeos fueron descubriendo poco a poco las bondades y beneficios tanto en lo social como en lo medicinal de la bebida procedente de Arabia.<\/p>\n<p>El caf\u00e9 se comenz\u00f3 a vender en las calles italianas por los que se conoc\u00eda como vendedores de limonada que tambi\u00e9n vend\u00eda chocolate y licor.<\/p>\n<p>Las primeras barras de caf\u00e9 que se abrieron en Venecia lo hicieron alrededor del a\u00f1o 1683, y de hecho a la que se tiene considerada como la primera, ten\u00eda el nombre de la misma bebida, es decir, caf\u00e9, \u00a0r\u00e1pidamente se convirti\u00f3 en un sitio sin\u00f3nimo de un lugar para compa\u00f1\u00eda amistosa, animada conversaci\u00f3n y comida, que de hecho son elemento sociales que normalmente se relacionan con la acci\u00f3n de tomar caf\u00e9.<\/p>\n<p>Curiosamente, a pesar de la subsecuente preferencia y gusto que habr\u00edan de desarrollar los franceses hacia la oscura bebida, en un principio se tardaron en adoptarla, quedando por detr\u00e1s de italianos e ingleses. El caf\u00e9 habr\u00eda de ser popularizado en Francia gracias a un embajador Turco, que ofrec\u00eda a sus contrapartes francesas la ex\u00f3tica bebida, pero en realidad les segu\u00eda pareciendo una simple novedad, habr\u00eda de pasar algo de tiempo hasta que fuera realmente de consumos regular.<\/p>\n<p>Los doctores franceses, al sentirse amenazados por las supuestas caracter\u00edsticas medicinales del caf\u00e9, empezaron un contraataque para tratar de desacreditar su consumo y evitar la mayor propagaci\u00f3n de barras de caf\u00e9 para su consumo.<\/p>\n<p>En un primer intento comenzaron una propaganda que dec\u00eda que se contemplaba con horror el hecho de que el consumo de caf\u00e9 interfer\u00eda en el gusto por el vino que era considerado la bebida nacional. Posteriormente en un recursos de seudociencia, un joven m\u00e9dico atac\u00f3 al caf\u00e9 diciendo que afectaba fluido espinal y que generaba convulsiones, par\u00e1lisis y hasta impotencia. Obviamente estos se\u00f1alamientos eran completamente infundados y no ten\u00edan bases cient\u00edficas.<\/p>\n<p>Afortunadamente unos a\u00f1os despu\u00e9s otro m\u00e9dico franc\u00e9s de nombre Phillippe Sylvestre, habr\u00eda de escribir un libro defendiendo el caf\u00e9 con mucha intensidad.<\/p>\n<p>Este libro habr\u00eda de tener una fuerte difusi\u00f3n, lo cual, definitivamente iba a impulsar el consumo de caf\u00e9 aunque no habr\u00edan de para aqu\u00ed los obst\u00e1culos a los que se habr\u00eda de enfrentar.<\/p>\n<p>Debido a este nuevo impulso que recibi\u00f3, un inmigrante italiano abri\u00f3 su propia barra de caf\u00e9 justamente enfrente de la Casa de la Comedia Francesa, un lugar hist\u00f3rico, lo que propici\u00f3 que los actores comenzaran a frecuentar, pero tambi\u00e9n personajes como escritores, m\u00fasicos, dramaturgos y dem\u00e1s, para tomar caf\u00e9 y sostener conversaciones art\u00edsticas y literarias. Tiempo despu\u00e9s el caf\u00e9 habr\u00eda de atraer a famosos personajes como Voltaire y Rousseau. De esta manera el caf\u00e9 comenzaba a tomar verdadera importancia con el apoyo de tan notables personajes.<\/p>\n<p>Ciertamente como mencionamos en un principi\u00f3, el caf\u00e9 propici\u00f3 que declinara un poco el consumos de alcohol mientras crec\u00eda el n\u00famero de cafeter\u00edas donde se suced\u00edan horas de conversaci\u00f3n e interacci\u00f3n que terminar\u00edan en convertirse en el foco de la revoluci\u00f3n francesa.<\/p>\n<p>Los franceses en realidad no consum\u00edan el caf\u00e9 como originalmente lo hac\u00edan los Turcos, que era tostando\u00a0 e hirviendo el caf\u00e9, sino que lo hac\u00edan mediante el m\u00e9todo de la infusi\u00f3n que era molerlo y luego filtrar agua atreves de el y despu\u00e9s descubrir\u00edan lo que suced\u00eda si endulzaban la bebida y le agregaron leche.<\/p>\n<p>Hab\u00eda obviamente fan\u00e1ticos del original sabor amargo y fuerte del caf\u00e9 pero definitivamente con estas nuevas versiones se lograba que el caf\u00e9 adquiriera m\u00e1s adeptos y m\u00e1s apoyo para las batallas que habr\u00eda de seguir librando a lo largo de la historia.<\/p>\n","protected":false},"excerpt":{"rendered":"<p>En los inicio del siglo diecisiete\u00a0 el caf\u00e9 era a\u00fan una bebida ex\u00f3tica y que igual que otras sustancias extra\u00f1as para la \u00e9poca como el az\u00facar, el cacao y el te, inicialmente era utilizado como un recurso medicinal por las &hellip; <a href=\"https:\/\/porttecafe.com\/blog\/el-cafe-viaja-por-europa-y-llega-a-francia\/\">Continue reading <span class=\"meta-nav\">&rarr;<\/span><\/a><\/p>\n","protected":false},"author":1,"featured_media":0,"comment_status":"closed","ping_status":"open","sticky":false,"template":"","format":"standard","meta":{"footnotes":""},"categories":[2,5,6,7],"tags":[16,28,65,122,151],"class_list":["post-32","post","type-post","status-publish","format-standard","hentry","category-barra-de-cafe","category-historia-del-cafe","category-maquinas-de-cafe","category-servicio-de-coffee-break","tag-barra-de-cafe-2","tag-cafe","tag-cafeterias","tag-maquinas-de-cafe-2","tag-servicio-de-coffee-break-2"],"yoast_head":"<!-- This site is optimized with the Yoast SEO plugin v26.8 - https:\/\/yoast.com\/product\/yoast-seo-wordpress\/ -->\n<title>El Caf\u00e9 viaja por Europa y llega a Francia - Portte cafe<\/title>\n<meta name=\"robots\" content=\"index, follow, max-snippet:-1, max-image-preview:large, max-video-preview:-1\" \/>\n<link rel=\"canonical\" href=\"https:\/\/porttecafe.com\/blog\/el-cafe-viaja-por-europa-y-llega-a-francia\/\" \/>\n<meta property=\"og:locale\" content=\"es_ES\" \/>\n<meta property=\"og:type\" content=\"article\" \/>\n<meta property=\"og:title\" content=\"El Caf\u00e9 viaja por Europa y llega a Francia - Portte cafe\" \/>\n<meta property=\"og:description\" content=\"En los inicio del siglo diecisiete\u00a0 el caf\u00e9 era a\u00fan una bebida ex\u00f3tica y que igual que otras sustancias extra\u00f1as para la \u00e9poca como el az\u00facar, el cacao y el te, inicialmente era utilizado como un recurso medicinal por las &hellip; Continue reading &rarr;\" \/>\n<meta property=\"og:url\" content=\"https:\/\/porttecafe.com\/blog\/el-cafe-viaja-por-europa-y-llega-a-francia\/\" \/>\n<meta property=\"og:site_name\" content=\"Portte cafe\" \/>\n<meta property=\"article:publisher\" content=\"https:\/\/www.facebook.com\/porttecafe\/\" \/>\n<meta property=\"article:published_time\" content=\"2013-03-28T02:39:26+00:00\" \/>\n<meta property=\"og:image\" content=\"http:\/\/porttecafe.com\/blog\/wp-content\/uploads\/2013\/03\/cafetera-300x221.jpg\" \/>\n<meta name=\"author\" content=\"adportte\" \/>\n<meta name=\"twitter:card\" content=\"summary_large_image\" \/>\n<meta name=\"twitter:creator\" content=\"@Porttecafe\" \/>\n<meta name=\"twitter:site\" content=\"@Porttecafe\" \/>\n<meta name=\"twitter:label1\" content=\"Escrito por\" \/>\n\t<meta name=\"twitter:data1\" content=\"adportte\" \/>\n\t<meta name=\"twitter:label2\" content=\"Tiempo de lectura\" \/>\n\t<meta name=\"twitter:data2\" content=\"3 minutos\" \/>\n<script type=\"application\/ld+json\" class=\"yoast-schema-graph\">{\"@context\":\"https:\/\/schema.org\",\"@graph\":[{\"@type\":\"Article\",\"@id\":\"https:\/\/porttecafe.com\/blog\/el-cafe-viaja-por-europa-y-llega-a-francia\/#article\",\"isPartOf\":{\"@id\":\"https:\/\/porttecafe.com\/blog\/el-cafe-viaja-por-europa-y-llega-a-francia\/\"},\"author\":{\"name\":\"adportte\",\"@id\":\"https:\/\/porttecafe.com\/blog\/#\/schema\/person\/194078094fb4a902e3e0cfcdbdb03f98\"},\"headline\":\"El Caf\u00e9 viaja por Europa y llega a Francia\",\"datePublished\":\"2013-03-28T02:39:26+00:00\",\"mainEntityOfPage\":{\"@id\":\"https:\/\/porttecafe.com\/blog\/el-cafe-viaja-por-europa-y-llega-a-francia\/\"},\"wordCount\":707,\"publisher\":{\"@id\":\"https:\/\/porttecafe.com\/blog\/#organization\"},\"image\":{\"@id\":\"https:\/\/porttecafe.com\/blog\/el-cafe-viaja-por-europa-y-llega-a-francia\/#primaryimage\"},\"thumbnailUrl\":\"http:\/\/porttecafe.com\/blog\/wp-content\/uploads\/2013\/03\/cafetera-300x221.jpg\",\"keywords\":[\"barra de caf\u00e9\",\"cafe\",\"cafeter\u00edas\",\"maquinas de cafe\",\"servicio de coffee break\"],\"articleSection\":[\"Barra de caf\u00e9\",\"historia del caf\u00e9\",\"Maquinas de cafe\",\"Servicio de coffee break\"],\"inLanguage\":\"es\"},{\"@type\":\"WebPage\",\"@id\":\"https:\/\/porttecafe.com\/blog\/el-cafe-viaja-por-europa-y-llega-a-francia\/\",\"url\":\"https:\/\/porttecafe.com\/blog\/el-cafe-viaja-por-europa-y-llega-a-francia\/\",\"name\":\"El Caf\u00e9 viaja por Europa y llega a Francia - Portte cafe\",\"isPartOf\":{\"@id\":\"https:\/\/porttecafe.com\/blog\/#website\"},\"primaryImageOfPage\":{\"@id\":\"https:\/\/porttecafe.com\/blog\/el-cafe-viaja-por-europa-y-llega-a-francia\/#primaryimage\"},\"image\":{\"@id\":\"https:\/\/porttecafe.com\/blog\/el-cafe-viaja-por-europa-y-llega-a-francia\/#primaryimage\"},\"thumbnailUrl\":\"http:\/\/porttecafe.com\/blog\/wp-content\/uploads\/2013\/03\/cafetera-300x221.jpg\",\"datePublished\":\"2013-03-28T02:39:26+00:00\",\"breadcrumb\":{\"@id\":\"https:\/\/porttecafe.com\/blog\/el-cafe-viaja-por-europa-y-llega-a-francia\/#breadcrumb\"},\"inLanguage\":\"es\",\"potentialAction\":[{\"@type\":\"ReadAction\",\"target\":[\"https:\/\/porttecafe.com\/blog\/el-cafe-viaja-por-europa-y-llega-a-francia\/\"]}]},{\"@type\":\"ImageObject\",\"inLanguage\":\"es\",\"@id\":\"https:\/\/porttecafe.com\/blog\/el-cafe-viaja-por-europa-y-llega-a-francia\/#primaryimage\",\"url\":\"http:\/\/porttecafe.com\/blog\/wp-content\/uploads\/2013\/03\/cafetera-300x221.jpg\",\"contentUrl\":\"http:\/\/porttecafe.com\/blog\/wp-content\/uploads\/2013\/03\/cafetera-300x221.jpg\"},{\"@type\":\"BreadcrumbList\",\"@id\":\"https:\/\/porttecafe.com\/blog\/el-cafe-viaja-por-europa-y-llega-a-francia\/#breadcrumb\",\"itemListElement\":[{\"@type\":\"ListItem\",\"position\":1,\"name\":\"Portada\",\"item\":\"https:\/\/porttecafe.com\/blog\/\"},{\"@type\":\"ListItem\",\"position\":2,\"name\":\"El Caf\u00e9 viaja por Europa y llega a Francia\"}]},{\"@type\":\"WebSite\",\"@id\":\"https:\/\/porttecafe.com\/blog\/#website\",\"url\":\"https:\/\/porttecafe.com\/blog\/\",\"name\":\"Portte cafe\",\"description\":\"Servicio de m\u00e1quinas de cafe\",\"publisher\":{\"@id\":\"https:\/\/porttecafe.com\/blog\/#organization\"},\"potentialAction\":[{\"@type\":\"SearchAction\",\"target\":{\"@type\":\"EntryPoint\",\"urlTemplate\":\"https:\/\/porttecafe.com\/blog\/?s={search_term_string}\"},\"query-input\":{\"@type\":\"PropertyValueSpecification\",\"valueRequired\":true,\"valueName\":\"search_term_string\"}}],\"inLanguage\":\"es\"},{\"@type\":\"Organization\",\"@id\":\"https:\/\/porttecafe.com\/blog\/#organization\",\"name\":\"Portte cafe\",\"url\":\"https:\/\/porttecafe.com\/blog\/\",\"logo\":{\"@type\":\"ImageObject\",\"inLanguage\":\"es\",\"@id\":\"https:\/\/porttecafe.com\/blog\/#\/schema\/logo\/image\/\",\"url\":\"http:\/\/porttecafe.com\/blog\/wp-content\/uploads\/2023\/01\/logo-oscuro.png\",\"contentUrl\":\"http:\/\/porttecafe.com\/blog\/wp-content\/uploads\/2023\/01\/logo-oscuro.png\",\"width\":493,\"height\":200,\"caption\":\"Portte cafe\"},\"image\":{\"@id\":\"https:\/\/porttecafe.com\/blog\/#\/schema\/logo\/image\/\"},\"sameAs\":[\"https:\/\/www.facebook.com\/porttecafe\/\",\"https:\/\/x.com\/Porttecafe\",\"https:\/\/www.youtube.com\/user\/porttecafe\",\"https:\/\/www.instagram.com\/porttecafe\/\"]},{\"@type\":\"Person\",\"@id\":\"https:\/\/porttecafe.com\/blog\/#\/schema\/person\/194078094fb4a902e3e0cfcdbdb03f98\",\"name\":\"adportte\",\"image\":{\"@type\":\"ImageObject\",\"inLanguage\":\"es\",\"@id\":\"https:\/\/porttecafe.com\/blog\/#\/schema\/person\/image\/\",\"url\":\"https:\/\/secure.gravatar.com\/avatar\/3662341f7d8cdc5668deaa89323e7ee1?s=96&d=mm&r=g\",\"contentUrl\":\"https:\/\/secure.gravatar.com\/avatar\/3662341f7d8cdc5668deaa89323e7ee1?s=96&d=mm&r=g\",\"caption\":\"adportte\"},\"url\":\"https:\/\/porttecafe.com\/blog\/author\/adportte\/\"}]}<\/script>\n<!-- \/ Yoast SEO plugin. -->","yoast_head_json":{"title":"El Caf\u00e9 viaja por Europa y llega a Francia - Portte cafe","robots":{"index":"index","follow":"follow","max-snippet":"max-snippet:-1","max-image-preview":"max-image-preview:large","max-video-preview":"max-video-preview:-1"},"canonical":"https:\/\/porttecafe.com\/blog\/el-cafe-viaja-por-europa-y-llega-a-francia\/","og_locale":"es_ES","og_type":"article","og_title":"El Caf\u00e9 viaja por Europa y llega a Francia - Portte cafe","og_description":"En los inicio del siglo diecisiete\u00a0 el caf\u00e9 era a\u00fan una bebida ex\u00f3tica y que igual que otras sustancias extra\u00f1as para la \u00e9poca como el az\u00facar, el cacao y el te, inicialmente era utilizado como un recurso medicinal por las &hellip; Continue reading &rarr;","og_url":"https:\/\/porttecafe.com\/blog\/el-cafe-viaja-por-europa-y-llega-a-francia\/","og_site_name":"Portte cafe","article_publisher":"https:\/\/www.facebook.com\/porttecafe\/","article_published_time":"2013-03-28T02:39:26+00:00","og_image":[{"url":"http:\/\/porttecafe.com\/blog\/wp-content\/uploads\/2013\/03\/cafetera-300x221.jpg","type":"","width":"","height":""}],"author":"adportte","twitter_card":"summary_large_image","twitter_creator":"@Porttecafe","twitter_site":"@Porttecafe","twitter_misc":{"Escrito por":"adportte","Tiempo de lectura":"3 minutos"},"schema":{"@context":"https:\/\/schema.org","@graph":[{"@type":"Article","@id":"https:\/\/porttecafe.com\/blog\/el-cafe-viaja-por-europa-y-llega-a-francia\/#article","isPartOf":{"@id":"https:\/\/porttecafe.com\/blog\/el-cafe-viaja-por-europa-y-llega-a-francia\/"},"author":{"name":"adportte","@id":"https:\/\/porttecafe.com\/blog\/#\/schema\/person\/194078094fb4a902e3e0cfcdbdb03f98"},"headline":"El Caf\u00e9 viaja por Europa y llega a Francia","datePublished":"2013-03-28T02:39:26+00:00","mainEntityOfPage":{"@id":"https:\/\/porttecafe.com\/blog\/el-cafe-viaja-por-europa-y-llega-a-francia\/"},"wordCount":707,"publisher":{"@id":"https:\/\/porttecafe.com\/blog\/#organization"},"image":{"@id":"https:\/\/porttecafe.com\/blog\/el-cafe-viaja-por-europa-y-llega-a-francia\/#primaryimage"},"thumbnailUrl":"http:\/\/porttecafe.com\/blog\/wp-content\/uploads\/2013\/03\/cafetera-300x221.jpg","keywords":["barra de caf\u00e9","cafe","cafeter\u00edas","maquinas de cafe","servicio de coffee break"],"articleSection":["Barra de caf\u00e9","historia del caf\u00e9","Maquinas de cafe","Servicio de coffee break"],"inLanguage":"es"},{"@type":"WebPage","@id":"https:\/\/porttecafe.com\/blog\/el-cafe-viaja-por-europa-y-llega-a-francia\/","url":"https:\/\/porttecafe.com\/blog\/el-cafe-viaja-por-europa-y-llega-a-francia\/","name":"El Caf\u00e9 viaja por Europa y llega a Francia - Portte cafe","isPartOf":{"@id":"https:\/\/porttecafe.com\/blog\/#website"},"primaryImageOfPage":{"@id":"https:\/\/porttecafe.com\/blog\/el-cafe-viaja-por-europa-y-llega-a-francia\/#primaryimage"},"image":{"@id":"https:\/\/porttecafe.com\/blog\/el-cafe-viaja-por-europa-y-llega-a-francia\/#primaryimage"},"thumbnailUrl":"http:\/\/porttecafe.com\/blog\/wp-content\/uploads\/2013\/03\/cafetera-300x221.jpg","datePublished":"2013-03-28T02:39:26+00:00","breadcrumb":{"@id":"https:\/\/porttecafe.com\/blog\/el-cafe-viaja-por-europa-y-llega-a-francia\/#breadcrumb"},"inLanguage":"es","potentialAction":[{"@type":"ReadAction","target":["https:\/\/porttecafe.com\/blog\/el-cafe-viaja-por-europa-y-llega-a-francia\/"]}]},{"@type":"ImageObject","inLanguage":"es","@id":"https:\/\/porttecafe.com\/blog\/el-cafe-viaja-por-europa-y-llega-a-francia\/#primaryimage","url":"http:\/\/porttecafe.com\/blog\/wp-content\/uploads\/2013\/03\/cafetera-300x221.jpg","contentUrl":"http:\/\/porttecafe.com\/blog\/wp-content\/uploads\/2013\/03\/cafetera-300x221.jpg"},{"@type":"BreadcrumbList","@id":"https:\/\/porttecafe.com\/blog\/el-cafe-viaja-por-europa-y-llega-a-francia\/#breadcrumb","itemListElement":[{"@type":"ListItem","position":1,"name":"Portada","item":"https:\/\/porttecafe.com\/blog\/"},{"@type":"ListItem","position":2,"name":"El Caf\u00e9 viaja por Europa y llega a Francia"}]},{"@type":"WebSite","@id":"https:\/\/porttecafe.com\/blog\/#website","url":"https:\/\/porttecafe.com\/blog\/","name":"Portte cafe","description":"Servicio de m\u00e1quinas de cafe","publisher":{"@id":"https:\/\/porttecafe.com\/blog\/#organization"},"potentialAction":[{"@type":"SearchAction","target":{"@type":"EntryPoint","urlTemplate":"https:\/\/porttecafe.com\/blog\/?s={search_term_string}"},"query-input":{"@type":"PropertyValueSpecification","valueRequired":true,"valueName":"search_term_string"}}],"inLanguage":"es"},{"@type":"Organization","@id":"https:\/\/porttecafe.com\/blog\/#organization","name":"Portte cafe","url":"https:\/\/porttecafe.com\/blog\/","logo":{"@type":"ImageObject","inLanguage":"es","@id":"https:\/\/porttecafe.com\/blog\/#\/schema\/logo\/image\/","url":"http:\/\/porttecafe.com\/blog\/wp-content\/uploads\/2023\/01\/logo-oscuro.png","contentUrl":"http:\/\/porttecafe.com\/blog\/wp-content\/uploads\/2023\/01\/logo-oscuro.png","width":493,"height":200,"caption":"Portte cafe"},"image":{"@id":"https:\/\/porttecafe.com\/blog\/#\/schema\/logo\/image\/"},"sameAs":["https:\/\/www.facebook.com\/porttecafe\/","https:\/\/x.com\/Porttecafe","https:\/\/www.youtube.com\/user\/porttecafe","https:\/\/www.instagram.com\/porttecafe\/"]},{"@type":"Person","@id":"https:\/\/porttecafe.com\/blog\/#\/schema\/person\/194078094fb4a902e3e0cfcdbdb03f98","name":"adportte","image":{"@type":"ImageObject","inLanguage":"es","@id":"https:\/\/porttecafe.com\/blog\/#\/schema\/person\/image\/","url":"https:\/\/secure.gravatar.com\/avatar\/3662341f7d8cdc5668deaa89323e7ee1?s=96&d=mm&r=g","contentUrl":"https:\/\/secure.gravatar.com\/avatar\/3662341f7d8cdc5668deaa89323e7ee1?s=96&d=mm&r=g","caption":"adportte"},"url":"https:\/\/porttecafe.com\/blog\/author\/adportte\/"}]}},"_links":{"self":[{"href":"https:\/\/porttecafe.com\/blog\/wp-json\/wp\/v2\/posts\/32","targetHints":{"allow":["GET"]}}],"collection":[{"href":"https:\/\/porttecafe.com\/blog\/wp-json\/wp\/v2\/posts"}],"about":[{"href":"https:\/\/porttecafe.com\/blog\/wp-json\/wp\/v2\/types\/post"}],"author":[{"embeddable":true,"href":"https:\/\/porttecafe.com\/blog\/wp-json\/wp\/v2\/users\/1"}],"replies":[{"embeddable":true,"href":"https:\/\/porttecafe.com\/blog\/wp-json\/wp\/v2\/comments?post=32"}],"version-history":[{"count":0,"href":"https:\/\/porttecafe.com\/blog\/wp-json\/wp\/v2\/posts\/32\/revisions"}],"wp:attachment":[{"href":"https:\/\/porttecafe.com\/blog\/wp-json\/wp\/v2\/media?parent=32"}],"wp:term":[{"taxonomy":"category","embeddable":true,"href":"https:\/\/porttecafe.com\/blog\/wp-json\/wp\/v2\/categories?post=32"},{"taxonomy":"post_tag","embeddable":true,"href":"https:\/\/porttecafe.com\/blog\/wp-json\/wp\/v2\/tags?post=32"}],"curies":[{"name":"wp","href":"https:\/\/api.w.org\/{rel}","templated":true}]}}