{"id":382,"date":"2015-06-09T10:24:53","date_gmt":"2015-06-09T15:24:53","guid":{"rendered":"http:\/\/porttecafe.com\/blog\/?p=382"},"modified":"2015-06-09T10:24:53","modified_gmt":"2015-06-09T15:24:53","slug":"runge-visito-a-goethe","status":"publish","type":"post","link":"https:\/\/porttecafe.com\/blog\/runge-visito-a-goethe\/","title":{"rendered":"Runge visit\u00f3 a Goethe"},"content":{"rendered":"<div style=\"padding-bottom:20px; padding-top:10px;\" class=\"hupso-share-buttons\"><!-- Hupso Share Buttons - http:\/\/www.hupso.com\/share\/ --><a class=\"hupso_counters\" href=\"http:\/\/www.hupso.com\/share\/\"><img decoding=\"async\" src=\"https:\/\/static.hupso.com\/share\/buttons\/lang\/es\/share-small.png\" style=\"border:0px; padding-top:2px; float:left;\" alt=\"Share Button\"\/><\/a><script type=\"text\/javascript\">var hupso_services_c=new Array(\"twitter\",\"facebook_like\",\"facebook_send\",\"google\",\"pinterest\",\"linkedin\");var hupso_counters_lang = \"es_LA\";var hupso_image_folder_url = \"\";var hupso_url_c=\"\";var hupso_title_c=\"Runge visit\u00f3 a Goethe\";<\/script><script type=\"text\/javascript\" src=\"https:\/\/static.hupso.com\/share\/js\/counters.js\"><\/script><!-- Hupso Share Buttons --><\/div><p><a href=\"http:\/\/porttecafe.com\/blog\/wp-content\/uploads\/2015\/06\/cafe-jardon.jpg\"><img loading=\"lazy\" decoding=\"async\" class=\" size-medium wp-image-383 alignleft\" src=\"http:\/\/porttecafe.com\/blog\/wp-content\/uploads\/2015\/06\/cafe-jardon-200x300.jpg\" alt=\"cafe en el jardin\" width=\"200\" height=\"300\" \/><\/a>Runge visit\u00f3 a Goethe en su casa con una maleta llena de probetas, pipetas y embaces peque\u00f1os. Y el lirico, que esa fecha tambi\u00e9n no hab\u00eda descansado suficiente tiempo, le obsequio a su visita unas semillas de caf\u00e9 \u00e1rabe, d\u00e1ndole ganas a que examine su lo que tiene. Con la alegr\u00eda del que fuera inteligente en su primera comanda, Runge acept\u00f3 el reto y se meti\u00f3 en su sala de pruebas por muchas semanas, hasta que, al fin, diferencio la cafe\u00edna de los dem\u00e1s componentes. Clara, inodora y con un sabor muy amargo en su presentaci\u00f3n original, es un alcaloide, una mescla compuesta org\u00e1nicamente hecha a base de las plantas, que reparte genealog\u00eda con otros inventos del mismo tiempo: la estricnina, el veneno que abri\u00f3 las puertas a la literaria a los muy recurrentes homicidios de las historias falsas sobre polic\u00edas con origen brit\u00e1nico, la morfina, la nicotina. \u201cGoethe estaba en lo cierto\u201d, narro Runge muchos meses despu\u00e9s, en el tiempo de su vida ejerciendo su profesi\u00f3n: \u201cEn esas semillas ayee la cafe\u00edna, que logro ser tan popular\u201d. Sorprendente en una sala de pruebas pero bastante raro en la vida cotidiana, Runge logro ser una persona tan inteligente con un futuro no tan afortunado: en sus a\u00f1os de madures, izo uso sus innumerables ideas sobre la qu\u00edmica a la soluci\u00f3n de dilemas caseros, parecidos a la remoci\u00f3n de partes sucias en tapizados o el encerrado en embaces de metal. Lo cual fue una forma de asegurar un modesto pasar econ\u00f3mico, dijo si a un trabajo en la f\u00e1brica privada y, pero tambi\u00e9n descubri\u00f3 una Alina de color azul, lo cual facilito que tiempo despu\u00e9s se reprodujera infinitas cantidades de tinturas, lociones, pinturas o aromatizantes, un problema con la esposa del difunto de un viejo trabajador lo boto en la calle. Falleci\u00f3 en el a\u00f1o 1867, en la miseria y en el perdi\u00f3, oprobio tal vez recomendado ya en 1823, en el tiempo la palabra cafe\u00edna surg\u00eda por primera vez en el Diccionario de los niveles m\u00e9dicos de los doctores franceses, en donde su nombre no era tomado en cuenta. Un par de a\u00f1os posteriores a su muerte, la Poblaci\u00f3n Qu\u00edmica Alemana provoco una recolecci\u00f3n para darle un homenaje, que agarr\u00f3 la m\u00f3dica manera de una placa encima de su tumba en Oranienburgo, que suplica la nariz recta y la papada aguada de uno de los m\u00e1s grandes qu\u00edmicos de todo el tiempo. Dicen que en sus a\u00f1osos d\u00edas de pobreza, aun perdido y triste, descansaba tranquilo y aun dorm\u00eda pensando con esa epifan\u00eda de cuando \u00e9l era menor, el medio d\u00eda que el mayor lirico de su pa\u00eds lo recibi\u00f3 en su hogar, en cuando el futuro se publicaba venturoso y el todos se abr\u00edan enfrente de \u00e9l con las innumerables y secretas posibilidades de poder encontrarlo. El cient\u00edfico y el lirico se entend\u00edan en la par\u00e1bola del duda de la vida. Y si es verdad que \u201cGoethe traslado a las letras la idea de que era suficiente pensar algo perfectamente para conocerlo\u201d, como dice el significado de Borges, el antiguo compart\u00eda con el joven Runge la bendici\u00f3n de una imaginaci\u00f3n fecunda en un tiempo de ayasgos. Las cr\u00f3nicas no consignan si Goethe le invit\u00f3 un caf\u00e9.<\/p>\n<p>El caf\u00e9 tiene la culpa<\/p>\n<p>Un aparato para hacer caf\u00e9 y 58 libras de caf\u00e9, unos 26 kilos de oro negro: este fue el testamento que el ingl\u00e9s William Harvey dej\u00f3 a sus socios del Real Colegio de M\u00e9dicos en el momento que falleci\u00f3.Porttecafe m\u00e1quinas de cafe y servicios de barra de cafe.<\/p>\n","protected":false},"excerpt":{"rendered":"<p>Runge visit\u00f3 a Goethe en su casa con una maleta llena de probetas, pipetas y embaces peque\u00f1os. Y el lirico, que esa fecha tambi\u00e9n no hab\u00eda descansado suficiente tiempo, le obsequio a su visita unas semillas de caf\u00e9 \u00e1rabe, d\u00e1ndole &hellip; <a href=\"https:\/\/porttecafe.com\/blog\/runge-visito-a-goethe\/\">Continue reading <span class=\"meta-nav\">&rarr;<\/span><\/a><\/p>\n","protected":false},"author":1,"featured_media":0,"comment_status":"closed","ping_status":"open","sticky":false,"template":"","format":"standard","meta":{"footnotes":""},"categories":[6],"tags":[90],"class_list":["post-382","post","type-post","status-publish","format-standard","hentry","category-maquinas-de-cafe","tag-goethe-y-el-cafe"],"yoast_head":"<!-- This site is optimized with the Yoast SEO plugin v26.8 - https:\/\/yoast.com\/product\/yoast-seo-wordpress\/ -->\n<title>Runge visit\u00f3 a Goethe - Portte cafe<\/title>\n<meta name=\"robots\" content=\"index, follow, max-snippet:-1, max-image-preview:large, max-video-preview:-1\" \/>\n<link rel=\"canonical\" href=\"https:\/\/porttecafe.com\/blog\/runge-visito-a-goethe\/\" \/>\n<meta property=\"og:locale\" content=\"es_ES\" \/>\n<meta property=\"og:type\" content=\"article\" \/>\n<meta property=\"og:title\" content=\"Runge visit\u00f3 a Goethe - Portte cafe\" \/>\n<meta property=\"og:description\" content=\"Runge visit\u00f3 a Goethe en su casa con una maleta llena de probetas, pipetas y embaces peque\u00f1os. Y el lirico, que esa fecha tambi\u00e9n no hab\u00eda descansado suficiente tiempo, le obsequio a su visita unas semillas de caf\u00e9 \u00e1rabe, d\u00e1ndole &hellip; Continue reading &rarr;\" \/>\n<meta property=\"og:url\" content=\"https:\/\/porttecafe.com\/blog\/runge-visito-a-goethe\/\" \/>\n<meta property=\"og:site_name\" content=\"Portte cafe\" \/>\n<meta property=\"article:publisher\" content=\"https:\/\/www.facebook.com\/porttecafe\/\" \/>\n<meta property=\"article:published_time\" content=\"2015-06-09T15:24:53+00:00\" \/>\n<meta property=\"og:image\" content=\"http:\/\/porttecafe.com\/blog\/wp-content\/uploads\/2015\/06\/cafe-jardon-200x300.jpg\" \/>\n<meta name=\"author\" content=\"adportte\" \/>\n<meta name=\"twitter:card\" content=\"summary_large_image\" \/>\n<meta name=\"twitter:creator\" content=\"@Porttecafe\" \/>\n<meta name=\"twitter:site\" content=\"@Porttecafe\" \/>\n<meta name=\"twitter:label1\" content=\"Escrito por\" \/>\n\t<meta name=\"twitter:data1\" content=\"adportte\" \/>\n\t<meta name=\"twitter:label2\" content=\"Tiempo de lectura\" \/>\n\t<meta name=\"twitter:data2\" content=\"3 minutos\" \/>\n<script type=\"application\/ld+json\" class=\"yoast-schema-graph\">{\"@context\":\"https:\/\/schema.org\",\"@graph\":[{\"@type\":\"Article\",\"@id\":\"https:\/\/porttecafe.com\/blog\/runge-visito-a-goethe\/#article\",\"isPartOf\":{\"@id\":\"https:\/\/porttecafe.com\/blog\/runge-visito-a-goethe\/\"},\"author\":{\"name\":\"adportte\",\"@id\":\"https:\/\/porttecafe.com\/blog\/#\/schema\/person\/194078094fb4a902e3e0cfcdbdb03f98\"},\"headline\":\"Runge visit\u00f3 a Goethe\",\"datePublished\":\"2015-06-09T15:24:53+00:00\",\"mainEntityOfPage\":{\"@id\":\"https:\/\/porttecafe.com\/blog\/runge-visito-a-goethe\/\"},\"wordCount\":642,\"publisher\":{\"@id\":\"https:\/\/porttecafe.com\/blog\/#organization\"},\"image\":{\"@id\":\"https:\/\/porttecafe.com\/blog\/runge-visito-a-goethe\/#primaryimage\"},\"thumbnailUrl\":\"http:\/\/porttecafe.com\/blog\/wp-content\/uploads\/2015\/06\/cafe-jardon-200x300.jpg\",\"keywords\":[\"goethe y el cafe\"],\"articleSection\":[\"Maquinas de cafe\"],\"inLanguage\":\"es\"},{\"@type\":\"WebPage\",\"@id\":\"https:\/\/porttecafe.com\/blog\/runge-visito-a-goethe\/\",\"url\":\"https:\/\/porttecafe.com\/blog\/runge-visito-a-goethe\/\",\"name\":\"Runge visit\u00f3 a Goethe - Portte cafe\",\"isPartOf\":{\"@id\":\"https:\/\/porttecafe.com\/blog\/#website\"},\"primaryImageOfPage\":{\"@id\":\"https:\/\/porttecafe.com\/blog\/runge-visito-a-goethe\/#primaryimage\"},\"image\":{\"@id\":\"https:\/\/porttecafe.com\/blog\/runge-visito-a-goethe\/#primaryimage\"},\"thumbnailUrl\":\"http:\/\/porttecafe.com\/blog\/wp-content\/uploads\/2015\/06\/cafe-jardon-200x300.jpg\",\"datePublished\":\"2015-06-09T15:24:53+00:00\",\"breadcrumb\":{\"@id\":\"https:\/\/porttecafe.com\/blog\/runge-visito-a-goethe\/#breadcrumb\"},\"inLanguage\":\"es\",\"potentialAction\":[{\"@type\":\"ReadAction\",\"target\":[\"https:\/\/porttecafe.com\/blog\/runge-visito-a-goethe\/\"]}]},{\"@type\":\"ImageObject\",\"inLanguage\":\"es\",\"@id\":\"https:\/\/porttecafe.com\/blog\/runge-visito-a-goethe\/#primaryimage\",\"url\":\"http:\/\/porttecafe.com\/blog\/wp-content\/uploads\/2015\/06\/cafe-jardon-200x300.jpg\",\"contentUrl\":\"http:\/\/porttecafe.com\/blog\/wp-content\/uploads\/2015\/06\/cafe-jardon-200x300.jpg\"},{\"@type\":\"BreadcrumbList\",\"@id\":\"https:\/\/porttecafe.com\/blog\/runge-visito-a-goethe\/#breadcrumb\",\"itemListElement\":[{\"@type\":\"ListItem\",\"position\":1,\"name\":\"Portada\",\"item\":\"https:\/\/porttecafe.com\/blog\/\"},{\"@type\":\"ListItem\",\"position\":2,\"name\":\"Runge visit\u00f3 a Goethe\"}]},{\"@type\":\"WebSite\",\"@id\":\"https:\/\/porttecafe.com\/blog\/#website\",\"url\":\"https:\/\/porttecafe.com\/blog\/\",\"name\":\"Portte cafe\",\"description\":\"Servicio de m\u00e1quinas de cafe\",\"publisher\":{\"@id\":\"https:\/\/porttecafe.com\/blog\/#organization\"},\"potentialAction\":[{\"@type\":\"SearchAction\",\"target\":{\"@type\":\"EntryPoint\",\"urlTemplate\":\"https:\/\/porttecafe.com\/blog\/?s={search_term_string}\"},\"query-input\":{\"@type\":\"PropertyValueSpecification\",\"valueRequired\":true,\"valueName\":\"search_term_string\"}}],\"inLanguage\":\"es\"},{\"@type\":\"Organization\",\"@id\":\"https:\/\/porttecafe.com\/blog\/#organization\",\"name\":\"Portte cafe\",\"url\":\"https:\/\/porttecafe.com\/blog\/\",\"logo\":{\"@type\":\"ImageObject\",\"inLanguage\":\"es\",\"@id\":\"https:\/\/porttecafe.com\/blog\/#\/schema\/logo\/image\/\",\"url\":\"http:\/\/porttecafe.com\/blog\/wp-content\/uploads\/2023\/01\/logo-oscuro.png\",\"contentUrl\":\"http:\/\/porttecafe.com\/blog\/wp-content\/uploads\/2023\/01\/logo-oscuro.png\",\"width\":493,\"height\":200,\"caption\":\"Portte cafe\"},\"image\":{\"@id\":\"https:\/\/porttecafe.com\/blog\/#\/schema\/logo\/image\/\"},\"sameAs\":[\"https:\/\/www.facebook.com\/porttecafe\/\",\"https:\/\/x.com\/Porttecafe\",\"https:\/\/www.youtube.com\/user\/porttecafe\",\"https:\/\/www.instagram.com\/porttecafe\/\"]},{\"@type\":\"Person\",\"@id\":\"https:\/\/porttecafe.com\/blog\/#\/schema\/person\/194078094fb4a902e3e0cfcdbdb03f98\",\"name\":\"adportte\",\"image\":{\"@type\":\"ImageObject\",\"inLanguage\":\"es\",\"@id\":\"https:\/\/porttecafe.com\/blog\/#\/schema\/person\/image\/\",\"url\":\"https:\/\/secure.gravatar.com\/avatar\/3662341f7d8cdc5668deaa89323e7ee1?s=96&d=mm&r=g\",\"contentUrl\":\"https:\/\/secure.gravatar.com\/avatar\/3662341f7d8cdc5668deaa89323e7ee1?s=96&d=mm&r=g\",\"caption\":\"adportte\"},\"url\":\"https:\/\/porttecafe.com\/blog\/author\/adportte\/\"}]}<\/script>\n<!-- \/ Yoast SEO plugin. -->","yoast_head_json":{"title":"Runge visit\u00f3 a Goethe - Portte cafe","robots":{"index":"index","follow":"follow","max-snippet":"max-snippet:-1","max-image-preview":"max-image-preview:large","max-video-preview":"max-video-preview:-1"},"canonical":"https:\/\/porttecafe.com\/blog\/runge-visito-a-goethe\/","og_locale":"es_ES","og_type":"article","og_title":"Runge visit\u00f3 a Goethe - Portte cafe","og_description":"Runge visit\u00f3 a Goethe en su casa con una maleta llena de probetas, pipetas y embaces peque\u00f1os. Y el lirico, que esa fecha tambi\u00e9n no hab\u00eda descansado suficiente tiempo, le obsequio a su visita unas semillas de caf\u00e9 \u00e1rabe, d\u00e1ndole &hellip; Continue reading &rarr;","og_url":"https:\/\/porttecafe.com\/blog\/runge-visito-a-goethe\/","og_site_name":"Portte cafe","article_publisher":"https:\/\/www.facebook.com\/porttecafe\/","article_published_time":"2015-06-09T15:24:53+00:00","og_image":[{"url":"http:\/\/porttecafe.com\/blog\/wp-content\/uploads\/2015\/06\/cafe-jardon-200x300.jpg","type":"","width":"","height":""}],"author":"adportte","twitter_card":"summary_large_image","twitter_creator":"@Porttecafe","twitter_site":"@Porttecafe","twitter_misc":{"Escrito por":"adportte","Tiempo de lectura":"3 minutos"},"schema":{"@context":"https:\/\/schema.org","@graph":[{"@type":"Article","@id":"https:\/\/porttecafe.com\/blog\/runge-visito-a-goethe\/#article","isPartOf":{"@id":"https:\/\/porttecafe.com\/blog\/runge-visito-a-goethe\/"},"author":{"name":"adportte","@id":"https:\/\/porttecafe.com\/blog\/#\/schema\/person\/194078094fb4a902e3e0cfcdbdb03f98"},"headline":"Runge visit\u00f3 a Goethe","datePublished":"2015-06-09T15:24:53+00:00","mainEntityOfPage":{"@id":"https:\/\/porttecafe.com\/blog\/runge-visito-a-goethe\/"},"wordCount":642,"publisher":{"@id":"https:\/\/porttecafe.com\/blog\/#organization"},"image":{"@id":"https:\/\/porttecafe.com\/blog\/runge-visito-a-goethe\/#primaryimage"},"thumbnailUrl":"http:\/\/porttecafe.com\/blog\/wp-content\/uploads\/2015\/06\/cafe-jardon-200x300.jpg","keywords":["goethe y el cafe"],"articleSection":["Maquinas de cafe"],"inLanguage":"es"},{"@type":"WebPage","@id":"https:\/\/porttecafe.com\/blog\/runge-visito-a-goethe\/","url":"https:\/\/porttecafe.com\/blog\/runge-visito-a-goethe\/","name":"Runge visit\u00f3 a Goethe - Portte cafe","isPartOf":{"@id":"https:\/\/porttecafe.com\/blog\/#website"},"primaryImageOfPage":{"@id":"https:\/\/porttecafe.com\/blog\/runge-visito-a-goethe\/#primaryimage"},"image":{"@id":"https:\/\/porttecafe.com\/blog\/runge-visito-a-goethe\/#primaryimage"},"thumbnailUrl":"http:\/\/porttecafe.com\/blog\/wp-content\/uploads\/2015\/06\/cafe-jardon-200x300.jpg","datePublished":"2015-06-09T15:24:53+00:00","breadcrumb":{"@id":"https:\/\/porttecafe.com\/blog\/runge-visito-a-goethe\/#breadcrumb"},"inLanguage":"es","potentialAction":[{"@type":"ReadAction","target":["https:\/\/porttecafe.com\/blog\/runge-visito-a-goethe\/"]}]},{"@type":"ImageObject","inLanguage":"es","@id":"https:\/\/porttecafe.com\/blog\/runge-visito-a-goethe\/#primaryimage","url":"http:\/\/porttecafe.com\/blog\/wp-content\/uploads\/2015\/06\/cafe-jardon-200x300.jpg","contentUrl":"http:\/\/porttecafe.com\/blog\/wp-content\/uploads\/2015\/06\/cafe-jardon-200x300.jpg"},{"@type":"BreadcrumbList","@id":"https:\/\/porttecafe.com\/blog\/runge-visito-a-goethe\/#breadcrumb","itemListElement":[{"@type":"ListItem","position":1,"name":"Portada","item":"https:\/\/porttecafe.com\/blog\/"},{"@type":"ListItem","position":2,"name":"Runge visit\u00f3 a Goethe"}]},{"@type":"WebSite","@id":"https:\/\/porttecafe.com\/blog\/#website","url":"https:\/\/porttecafe.com\/blog\/","name":"Portte cafe","description":"Servicio de m\u00e1quinas de cafe","publisher":{"@id":"https:\/\/porttecafe.com\/blog\/#organization"},"potentialAction":[{"@type":"SearchAction","target":{"@type":"EntryPoint","urlTemplate":"https:\/\/porttecafe.com\/blog\/?s={search_term_string}"},"query-input":{"@type":"PropertyValueSpecification","valueRequired":true,"valueName":"search_term_string"}}],"inLanguage":"es"},{"@type":"Organization","@id":"https:\/\/porttecafe.com\/blog\/#organization","name":"Portte cafe","url":"https:\/\/porttecafe.com\/blog\/","logo":{"@type":"ImageObject","inLanguage":"es","@id":"https:\/\/porttecafe.com\/blog\/#\/schema\/logo\/image\/","url":"http:\/\/porttecafe.com\/blog\/wp-content\/uploads\/2023\/01\/logo-oscuro.png","contentUrl":"http:\/\/porttecafe.com\/blog\/wp-content\/uploads\/2023\/01\/logo-oscuro.png","width":493,"height":200,"caption":"Portte cafe"},"image":{"@id":"https:\/\/porttecafe.com\/blog\/#\/schema\/logo\/image\/"},"sameAs":["https:\/\/www.facebook.com\/porttecafe\/","https:\/\/x.com\/Porttecafe","https:\/\/www.youtube.com\/user\/porttecafe","https:\/\/www.instagram.com\/porttecafe\/"]},{"@type":"Person","@id":"https:\/\/porttecafe.com\/blog\/#\/schema\/person\/194078094fb4a902e3e0cfcdbdb03f98","name":"adportte","image":{"@type":"ImageObject","inLanguage":"es","@id":"https:\/\/porttecafe.com\/blog\/#\/schema\/person\/image\/","url":"https:\/\/secure.gravatar.com\/avatar\/3662341f7d8cdc5668deaa89323e7ee1?s=96&d=mm&r=g","contentUrl":"https:\/\/secure.gravatar.com\/avatar\/3662341f7d8cdc5668deaa89323e7ee1?s=96&d=mm&r=g","caption":"adportte"},"url":"https:\/\/porttecafe.com\/blog\/author\/adportte\/"}]}},"_links":{"self":[{"href":"https:\/\/porttecafe.com\/blog\/wp-json\/wp\/v2\/posts\/382","targetHints":{"allow":["GET"]}}],"collection":[{"href":"https:\/\/porttecafe.com\/blog\/wp-json\/wp\/v2\/posts"}],"about":[{"href":"https:\/\/porttecafe.com\/blog\/wp-json\/wp\/v2\/types\/post"}],"author":[{"embeddable":true,"href":"https:\/\/porttecafe.com\/blog\/wp-json\/wp\/v2\/users\/1"}],"replies":[{"embeddable":true,"href":"https:\/\/porttecafe.com\/blog\/wp-json\/wp\/v2\/comments?post=382"}],"version-history":[{"count":0,"href":"https:\/\/porttecafe.com\/blog\/wp-json\/wp\/v2\/posts\/382\/revisions"}],"wp:attachment":[{"href":"https:\/\/porttecafe.com\/blog\/wp-json\/wp\/v2\/media?parent=382"}],"wp:term":[{"taxonomy":"category","embeddable":true,"href":"https:\/\/porttecafe.com\/blog\/wp-json\/wp\/v2\/categories?post=382"},{"taxonomy":"post_tag","embeddable":true,"href":"https:\/\/porttecafe.com\/blog\/wp-json\/wp\/v2\/tags?post=382"}],"curies":[{"name":"wp","href":"https:\/\/api.w.org\/{rel}","templated":true}]}}