{"id":400,"date":"2015-06-28T10:10:29","date_gmt":"2015-06-28T15:10:29","guid":{"rendered":"http:\/\/porttecafe.com\/blog\/?p=400"},"modified":"2015-06-28T10:10:29","modified_gmt":"2015-06-28T15:10:29","slug":"maquinas-de-cafe-el-archivano","status":"publish","type":"post","link":"https:\/\/porttecafe.com\/blog\/maquinas-de-cafe-el-archivano\/","title":{"rendered":"M\u00e1quinas de cafe y el archivano"},"content":{"rendered":"<div style=\"padding-bottom:20px; padding-top:10px;\" class=\"hupso-share-buttons\"><!-- Hupso Share Buttons - http:\/\/www.hupso.com\/share\/ --><a class=\"hupso_counters\" href=\"http:\/\/www.hupso.com\/share\/\"><img decoding=\"async\" src=\"https:\/\/static.hupso.com\/share\/buttons\/lang\/es\/share-small.png\" style=\"border:0px; padding-top:2px; float:left;\" alt=\"Share Button\"\/><\/a><script type=\"text\/javascript\">var hupso_services_c=new Array(\"twitter\",\"facebook_like\",\"facebook_send\",\"google\",\"pinterest\",\"linkedin\");var hupso_counters_lang = \"es_LA\";var hupso_image_folder_url = \"\";var hupso_url_c=\"\";var hupso_title_c=\"M\u00e1quinas de cafe y el archivano\";<\/script><script type=\"text\/javascript\" src=\"https:\/\/static.hupso.com\/share\/js\/counters.js\"><\/script><!-- Hupso Share Buttons --><\/div><p><a href=\"http:\/\/porttecafe.com\/blog\/wp-content\/uploads\/2015\/06\/maquina-cafe-libro.jpg\"><img loading=\"lazy\" decoding=\"async\" class=\" size-medium wp-image-401 alignleft\" src=\"http:\/\/porttecafe.com\/blog\/wp-content\/uploads\/2015\/06\/maquina-cafe-libro-209x300.jpg\" alt=\"maquina cafe libro\" width=\"209\" height=\"300\" \/><\/a>La orilla geogr\u00e1fica, un faro. En el faro, una luz. Y en la luz, una amenaza: \u201cLa bebida hace perder la conciencia a algunas personas\u201d. Con la repetitiva escena del blanco y negro y el brillo admonitorio de las advertencias, el aviso llevaba desacuerdo a las mesas del almuerzo de Estado Unidence en los meses en que la salubridad se transformaba en una prioridad nacional y acababa con la oraci\u00f3n que causaba desacuerdo la cual, aun en la conciencia de su sintaxis como en el dudoso de su explicaci\u00f3n, crec\u00eda el inter\u00e9s: \u201cHay una causa\u201d. En lo que la nacionalidad gringa pudientes a finales de los a\u00f1os 1800 guardaban recamaras en los balnearios y ba\u00f1os de Battle Creek para darse a las insufribles sesiones de enemas, una gran grupo proletaria comenzaba a ver la alimentaci\u00f3n como un rumbo de ida a la santidad sanitaria. La primera vez en la historia, y como descendencia del higienizo, la alimentaci\u00f3n sol\u00eda ser tomada en cuenta como algo m\u00e1s que un combustible para la vivir. En medio los clientes del m\u00e9dico Kellogg se distingu\u00eda un tal Charles William Post: nervioso, reclamaba que lo nombraran C. W. y, cuestionado por el rosario adventista que excomulgaba las infusiones, en poco tiempo descubri\u00f3 en el elemento del caf\u00e9 lo que ten\u00eda la responsabilidad de sus arranques de su mal car\u00e1cter, de los errores en sus reservas de ganas, de los renuncios en su templanza. Taciturno y desnutrido, comiendo yogur, enemas, hectolitros de cualquier liquido y granos de ma\u00edz, durante una internaci\u00f3n a\u00f1o que los ma\u00edces ten\u00edan una probabilidad de ser un buen suced\u00e1neo de la maldita bebida y en ese momento \u00e9l pens\u00f3 que sus pocas energ\u00edas al inventar una bebida que llenara las recipientes con pocas onzas de buena salud. En una puerta de megaloman\u00eda, el se\u00f1or Post nombro \u201cPostum\u201d a su producto y, tal vez como consecuencia inevitable de su mal car\u00e1cter, compr\u00f3 muchos metros de peri\u00f3dicos y revistas con propagandas negativas, en donde un faro amenaza del naufragio inminente. \u201cexiste una causa\u201d, repet\u00eda Post, todo el tiempo el\u00edptico, nunca dejando de ser curioso. Con el paso del tiempo, ser\u00eda el hombre Burns del caf\u00e9: rico y ego\u00edsta, era el se\u00f1or al que todo mundo lo quer\u00eda pero al mismo tiempo odiaban (un reportero lo narro como \u201cconvincente, impaciente, nervioso, obsesionado, dogm\u00e1tico, dej\u00e1ndose llevar por la apariencia y con un orgullo muy grande\u201d). A la mitad del siglo XIX en Springfield, Illinois, amas\u00f3 una prosperidad en muy poco tiempo no con una planta nuclear m\u00e1s bien con una ferreter\u00eda, que se inaugur\u00f3 15 a\u00f1os m\u00e1s tarde. Y vendi\u00f3 doce meses despu\u00e9s. Aquellas primeras monedas le dieron ganas en su alma de empresario y, si una sola caracter\u00edstica tuvieran que elegir la poblaci\u00f3n de estados unidos para consagrar a sus superh\u00e9roes pedestres, esa caracter\u00edstica ser\u00eda la virtud de convertirse en gente con poder econ\u00f3mico. La lengua inglesa tiene una palabra misteriosa para dar a conocer el significado a estos se\u00f1ores: tycoon, que en espa\u00f1ol no hayo una traducci\u00f3n precisa (\u201cmagnate\u201d se acerca pero no dice el significado del alma emprendedora de un tycoon original). En los \u00faltimos diez a\u00f1os de 1900, C. W. Post atraves\u00f3 la mitad del pa\u00eds negociando maquinaria agr\u00edcola, creo una olla que no hacia vapor, empez\u00f3 una empresa de tejidos de lana, invento un instrumento mec\u00e1nico y unos tiradores \u201cque no se pueden ver\u201d que, de la manera de los corpi\u00f1os sin breteles, juraban elegancia y discreci\u00f3n al se\u00f1or. Pero las ganas en hacer crecer su econom\u00eda lo dejaron cansado: tanto que, aun cuando era joven y sin enfermedades f\u00edsicas, se transportaban en silla rodante.<\/p>\n","protected":false},"excerpt":{"rendered":"<p>La orilla geogr\u00e1fica, un faro. En el faro, una luz. Y en la luz, una amenaza: \u201cLa bebida hace perder la conciencia a algunas personas\u201d. Con la repetitiva escena del blanco y negro y el brillo admonitorio de las advertencias, &hellip; <a href=\"https:\/\/porttecafe.com\/blog\/maquinas-de-cafe-el-archivano\/\">Continue reading <span class=\"meta-nav\">&rarr;<\/span><\/a><\/p>\n","protected":false},"author":1,"featured_media":0,"comment_status":"closed","ping_status":"open","sticky":false,"template":"","format":"standard","meta":{"footnotes":""},"categories":[6],"tags":[83],"class_list":["post-400","post","type-post","status-publish","format-standard","hentry","category-maquinas-de-cafe","tag-el-archivano-del-cafe"],"yoast_head":"<!-- This site is optimized with the Yoast SEO plugin v26.8 - https:\/\/yoast.com\/product\/yoast-seo-wordpress\/ -->\n<title>M\u00e1quinas de cafe y el archivano - Portte cafe<\/title>\n<meta name=\"robots\" content=\"index, follow, max-snippet:-1, max-image-preview:large, max-video-preview:-1\" \/>\n<link rel=\"canonical\" href=\"https:\/\/porttecafe.com\/blog\/maquinas-de-cafe-el-archivano\/\" \/>\n<meta property=\"og:locale\" content=\"es_ES\" \/>\n<meta property=\"og:type\" content=\"article\" \/>\n<meta property=\"og:title\" content=\"M\u00e1quinas de cafe y el archivano - Portte cafe\" \/>\n<meta property=\"og:description\" content=\"La orilla geogr\u00e1fica, un faro. En el faro, una luz. Y en la luz, una amenaza: \u201cLa bebida hace perder la conciencia a algunas personas\u201d. Con la repetitiva escena del blanco y negro y el brillo admonitorio de las advertencias, &hellip; Continue reading &rarr;\" \/>\n<meta property=\"og:url\" content=\"https:\/\/porttecafe.com\/blog\/maquinas-de-cafe-el-archivano\/\" \/>\n<meta property=\"og:site_name\" content=\"Portte cafe\" \/>\n<meta property=\"article:publisher\" content=\"https:\/\/www.facebook.com\/porttecafe\/\" \/>\n<meta property=\"article:published_time\" content=\"2015-06-28T15:10:29+00:00\" \/>\n<meta property=\"og:image\" content=\"http:\/\/porttecafe.com\/blog\/wp-content\/uploads\/2015\/06\/maquina-cafe-libro-209x300.jpg\" \/>\n<meta name=\"author\" content=\"adportte\" \/>\n<meta name=\"twitter:card\" content=\"summary_large_image\" \/>\n<meta name=\"twitter:creator\" content=\"@Porttecafe\" \/>\n<meta name=\"twitter:site\" content=\"@Porttecafe\" \/>\n<meta name=\"twitter:label1\" content=\"Escrito por\" \/>\n\t<meta name=\"twitter:data1\" content=\"adportte\" \/>\n\t<meta name=\"twitter:label2\" content=\"Tiempo de lectura\" \/>\n\t<meta name=\"twitter:data2\" content=\"3 minutos\" \/>\n<script type=\"application\/ld+json\" class=\"yoast-schema-graph\">{\"@context\":\"https:\/\/schema.org\",\"@graph\":[{\"@type\":\"Article\",\"@id\":\"https:\/\/porttecafe.com\/blog\/maquinas-de-cafe-el-archivano\/#article\",\"isPartOf\":{\"@id\":\"https:\/\/porttecafe.com\/blog\/maquinas-de-cafe-el-archivano\/\"},\"author\":{\"name\":\"adportte\",\"@id\":\"https:\/\/porttecafe.com\/blog\/#\/schema\/person\/194078094fb4a902e3e0cfcdbdb03f98\"},\"headline\":\"M\u00e1quinas de cafe y el archivano\",\"datePublished\":\"2015-06-28T15:10:29+00:00\",\"mainEntityOfPage\":{\"@id\":\"https:\/\/porttecafe.com\/blog\/maquinas-de-cafe-el-archivano\/\"},\"wordCount\":664,\"publisher\":{\"@id\":\"https:\/\/porttecafe.com\/blog\/#organization\"},\"image\":{\"@id\":\"https:\/\/porttecafe.com\/blog\/maquinas-de-cafe-el-archivano\/#primaryimage\"},\"thumbnailUrl\":\"http:\/\/porttecafe.com\/blog\/wp-content\/uploads\/2015\/06\/maquina-cafe-libro-209x300.jpg\",\"keywords\":[\"el archivano del cafe\"],\"articleSection\":[\"Maquinas de cafe\"],\"inLanguage\":\"es\"},{\"@type\":\"WebPage\",\"@id\":\"https:\/\/porttecafe.com\/blog\/maquinas-de-cafe-el-archivano\/\",\"url\":\"https:\/\/porttecafe.com\/blog\/maquinas-de-cafe-el-archivano\/\",\"name\":\"M\u00e1quinas de cafe y el archivano - Portte cafe\",\"isPartOf\":{\"@id\":\"https:\/\/porttecafe.com\/blog\/#website\"},\"primaryImageOfPage\":{\"@id\":\"https:\/\/porttecafe.com\/blog\/maquinas-de-cafe-el-archivano\/#primaryimage\"},\"image\":{\"@id\":\"https:\/\/porttecafe.com\/blog\/maquinas-de-cafe-el-archivano\/#primaryimage\"},\"thumbnailUrl\":\"http:\/\/porttecafe.com\/blog\/wp-content\/uploads\/2015\/06\/maquina-cafe-libro-209x300.jpg\",\"datePublished\":\"2015-06-28T15:10:29+00:00\",\"breadcrumb\":{\"@id\":\"https:\/\/porttecafe.com\/blog\/maquinas-de-cafe-el-archivano\/#breadcrumb\"},\"inLanguage\":\"es\",\"potentialAction\":[{\"@type\":\"ReadAction\",\"target\":[\"https:\/\/porttecafe.com\/blog\/maquinas-de-cafe-el-archivano\/\"]}]},{\"@type\":\"ImageObject\",\"inLanguage\":\"es\",\"@id\":\"https:\/\/porttecafe.com\/blog\/maquinas-de-cafe-el-archivano\/#primaryimage\",\"url\":\"http:\/\/porttecafe.com\/blog\/wp-content\/uploads\/2015\/06\/maquina-cafe-libro-209x300.jpg\",\"contentUrl\":\"http:\/\/porttecafe.com\/blog\/wp-content\/uploads\/2015\/06\/maquina-cafe-libro-209x300.jpg\"},{\"@type\":\"BreadcrumbList\",\"@id\":\"https:\/\/porttecafe.com\/blog\/maquinas-de-cafe-el-archivano\/#breadcrumb\",\"itemListElement\":[{\"@type\":\"ListItem\",\"position\":1,\"name\":\"Portada\",\"item\":\"https:\/\/porttecafe.com\/blog\/\"},{\"@type\":\"ListItem\",\"position\":2,\"name\":\"M\u00e1quinas de cafe y el archivano\"}]},{\"@type\":\"WebSite\",\"@id\":\"https:\/\/porttecafe.com\/blog\/#website\",\"url\":\"https:\/\/porttecafe.com\/blog\/\",\"name\":\"Portte cafe\",\"description\":\"Servicio de m\u00e1quinas de cafe\",\"publisher\":{\"@id\":\"https:\/\/porttecafe.com\/blog\/#organization\"},\"potentialAction\":[{\"@type\":\"SearchAction\",\"target\":{\"@type\":\"EntryPoint\",\"urlTemplate\":\"https:\/\/porttecafe.com\/blog\/?s={search_term_string}\"},\"query-input\":{\"@type\":\"PropertyValueSpecification\",\"valueRequired\":true,\"valueName\":\"search_term_string\"}}],\"inLanguage\":\"es\"},{\"@type\":\"Organization\",\"@id\":\"https:\/\/porttecafe.com\/blog\/#organization\",\"name\":\"Portte cafe\",\"url\":\"https:\/\/porttecafe.com\/blog\/\",\"logo\":{\"@type\":\"ImageObject\",\"inLanguage\":\"es\",\"@id\":\"https:\/\/porttecafe.com\/blog\/#\/schema\/logo\/image\/\",\"url\":\"http:\/\/porttecafe.com\/blog\/wp-content\/uploads\/2023\/01\/logo-oscuro.png\",\"contentUrl\":\"http:\/\/porttecafe.com\/blog\/wp-content\/uploads\/2023\/01\/logo-oscuro.png\",\"width\":493,\"height\":200,\"caption\":\"Portte cafe\"},\"image\":{\"@id\":\"https:\/\/porttecafe.com\/blog\/#\/schema\/logo\/image\/\"},\"sameAs\":[\"https:\/\/www.facebook.com\/porttecafe\/\",\"https:\/\/x.com\/Porttecafe\",\"https:\/\/www.youtube.com\/user\/porttecafe\",\"https:\/\/www.instagram.com\/porttecafe\/\"]},{\"@type\":\"Person\",\"@id\":\"https:\/\/porttecafe.com\/blog\/#\/schema\/person\/194078094fb4a902e3e0cfcdbdb03f98\",\"name\":\"adportte\",\"image\":{\"@type\":\"ImageObject\",\"inLanguage\":\"es\",\"@id\":\"https:\/\/porttecafe.com\/blog\/#\/schema\/person\/image\/\",\"url\":\"https:\/\/secure.gravatar.com\/avatar\/3662341f7d8cdc5668deaa89323e7ee1?s=96&d=mm&r=g\",\"contentUrl\":\"https:\/\/secure.gravatar.com\/avatar\/3662341f7d8cdc5668deaa89323e7ee1?s=96&d=mm&r=g\",\"caption\":\"adportte\"},\"url\":\"https:\/\/porttecafe.com\/blog\/author\/adportte\/\"}]}<\/script>\n<!-- \/ Yoast SEO plugin. -->","yoast_head_json":{"title":"M\u00e1quinas de cafe y el archivano - Portte cafe","robots":{"index":"index","follow":"follow","max-snippet":"max-snippet:-1","max-image-preview":"max-image-preview:large","max-video-preview":"max-video-preview:-1"},"canonical":"https:\/\/porttecafe.com\/blog\/maquinas-de-cafe-el-archivano\/","og_locale":"es_ES","og_type":"article","og_title":"M\u00e1quinas de cafe y el archivano - Portte cafe","og_description":"La orilla geogr\u00e1fica, un faro. En el faro, una luz. Y en la luz, una amenaza: \u201cLa bebida hace perder la conciencia a algunas personas\u201d. Con la repetitiva escena del blanco y negro y el brillo admonitorio de las advertencias, &hellip; Continue reading &rarr;","og_url":"https:\/\/porttecafe.com\/blog\/maquinas-de-cafe-el-archivano\/","og_site_name":"Portte cafe","article_publisher":"https:\/\/www.facebook.com\/porttecafe\/","article_published_time":"2015-06-28T15:10:29+00:00","og_image":[{"url":"http:\/\/porttecafe.com\/blog\/wp-content\/uploads\/2015\/06\/maquina-cafe-libro-209x300.jpg","type":"","width":"","height":""}],"author":"adportte","twitter_card":"summary_large_image","twitter_creator":"@Porttecafe","twitter_site":"@Porttecafe","twitter_misc":{"Escrito por":"adportte","Tiempo de lectura":"3 minutos"},"schema":{"@context":"https:\/\/schema.org","@graph":[{"@type":"Article","@id":"https:\/\/porttecafe.com\/blog\/maquinas-de-cafe-el-archivano\/#article","isPartOf":{"@id":"https:\/\/porttecafe.com\/blog\/maquinas-de-cafe-el-archivano\/"},"author":{"name":"adportte","@id":"https:\/\/porttecafe.com\/blog\/#\/schema\/person\/194078094fb4a902e3e0cfcdbdb03f98"},"headline":"M\u00e1quinas de cafe y el archivano","datePublished":"2015-06-28T15:10:29+00:00","mainEntityOfPage":{"@id":"https:\/\/porttecafe.com\/blog\/maquinas-de-cafe-el-archivano\/"},"wordCount":664,"publisher":{"@id":"https:\/\/porttecafe.com\/blog\/#organization"},"image":{"@id":"https:\/\/porttecafe.com\/blog\/maquinas-de-cafe-el-archivano\/#primaryimage"},"thumbnailUrl":"http:\/\/porttecafe.com\/blog\/wp-content\/uploads\/2015\/06\/maquina-cafe-libro-209x300.jpg","keywords":["el archivano del cafe"],"articleSection":["Maquinas de cafe"],"inLanguage":"es"},{"@type":"WebPage","@id":"https:\/\/porttecafe.com\/blog\/maquinas-de-cafe-el-archivano\/","url":"https:\/\/porttecafe.com\/blog\/maquinas-de-cafe-el-archivano\/","name":"M\u00e1quinas de cafe y el archivano - Portte cafe","isPartOf":{"@id":"https:\/\/porttecafe.com\/blog\/#website"},"primaryImageOfPage":{"@id":"https:\/\/porttecafe.com\/blog\/maquinas-de-cafe-el-archivano\/#primaryimage"},"image":{"@id":"https:\/\/porttecafe.com\/blog\/maquinas-de-cafe-el-archivano\/#primaryimage"},"thumbnailUrl":"http:\/\/porttecafe.com\/blog\/wp-content\/uploads\/2015\/06\/maquina-cafe-libro-209x300.jpg","datePublished":"2015-06-28T15:10:29+00:00","breadcrumb":{"@id":"https:\/\/porttecafe.com\/blog\/maquinas-de-cafe-el-archivano\/#breadcrumb"},"inLanguage":"es","potentialAction":[{"@type":"ReadAction","target":["https:\/\/porttecafe.com\/blog\/maquinas-de-cafe-el-archivano\/"]}]},{"@type":"ImageObject","inLanguage":"es","@id":"https:\/\/porttecafe.com\/blog\/maquinas-de-cafe-el-archivano\/#primaryimage","url":"http:\/\/porttecafe.com\/blog\/wp-content\/uploads\/2015\/06\/maquina-cafe-libro-209x300.jpg","contentUrl":"http:\/\/porttecafe.com\/blog\/wp-content\/uploads\/2015\/06\/maquina-cafe-libro-209x300.jpg"},{"@type":"BreadcrumbList","@id":"https:\/\/porttecafe.com\/blog\/maquinas-de-cafe-el-archivano\/#breadcrumb","itemListElement":[{"@type":"ListItem","position":1,"name":"Portada","item":"https:\/\/porttecafe.com\/blog\/"},{"@type":"ListItem","position":2,"name":"M\u00e1quinas de cafe y el archivano"}]},{"@type":"WebSite","@id":"https:\/\/porttecafe.com\/blog\/#website","url":"https:\/\/porttecafe.com\/blog\/","name":"Portte cafe","description":"Servicio de m\u00e1quinas de cafe","publisher":{"@id":"https:\/\/porttecafe.com\/blog\/#organization"},"potentialAction":[{"@type":"SearchAction","target":{"@type":"EntryPoint","urlTemplate":"https:\/\/porttecafe.com\/blog\/?s={search_term_string}"},"query-input":{"@type":"PropertyValueSpecification","valueRequired":true,"valueName":"search_term_string"}}],"inLanguage":"es"},{"@type":"Organization","@id":"https:\/\/porttecafe.com\/blog\/#organization","name":"Portte cafe","url":"https:\/\/porttecafe.com\/blog\/","logo":{"@type":"ImageObject","inLanguage":"es","@id":"https:\/\/porttecafe.com\/blog\/#\/schema\/logo\/image\/","url":"http:\/\/porttecafe.com\/blog\/wp-content\/uploads\/2023\/01\/logo-oscuro.png","contentUrl":"http:\/\/porttecafe.com\/blog\/wp-content\/uploads\/2023\/01\/logo-oscuro.png","width":493,"height":200,"caption":"Portte cafe"},"image":{"@id":"https:\/\/porttecafe.com\/blog\/#\/schema\/logo\/image\/"},"sameAs":["https:\/\/www.facebook.com\/porttecafe\/","https:\/\/x.com\/Porttecafe","https:\/\/www.youtube.com\/user\/porttecafe","https:\/\/www.instagram.com\/porttecafe\/"]},{"@type":"Person","@id":"https:\/\/porttecafe.com\/blog\/#\/schema\/person\/194078094fb4a902e3e0cfcdbdb03f98","name":"adportte","image":{"@type":"ImageObject","inLanguage":"es","@id":"https:\/\/porttecafe.com\/blog\/#\/schema\/person\/image\/","url":"https:\/\/secure.gravatar.com\/avatar\/3662341f7d8cdc5668deaa89323e7ee1?s=96&d=mm&r=g","contentUrl":"https:\/\/secure.gravatar.com\/avatar\/3662341f7d8cdc5668deaa89323e7ee1?s=96&d=mm&r=g","caption":"adportte"},"url":"https:\/\/porttecafe.com\/blog\/author\/adportte\/"}]}},"_links":{"self":[{"href":"https:\/\/porttecafe.com\/blog\/wp-json\/wp\/v2\/posts\/400","targetHints":{"allow":["GET"]}}],"collection":[{"href":"https:\/\/porttecafe.com\/blog\/wp-json\/wp\/v2\/posts"}],"about":[{"href":"https:\/\/porttecafe.com\/blog\/wp-json\/wp\/v2\/types\/post"}],"author":[{"embeddable":true,"href":"https:\/\/porttecafe.com\/blog\/wp-json\/wp\/v2\/users\/1"}],"replies":[{"embeddable":true,"href":"https:\/\/porttecafe.com\/blog\/wp-json\/wp\/v2\/comments?post=400"}],"version-history":[{"count":0,"href":"https:\/\/porttecafe.com\/blog\/wp-json\/wp\/v2\/posts\/400\/revisions"}],"wp:attachment":[{"href":"https:\/\/porttecafe.com\/blog\/wp-json\/wp\/v2\/media?parent=400"}],"wp:term":[{"taxonomy":"category","embeddable":true,"href":"https:\/\/porttecafe.com\/blog\/wp-json\/wp\/v2\/categories?post=400"},{"taxonomy":"post_tag","embeddable":true,"href":"https:\/\/porttecafe.com\/blog\/wp-json\/wp\/v2\/tags?post=400"}],"curies":[{"name":"wp","href":"https:\/\/api.w.org\/{rel}","templated":true}]}}