{"id":405,"date":"2015-07-01T13:10:54","date_gmt":"2015-07-01T18:10:54","guid":{"rendered":"http:\/\/porttecafe.com\/blog\/?p=405"},"modified":"2015-07-01T13:10:54","modified_gmt":"2015-07-01T18:10:54","slug":"maquinas-de-cafe-sr-post","status":"publish","type":"post","link":"https:\/\/porttecafe.com\/blog\/maquinas-de-cafe-sr-post\/","title":{"rendered":"Maquinas de cafe &#8211; Sr. Post y el caf\u00e9"},"content":{"rendered":"<div style=\"padding-bottom:20px; padding-top:10px;\" class=\"hupso-share-buttons\"><!-- Hupso Share Buttons - http:\/\/www.hupso.com\/share\/ --><a class=\"hupso_counters\" href=\"http:\/\/www.hupso.com\/share\/\"><img decoding=\"async\" src=\"https:\/\/static.hupso.com\/share\/buttons\/lang\/es\/share-small.png\" style=\"border:0px; padding-top:2px; float:left;\" alt=\"Share Button\"\/><\/a><script type=\"text\/javascript\">var hupso_services_c=new Array(\"twitter\",\"facebook_like\",\"facebook_send\",\"google\",\"pinterest\",\"linkedin\");var hupso_counters_lang = \"es_LA\";var hupso_image_folder_url = \"\";var hupso_url_c=\"\";var hupso_title_c=\"Maquinas de cafe - Sr. Post y el caf\u00e9\";<\/script><script type=\"text\/javascript\" src=\"https:\/\/static.hupso.com\/share\/js\/counters.js\"><\/script><!-- Hupso Share Buttons --><\/div><p><a href=\"http:\/\/porttecafe.com\/blog\/wp-content\/uploads\/2015\/07\/maquinas-de-cafe-y-desayuno.jpg\"><img loading=\"lazy\" decoding=\"async\" class=\" size-medium wp-image-406 alignleft\" src=\"http:\/\/porttecafe.com\/blog\/wp-content\/uploads\/2015\/07\/maquinas-de-cafe-y-desayuno-225x300.jpg\" alt=\"maquinas de cafe y desayuno\" width=\"225\" height=\"300\" \/><\/a>Post estuvo casi un a\u00f1o entero dentro del sanatorio de Battle Creek y ni los enemas ni los ba\u00f1os congelados con electricidad colaboraron a sanarlo de los nervios. Orillado por el fanatismo cristiano de su pareja y de una familiar, ilumino una idea: toda enfermedad era causada por una \u201cidea err\u00f3nea\u201d. Voluntarista y m\u00e1gico,\u00a0comenz\u00f3\u00a0a pregonar las buenas cualidades de la sanaci\u00f3n mental. Se par\u00f3 debido a que se lo propuso. Y durante el almuerzo se le comprob\u00f3 la epifan\u00eda: cre\u00f3 un sustituto de caf\u00e9 ya no realizado a base de los frutos del cafeto m\u00e1s bien de los cereales de los que se alimentaba en la ma\u00f1ana. Se transform\u00f3 en un gur\u00fa de la vida saludable y, de la misma forma en toda par\u00e1bola en la cual el alumno no le es fiel a su tutor, deserto el santuario de Kellogg e inaugur\u00f3 el suyo, a cortos avances del original, y lo llamo Hostal La Vita. En su segunda vida, de la misma forma un L\u00e1zaro redimido, disfruto de las consecuencias de una metamorfosis actualizada: delgado y de espalda ancha, se par\u00f3 derecho en su pose, se le hicieron blancos los dientes, se le convirti\u00f3 m\u00e1s brilloso el pelo. Con el estampado de un guapo de cine en los meses en que la familia Lumi\u00e8re grababa sus primeras pel\u00edculas, saco a los caminos con el alma de un trashumante para portar a los recolectores su especialidad del circo: con un horno que pod\u00eda llevar a todos lados y un poco de su bebida, calentaba la combinaci\u00f3n durante veinte minutos y compart\u00eda el brebaje como hechizo para la salud total. Actualizada en su valor f\u00edsico y mental, en los tiempos muertos narro una obra que, probablemente al igual mantra de convencerse el mismo, llamo I Am Well! (\u201c\u00a1me encuentro en buen estado!\u201d), en donde evangelizaba enzima las buenas cualidades de la sanaci\u00f3n mental y adoctrinaba: \u201cno olvide, usted puede recuperarse de cualquier enfermedad corriente borrando la bebida y la su fatal alimentaci\u00f3n, e ingiriendo Postum\u201d. Probablemente de la misma forma una burla propia de su pasado como cliente neurast\u00e9nico, C. W. Post invento el personaje Mr. Coffee Nervous (\u201cel hombre Caf\u00e9 Nervioso\u201d), que en las que en lo que compart\u00eda con todo el mundo se encarnaba en la persona de un Pierre Nodoyuna de bigote en punta que surt\u00eda irascibles brulotes en contra de la bebida. Para el a\u00f1o 1897, Post gastaba 20.000 d\u00f3lares por cada treinta d\u00edas en patrocinio (\u00a1mucho dinero!) y, a pesar de no disponer de ning\u00fan fundamento cient\u00edfico para calificar esta bebida de tal como una \u201cadicci\u00f3n oral\u201d, avent\u00f3 un peligroso proyecto en su contra, colocando la roca basal de una mala reputaci\u00f3n que dura hasta el d\u00eda de hoy: el Postum se produce en una dificultad de construcciones pintados de un color claro conocido como White City (\u201ccomunidad clara\u201d) y, en el centro de todo mundo, se paraba el Templo de publicidad, en donde un reba\u00f1o de redactores propagando iluminando causas en contra de la bebida. Justo en el tiempo que era indagado acerca de los motivos f\u00e1cticos para echar a la basura la infusi\u00f3n, Post se escudaba en su enigm\u00e1tico \u201cexiste una causa\u201d, que acabo siendo el eslogan de su marca. \u201c\u00bfSu toque de miedo es la costumbre de tomar caf\u00e9? \u00bfAcorta su tiempo de horas laborales, aniquila su fuerza, lo avienta a una jaur\u00eda de perros mestizos, embota la sangre pura que le sobra y neutraliza toda clase de esfuerzos para ganar racha y dinero? agarre Postum\u201d: la ret\u00f3rica exagerada de los avisos ense\u00f1aba a viciosos irrecuperables, se\u00f1ores agresivos, mujeres sin paciencia, familias completas aventadas al escarnio de la infelicidad por su vicio a\u00a0las m\u00e1quinas de caf\u00e9.<\/p>\n","protected":false},"excerpt":{"rendered":"<p>Post estuvo casi un a\u00f1o entero dentro del sanatorio de Battle Creek y ni los enemas ni los ba\u00f1os congelados con electricidad colaboraron a sanarlo de los nervios. Orillado por el fanatismo cristiano de su pareja y de una familiar, &hellip; <a href=\"https:\/\/porttecafe.com\/blog\/maquinas-de-cafe-sr-post\/\">Continue reading <span class=\"meta-nav\">&rarr;<\/span><\/a><\/p>\n","protected":false},"author":1,"featured_media":0,"comment_status":"closed","ping_status":"open","sticky":false,"template":"","format":"standard","meta":{"footnotes":""},"categories":[5],"tags":[122,137],"class_list":["post-405","post","type-post","status-publish","format-standard","hentry","category-historia-del-cafe","tag-maquinas-de-cafe-2","tag-post-y-el-cafe"],"yoast_head":"<!-- This site is optimized with the Yoast SEO plugin v26.8 - https:\/\/yoast.com\/product\/yoast-seo-wordpress\/ -->\n<title>Maquinas de cafe - Sr. Post y el caf\u00e9 - Portte cafe<\/title>\n<meta name=\"robots\" content=\"index, follow, max-snippet:-1, max-image-preview:large, max-video-preview:-1\" \/>\n<link rel=\"canonical\" href=\"https:\/\/porttecafe.com\/blog\/maquinas-de-cafe-sr-post\/\" \/>\n<meta property=\"og:locale\" content=\"es_ES\" \/>\n<meta property=\"og:type\" content=\"article\" \/>\n<meta property=\"og:title\" content=\"Maquinas de cafe - Sr. Post y el caf\u00e9 - Portte cafe\" \/>\n<meta property=\"og:description\" content=\"Post estuvo casi un a\u00f1o entero dentro del sanatorio de Battle Creek y ni los enemas ni los ba\u00f1os congelados con electricidad colaboraron a sanarlo de los nervios. Orillado por el fanatismo cristiano de su pareja y de una familiar, &hellip; Continue reading &rarr;\" \/>\n<meta property=\"og:url\" content=\"https:\/\/porttecafe.com\/blog\/maquinas-de-cafe-sr-post\/\" \/>\n<meta property=\"og:site_name\" content=\"Portte cafe\" \/>\n<meta property=\"article:publisher\" content=\"https:\/\/www.facebook.com\/porttecafe\/\" \/>\n<meta property=\"article:published_time\" content=\"2015-07-01T18:10:54+00:00\" \/>\n<meta property=\"og:image\" content=\"http:\/\/porttecafe.com\/blog\/wp-content\/uploads\/2015\/07\/maquinas-de-cafe-y-desayuno-225x300.jpg\" \/>\n<meta name=\"author\" content=\"adportte\" \/>\n<meta name=\"twitter:card\" content=\"summary_large_image\" \/>\n<meta name=\"twitter:creator\" content=\"@Porttecafe\" \/>\n<meta name=\"twitter:site\" content=\"@Porttecafe\" \/>\n<meta name=\"twitter:label1\" content=\"Escrito por\" \/>\n\t<meta name=\"twitter:data1\" content=\"adportte\" \/>\n\t<meta name=\"twitter:label2\" content=\"Tiempo de lectura\" \/>\n\t<meta name=\"twitter:data2\" content=\"3 minutos\" \/>\n<script type=\"application\/ld+json\" class=\"yoast-schema-graph\">{\"@context\":\"https:\/\/schema.org\",\"@graph\":[{\"@type\":\"Article\",\"@id\":\"https:\/\/porttecafe.com\/blog\/maquinas-de-cafe-sr-post\/#article\",\"isPartOf\":{\"@id\":\"https:\/\/porttecafe.com\/blog\/maquinas-de-cafe-sr-post\/\"},\"author\":{\"name\":\"adportte\",\"@id\":\"https:\/\/porttecafe.com\/blog\/#\/schema\/person\/194078094fb4a902e3e0cfcdbdb03f98\"},\"headline\":\"Maquinas de cafe &#8211; Sr. Post y el caf\u00e9\",\"datePublished\":\"2015-07-01T18:10:54+00:00\",\"mainEntityOfPage\":{\"@id\":\"https:\/\/porttecafe.com\/blog\/maquinas-de-cafe-sr-post\/\"},\"wordCount\":662,\"publisher\":{\"@id\":\"https:\/\/porttecafe.com\/blog\/#organization\"},\"image\":{\"@id\":\"https:\/\/porttecafe.com\/blog\/maquinas-de-cafe-sr-post\/#primaryimage\"},\"thumbnailUrl\":\"http:\/\/porttecafe.com\/blog\/wp-content\/uploads\/2015\/07\/maquinas-de-cafe-y-desayuno-225x300.jpg\",\"keywords\":[\"maquinas de cafe\",\"post y el cafe\"],\"articleSection\":[\"historia del caf\u00e9\"],\"inLanguage\":\"es\"},{\"@type\":\"WebPage\",\"@id\":\"https:\/\/porttecafe.com\/blog\/maquinas-de-cafe-sr-post\/\",\"url\":\"https:\/\/porttecafe.com\/blog\/maquinas-de-cafe-sr-post\/\",\"name\":\"Maquinas de cafe - Sr. Post y el caf\u00e9 - Portte cafe\",\"isPartOf\":{\"@id\":\"https:\/\/porttecafe.com\/blog\/#website\"},\"primaryImageOfPage\":{\"@id\":\"https:\/\/porttecafe.com\/blog\/maquinas-de-cafe-sr-post\/#primaryimage\"},\"image\":{\"@id\":\"https:\/\/porttecafe.com\/blog\/maquinas-de-cafe-sr-post\/#primaryimage\"},\"thumbnailUrl\":\"http:\/\/porttecafe.com\/blog\/wp-content\/uploads\/2015\/07\/maquinas-de-cafe-y-desayuno-225x300.jpg\",\"datePublished\":\"2015-07-01T18:10:54+00:00\",\"breadcrumb\":{\"@id\":\"https:\/\/porttecafe.com\/blog\/maquinas-de-cafe-sr-post\/#breadcrumb\"},\"inLanguage\":\"es\",\"potentialAction\":[{\"@type\":\"ReadAction\",\"target\":[\"https:\/\/porttecafe.com\/blog\/maquinas-de-cafe-sr-post\/\"]}]},{\"@type\":\"ImageObject\",\"inLanguage\":\"es\",\"@id\":\"https:\/\/porttecafe.com\/blog\/maquinas-de-cafe-sr-post\/#primaryimage\",\"url\":\"http:\/\/porttecafe.com\/blog\/wp-content\/uploads\/2015\/07\/maquinas-de-cafe-y-desayuno-225x300.jpg\",\"contentUrl\":\"http:\/\/porttecafe.com\/blog\/wp-content\/uploads\/2015\/07\/maquinas-de-cafe-y-desayuno-225x300.jpg\"},{\"@type\":\"BreadcrumbList\",\"@id\":\"https:\/\/porttecafe.com\/blog\/maquinas-de-cafe-sr-post\/#breadcrumb\",\"itemListElement\":[{\"@type\":\"ListItem\",\"position\":1,\"name\":\"Portada\",\"item\":\"https:\/\/porttecafe.com\/blog\/\"},{\"@type\":\"ListItem\",\"position\":2,\"name\":\"Maquinas de cafe &#8211; Sr. Post y el caf\u00e9\"}]},{\"@type\":\"WebSite\",\"@id\":\"https:\/\/porttecafe.com\/blog\/#website\",\"url\":\"https:\/\/porttecafe.com\/blog\/\",\"name\":\"Portte cafe\",\"description\":\"Servicio de m\u00e1quinas de cafe\",\"publisher\":{\"@id\":\"https:\/\/porttecafe.com\/blog\/#organization\"},\"potentialAction\":[{\"@type\":\"SearchAction\",\"target\":{\"@type\":\"EntryPoint\",\"urlTemplate\":\"https:\/\/porttecafe.com\/blog\/?s={search_term_string}\"},\"query-input\":{\"@type\":\"PropertyValueSpecification\",\"valueRequired\":true,\"valueName\":\"search_term_string\"}}],\"inLanguage\":\"es\"},{\"@type\":\"Organization\",\"@id\":\"https:\/\/porttecafe.com\/blog\/#organization\",\"name\":\"Portte cafe\",\"url\":\"https:\/\/porttecafe.com\/blog\/\",\"logo\":{\"@type\":\"ImageObject\",\"inLanguage\":\"es\",\"@id\":\"https:\/\/porttecafe.com\/blog\/#\/schema\/logo\/image\/\",\"url\":\"http:\/\/porttecafe.com\/blog\/wp-content\/uploads\/2023\/01\/logo-oscuro.png\",\"contentUrl\":\"http:\/\/porttecafe.com\/blog\/wp-content\/uploads\/2023\/01\/logo-oscuro.png\",\"width\":493,\"height\":200,\"caption\":\"Portte cafe\"},\"image\":{\"@id\":\"https:\/\/porttecafe.com\/blog\/#\/schema\/logo\/image\/\"},\"sameAs\":[\"https:\/\/www.facebook.com\/porttecafe\/\",\"https:\/\/x.com\/Porttecafe\",\"https:\/\/www.youtube.com\/user\/porttecafe\",\"https:\/\/www.instagram.com\/porttecafe\/\"]},{\"@type\":\"Person\",\"@id\":\"https:\/\/porttecafe.com\/blog\/#\/schema\/person\/194078094fb4a902e3e0cfcdbdb03f98\",\"name\":\"adportte\",\"image\":{\"@type\":\"ImageObject\",\"inLanguage\":\"es\",\"@id\":\"https:\/\/porttecafe.com\/blog\/#\/schema\/person\/image\/\",\"url\":\"https:\/\/secure.gravatar.com\/avatar\/3662341f7d8cdc5668deaa89323e7ee1?s=96&d=mm&r=g\",\"contentUrl\":\"https:\/\/secure.gravatar.com\/avatar\/3662341f7d8cdc5668deaa89323e7ee1?s=96&d=mm&r=g\",\"caption\":\"adportte\"},\"url\":\"https:\/\/porttecafe.com\/blog\/author\/adportte\/\"}]}<\/script>\n<!-- \/ Yoast SEO plugin. -->","yoast_head_json":{"title":"Maquinas de cafe - Sr. Post y el caf\u00e9 - Portte cafe","robots":{"index":"index","follow":"follow","max-snippet":"max-snippet:-1","max-image-preview":"max-image-preview:large","max-video-preview":"max-video-preview:-1"},"canonical":"https:\/\/porttecafe.com\/blog\/maquinas-de-cafe-sr-post\/","og_locale":"es_ES","og_type":"article","og_title":"Maquinas de cafe - Sr. Post y el caf\u00e9 - Portte cafe","og_description":"Post estuvo casi un a\u00f1o entero dentro del sanatorio de Battle Creek y ni los enemas ni los ba\u00f1os congelados con electricidad colaboraron a sanarlo de los nervios. Orillado por el fanatismo cristiano de su pareja y de una familiar, &hellip; Continue reading &rarr;","og_url":"https:\/\/porttecafe.com\/blog\/maquinas-de-cafe-sr-post\/","og_site_name":"Portte cafe","article_publisher":"https:\/\/www.facebook.com\/porttecafe\/","article_published_time":"2015-07-01T18:10:54+00:00","og_image":[{"url":"http:\/\/porttecafe.com\/blog\/wp-content\/uploads\/2015\/07\/maquinas-de-cafe-y-desayuno-225x300.jpg","type":"","width":"","height":""}],"author":"adportte","twitter_card":"summary_large_image","twitter_creator":"@Porttecafe","twitter_site":"@Porttecafe","twitter_misc":{"Escrito por":"adportte","Tiempo de lectura":"3 minutos"},"schema":{"@context":"https:\/\/schema.org","@graph":[{"@type":"Article","@id":"https:\/\/porttecafe.com\/blog\/maquinas-de-cafe-sr-post\/#article","isPartOf":{"@id":"https:\/\/porttecafe.com\/blog\/maquinas-de-cafe-sr-post\/"},"author":{"name":"adportte","@id":"https:\/\/porttecafe.com\/blog\/#\/schema\/person\/194078094fb4a902e3e0cfcdbdb03f98"},"headline":"Maquinas de cafe &#8211; Sr. Post y el caf\u00e9","datePublished":"2015-07-01T18:10:54+00:00","mainEntityOfPage":{"@id":"https:\/\/porttecafe.com\/blog\/maquinas-de-cafe-sr-post\/"},"wordCount":662,"publisher":{"@id":"https:\/\/porttecafe.com\/blog\/#organization"},"image":{"@id":"https:\/\/porttecafe.com\/blog\/maquinas-de-cafe-sr-post\/#primaryimage"},"thumbnailUrl":"http:\/\/porttecafe.com\/blog\/wp-content\/uploads\/2015\/07\/maquinas-de-cafe-y-desayuno-225x300.jpg","keywords":["maquinas de cafe","post y el cafe"],"articleSection":["historia del caf\u00e9"],"inLanguage":"es"},{"@type":"WebPage","@id":"https:\/\/porttecafe.com\/blog\/maquinas-de-cafe-sr-post\/","url":"https:\/\/porttecafe.com\/blog\/maquinas-de-cafe-sr-post\/","name":"Maquinas de cafe - Sr. Post y el caf\u00e9 - Portte cafe","isPartOf":{"@id":"https:\/\/porttecafe.com\/blog\/#website"},"primaryImageOfPage":{"@id":"https:\/\/porttecafe.com\/blog\/maquinas-de-cafe-sr-post\/#primaryimage"},"image":{"@id":"https:\/\/porttecafe.com\/blog\/maquinas-de-cafe-sr-post\/#primaryimage"},"thumbnailUrl":"http:\/\/porttecafe.com\/blog\/wp-content\/uploads\/2015\/07\/maquinas-de-cafe-y-desayuno-225x300.jpg","datePublished":"2015-07-01T18:10:54+00:00","breadcrumb":{"@id":"https:\/\/porttecafe.com\/blog\/maquinas-de-cafe-sr-post\/#breadcrumb"},"inLanguage":"es","potentialAction":[{"@type":"ReadAction","target":["https:\/\/porttecafe.com\/blog\/maquinas-de-cafe-sr-post\/"]}]},{"@type":"ImageObject","inLanguage":"es","@id":"https:\/\/porttecafe.com\/blog\/maquinas-de-cafe-sr-post\/#primaryimage","url":"http:\/\/porttecafe.com\/blog\/wp-content\/uploads\/2015\/07\/maquinas-de-cafe-y-desayuno-225x300.jpg","contentUrl":"http:\/\/porttecafe.com\/blog\/wp-content\/uploads\/2015\/07\/maquinas-de-cafe-y-desayuno-225x300.jpg"},{"@type":"BreadcrumbList","@id":"https:\/\/porttecafe.com\/blog\/maquinas-de-cafe-sr-post\/#breadcrumb","itemListElement":[{"@type":"ListItem","position":1,"name":"Portada","item":"https:\/\/porttecafe.com\/blog\/"},{"@type":"ListItem","position":2,"name":"Maquinas de cafe &#8211; Sr. Post y el caf\u00e9"}]},{"@type":"WebSite","@id":"https:\/\/porttecafe.com\/blog\/#website","url":"https:\/\/porttecafe.com\/blog\/","name":"Portte cafe","description":"Servicio de m\u00e1quinas de cafe","publisher":{"@id":"https:\/\/porttecafe.com\/blog\/#organization"},"potentialAction":[{"@type":"SearchAction","target":{"@type":"EntryPoint","urlTemplate":"https:\/\/porttecafe.com\/blog\/?s={search_term_string}"},"query-input":{"@type":"PropertyValueSpecification","valueRequired":true,"valueName":"search_term_string"}}],"inLanguage":"es"},{"@type":"Organization","@id":"https:\/\/porttecafe.com\/blog\/#organization","name":"Portte cafe","url":"https:\/\/porttecafe.com\/blog\/","logo":{"@type":"ImageObject","inLanguage":"es","@id":"https:\/\/porttecafe.com\/blog\/#\/schema\/logo\/image\/","url":"http:\/\/porttecafe.com\/blog\/wp-content\/uploads\/2023\/01\/logo-oscuro.png","contentUrl":"http:\/\/porttecafe.com\/blog\/wp-content\/uploads\/2023\/01\/logo-oscuro.png","width":493,"height":200,"caption":"Portte cafe"},"image":{"@id":"https:\/\/porttecafe.com\/blog\/#\/schema\/logo\/image\/"},"sameAs":["https:\/\/www.facebook.com\/porttecafe\/","https:\/\/x.com\/Porttecafe","https:\/\/www.youtube.com\/user\/porttecafe","https:\/\/www.instagram.com\/porttecafe\/"]},{"@type":"Person","@id":"https:\/\/porttecafe.com\/blog\/#\/schema\/person\/194078094fb4a902e3e0cfcdbdb03f98","name":"adportte","image":{"@type":"ImageObject","inLanguage":"es","@id":"https:\/\/porttecafe.com\/blog\/#\/schema\/person\/image\/","url":"https:\/\/secure.gravatar.com\/avatar\/3662341f7d8cdc5668deaa89323e7ee1?s=96&d=mm&r=g","contentUrl":"https:\/\/secure.gravatar.com\/avatar\/3662341f7d8cdc5668deaa89323e7ee1?s=96&d=mm&r=g","caption":"adportte"},"url":"https:\/\/porttecafe.com\/blog\/author\/adportte\/"}]}},"_links":{"self":[{"href":"https:\/\/porttecafe.com\/blog\/wp-json\/wp\/v2\/posts\/405","targetHints":{"allow":["GET"]}}],"collection":[{"href":"https:\/\/porttecafe.com\/blog\/wp-json\/wp\/v2\/posts"}],"about":[{"href":"https:\/\/porttecafe.com\/blog\/wp-json\/wp\/v2\/types\/post"}],"author":[{"embeddable":true,"href":"https:\/\/porttecafe.com\/blog\/wp-json\/wp\/v2\/users\/1"}],"replies":[{"embeddable":true,"href":"https:\/\/porttecafe.com\/blog\/wp-json\/wp\/v2\/comments?post=405"}],"version-history":[{"count":0,"href":"https:\/\/porttecafe.com\/blog\/wp-json\/wp\/v2\/posts\/405\/revisions"}],"wp:attachment":[{"href":"https:\/\/porttecafe.com\/blog\/wp-json\/wp\/v2\/media?parent=405"}],"wp:term":[{"taxonomy":"category","embeddable":true,"href":"https:\/\/porttecafe.com\/blog\/wp-json\/wp\/v2\/categories?post=405"},{"taxonomy":"post_tag","embeddable":true,"href":"https:\/\/porttecafe.com\/blog\/wp-json\/wp\/v2\/tags?post=405"}],"curies":[{"name":"wp","href":"https:\/\/api.w.org\/{rel}","templated":true}]}}