{"id":474,"date":"2015-09-12T16:11:17","date_gmt":"2015-09-12T21:11:17","guid":{"rendered":"http:\/\/porttecafe.com\/blog\/?p=474"},"modified":"2015-09-12T16:11:17","modified_gmt":"2015-09-12T21:11:17","slug":"474-2","status":"publish","type":"post","link":"https:\/\/porttecafe.com\/blog\/474-2\/","title":{"rendered":"De Clieu y las barras de cafe"},"content":{"rendered":"<div style=\"padding-bottom:20px; padding-top:10px;\" class=\"hupso-share-buttons\"><!-- Hupso Share Buttons - http:\/\/www.hupso.com\/share\/ --><a class=\"hupso_counters\" href=\"http:\/\/www.hupso.com\/share\/\"><img decoding=\"async\" src=\"https:\/\/static.hupso.com\/share\/buttons\/lang\/es\/share-small.png\" style=\"border:0px; padding-top:2px; float:left;\" alt=\"Share Button\"\/><\/a><script type=\"text\/javascript\">var hupso_services_c=new Array(\"twitter\",\"facebook_like\",\"facebook_send\",\"google\",\"pinterest\",\"linkedin\");var hupso_counters_lang = \"es_LA\";var hupso_image_folder_url = \"\";var hupso_url_c=\"\";var hupso_title_c=\"De Clieu y las barras de cafe\";<\/script><script type=\"text\/javascript\" src=\"https:\/\/static.hupso.com\/share\/js\/counters.js\"><\/script><!-- Hupso Share Buttons --><\/div><p><a href=\"http:\/\/porttecafe.com\/blog\/wp-content\/uploads\/2015\/09\/rojo-barra-cafe.jpg\"><img loading=\"lazy\" decoding=\"async\" class=\"size-medium wp-image-475 alignleft\" src=\"http:\/\/porttecafe.com\/blog\/wp-content\/uploads\/2015\/09\/rojo-barra-cafe-300x200.jpg\" alt=\"rojo-barra-cafe\" width=\"300\" height=\"200\" \/><\/a>El 8 de octubre del a\u00f1o 1723, De Clieu rompi\u00f3 del puerto de Rochefort para comenzar la traves\u00eda del caf\u00e9 que se pensaba manso y con pocos conocimientos, aunque que se basa en una gesta tan sorprendente como famosa; transportaba muy pocas sustancias adictivas m\u00e1s codiciada de los tiempos y, en un especial caso de videncia idiom\u00e1tica, nombro su nav\u00edo con el nombre que unos doscientos a\u00f1os despu\u00e9s agarrar\u00edan el sobrenombre de los traficantes que atraviesan vicios en los l\u00edmites de los pa\u00edses; le coloco Le Dromedaire, en espa\u00f1ol: \u201cEl camello\u201d. Doce d\u00edas posteriores de salir, el nav\u00edo fue atacado por delincuentes mar\u00edtimos tunecinos pero sus dos decenas y media de ca\u00f1ones los persuadieron para que era favorable colocar proa hacia a otros barcos con menores armas. Las grandes tardes de abulia por debajo el sol del Oc\u00e9ano Atl\u00e1ntico hundieron a De Clieu en un estupor de persecuta: si es verdad que el hecho de ser loco no significa que en serio no te correteen, con el acento actante de un loco se persuadi\u00f3 de que infiltrados con nacionalidad Holandesa se hab\u00edan puesto en Le Dromedaire: las regiones en Borneo, Java, C\u00e9lebes o Sumatra se hab\u00edan transformado en enorme productoras y m\u00e1quinas de\u00a0caf\u00e9 y, al igual que los \u00e1rabes algunos siglos antes, las naciones con menos oportunidades quer\u00edan mantener el escandalo mundial del punto en la \u00e9poca prec\u00e1mbricos de la infiltraci\u00f3n laboral, usando al m\u00e1ximo los materiales que tuvieran cerca de ellos: metiendo saboteadores en los nav\u00edos que lograran llevar plantas y granos o rompiendo las granjas de otras personas con p\u00f3lvora y chispazos. Lastimado en la poca confianza, De Clieu se dio en d\u00edas a hallar al traidor, aunque en ning\u00fan tiempo logro hallarlo: \u201cEs tonto decir todas las complicaciones que enfrent\u00e9 para ayudar a mantener con vida mi fr\u00e1gil arbusto de las manos de un se\u00f1or a el cual le causo celos la felicidad que ten\u00eda de ser m\u00e1s \u00fatil para mi naci\u00f3n\u201d, narro en su diario de viaje. Ya en esos tiempos, ya estaba loco con la plantita, muchas de la especie t\u00edpica, con la que conversa en un tono de voz bastante moderado y que hab\u00eda permanecido en su hogar con una suerte de la granja port\u00e1til: una caja de material proveniente de un \u00e1rbol con paneles de reja de alambre, en donde se lograba respirar pero la cubr\u00eda el roer de los roedores, y un techo de vidrio, en el cual atrapaba la luz y calor. En lo que transcurr\u00edan 24 horas, caminaba en la borda agarrado de la caja; en la noche, se met\u00eda en su camarote y descansaba acompa\u00f1ado de ella. Le daba todos mis esfuerzos m\u00e1s corteses a ella. Para la peor parte no faltaba mucho tiempo para que empezar. A aproximadamente cientos de kil\u00f3metros de la costa de Martinica, una lluvia tropical quebr\u00f3 el casco de Le Dromedaire y, en la probabilidad dura de un naufragio, el jefe mando que se tire por la esquina cualquier cosa superfluo, incluso lo que les quedaba de agua para beber, excepto su planta. La lluvia pas\u00f3 pero la paciencia peque\u00f1a se devel\u00f3 al igual que una amenaza incluso m\u00e1s grande: en la quietud del Caribe, los aires no soplaron en siete d\u00edas, catorce d\u00edas, veinti\u00fan d\u00edas, \u00a1treinta d\u00edas! En el barco permaneci\u00f3 quieto, la decisi\u00f3n de aventar el agua ingerirle se convirti\u00f3 en un error terrible: se puso unas estrictas reglas de inteligencia que dar\u00edan la facultad a los viajeros tomar \u00fanicamente la mitad de una taza por d\u00eda y, en el terrible sue\u00f1o de la sed, primero padecieron calambres y posteriormente alucinaciones. En medio de una fiebre. Porte barras de cafe.<\/p>\n","protected":false},"excerpt":{"rendered":"<p>El 8 de octubre del a\u00f1o 1723, De Clieu rompi\u00f3 del puerto de Rochefort para comenzar la traves\u00eda del caf\u00e9 que se pensaba manso y con pocos conocimientos, aunque que se basa en una gesta tan sorprendente como famosa; transportaba &hellip; <a href=\"https:\/\/porttecafe.com\/blog\/474-2\/\">Continue reading <span class=\"meta-nav\">&rarr;<\/span><\/a><\/p>\n","protected":false},"author":1,"featured_media":0,"comment_status":"closed","ping_status":"open","sticky":false,"template":"","format":"standard","meta":{"footnotes":""},"categories":[6],"tags":[28,127],"class_list":["post-474","post","type-post","status-publish","format-standard","hentry","category-maquinas-de-cafe","tag-cafe","tag-maquinas-de-dafe"],"yoast_head":"<!-- This site is optimized with the Yoast SEO plugin v26.8 - https:\/\/yoast.com\/product\/yoast-seo-wordpress\/ -->\n<title>De Clieu y las barras de cafe - Portte cafe<\/title>\n<meta name=\"robots\" content=\"index, follow, max-snippet:-1, max-image-preview:large, max-video-preview:-1\" \/>\n<link rel=\"canonical\" href=\"https:\/\/porttecafe.com\/blog\/474-2\/\" \/>\n<meta property=\"og:locale\" content=\"es_ES\" \/>\n<meta property=\"og:type\" content=\"article\" \/>\n<meta property=\"og:title\" content=\"De Clieu y las barras de cafe - Portte cafe\" \/>\n<meta property=\"og:description\" content=\"El 8 de octubre del a\u00f1o 1723, De Clieu rompi\u00f3 del puerto de Rochefort para comenzar la traves\u00eda del caf\u00e9 que se pensaba manso y con pocos conocimientos, aunque que se basa en una gesta tan sorprendente como famosa; transportaba &hellip; Continue reading &rarr;\" \/>\n<meta property=\"og:url\" content=\"https:\/\/porttecafe.com\/blog\/474-2\/\" \/>\n<meta property=\"og:site_name\" content=\"Portte cafe\" \/>\n<meta property=\"article:publisher\" content=\"https:\/\/www.facebook.com\/porttecafe\/\" \/>\n<meta property=\"article:published_time\" content=\"2015-09-12T21:11:17+00:00\" \/>\n<meta property=\"og:image\" content=\"http:\/\/porttecafe.com\/blog\/wp-content\/uploads\/2015\/09\/rojo-barra-cafe-300x200.jpg\" \/>\n<meta name=\"author\" content=\"adportte\" \/>\n<meta name=\"twitter:card\" content=\"summary_large_image\" \/>\n<meta name=\"twitter:creator\" content=\"@Porttecafe\" \/>\n<meta name=\"twitter:site\" content=\"@Porttecafe\" \/>\n<meta name=\"twitter:label1\" content=\"Escrito por\" \/>\n\t<meta name=\"twitter:data1\" content=\"adportte\" \/>\n\t<meta name=\"twitter:label2\" content=\"Tiempo de lectura\" \/>\n\t<meta name=\"twitter:data2\" content=\"3 minutos\" \/>\n<script type=\"application\/ld+json\" class=\"yoast-schema-graph\">{\"@context\":\"https:\/\/schema.org\",\"@graph\":[{\"@type\":\"Article\",\"@id\":\"https:\/\/porttecafe.com\/blog\/474-2\/#article\",\"isPartOf\":{\"@id\":\"https:\/\/porttecafe.com\/blog\/474-2\/\"},\"author\":{\"name\":\"adportte\",\"@id\":\"https:\/\/porttecafe.com\/blog\/#\/schema\/person\/194078094fb4a902e3e0cfcdbdb03f98\"},\"headline\":\"De Clieu y las barras de cafe\",\"datePublished\":\"2015-09-12T21:11:17+00:00\",\"mainEntityOfPage\":{\"@id\":\"https:\/\/porttecafe.com\/blog\/474-2\/\"},\"wordCount\":667,\"publisher\":{\"@id\":\"https:\/\/porttecafe.com\/blog\/#organization\"},\"image\":{\"@id\":\"https:\/\/porttecafe.com\/blog\/474-2\/#primaryimage\"},\"thumbnailUrl\":\"http:\/\/porttecafe.com\/blog\/wp-content\/uploads\/2015\/09\/rojo-barra-cafe-300x200.jpg\",\"keywords\":[\"cafe\",\"maquinas de dafe\"],\"articleSection\":[\"Maquinas de cafe\"],\"inLanguage\":\"es\"},{\"@type\":\"WebPage\",\"@id\":\"https:\/\/porttecafe.com\/blog\/474-2\/\",\"url\":\"https:\/\/porttecafe.com\/blog\/474-2\/\",\"name\":\"De Clieu y las barras de cafe - Portte cafe\",\"isPartOf\":{\"@id\":\"https:\/\/porttecafe.com\/blog\/#website\"},\"primaryImageOfPage\":{\"@id\":\"https:\/\/porttecafe.com\/blog\/474-2\/#primaryimage\"},\"image\":{\"@id\":\"https:\/\/porttecafe.com\/blog\/474-2\/#primaryimage\"},\"thumbnailUrl\":\"http:\/\/porttecafe.com\/blog\/wp-content\/uploads\/2015\/09\/rojo-barra-cafe-300x200.jpg\",\"datePublished\":\"2015-09-12T21:11:17+00:00\",\"breadcrumb\":{\"@id\":\"https:\/\/porttecafe.com\/blog\/474-2\/#breadcrumb\"},\"inLanguage\":\"es\",\"potentialAction\":[{\"@type\":\"ReadAction\",\"target\":[\"https:\/\/porttecafe.com\/blog\/474-2\/\"]}]},{\"@type\":\"ImageObject\",\"inLanguage\":\"es\",\"@id\":\"https:\/\/porttecafe.com\/blog\/474-2\/#primaryimage\",\"url\":\"http:\/\/porttecafe.com\/blog\/wp-content\/uploads\/2015\/09\/rojo-barra-cafe-300x200.jpg\",\"contentUrl\":\"http:\/\/porttecafe.com\/blog\/wp-content\/uploads\/2015\/09\/rojo-barra-cafe-300x200.jpg\"},{\"@type\":\"BreadcrumbList\",\"@id\":\"https:\/\/porttecafe.com\/blog\/474-2\/#breadcrumb\",\"itemListElement\":[{\"@type\":\"ListItem\",\"position\":1,\"name\":\"Portada\",\"item\":\"https:\/\/porttecafe.com\/blog\/\"},{\"@type\":\"ListItem\",\"position\":2,\"name\":\"De Clieu y las barras de cafe\"}]},{\"@type\":\"WebSite\",\"@id\":\"https:\/\/porttecafe.com\/blog\/#website\",\"url\":\"https:\/\/porttecafe.com\/blog\/\",\"name\":\"Portte cafe\",\"description\":\"Servicio de m\u00e1quinas de cafe\",\"publisher\":{\"@id\":\"https:\/\/porttecafe.com\/blog\/#organization\"},\"potentialAction\":[{\"@type\":\"SearchAction\",\"target\":{\"@type\":\"EntryPoint\",\"urlTemplate\":\"https:\/\/porttecafe.com\/blog\/?s={search_term_string}\"},\"query-input\":{\"@type\":\"PropertyValueSpecification\",\"valueRequired\":true,\"valueName\":\"search_term_string\"}}],\"inLanguage\":\"es\"},{\"@type\":\"Organization\",\"@id\":\"https:\/\/porttecafe.com\/blog\/#organization\",\"name\":\"Portte cafe\",\"url\":\"https:\/\/porttecafe.com\/blog\/\",\"logo\":{\"@type\":\"ImageObject\",\"inLanguage\":\"es\",\"@id\":\"https:\/\/porttecafe.com\/blog\/#\/schema\/logo\/image\/\",\"url\":\"http:\/\/porttecafe.com\/blog\/wp-content\/uploads\/2023\/01\/logo-oscuro.png\",\"contentUrl\":\"http:\/\/porttecafe.com\/blog\/wp-content\/uploads\/2023\/01\/logo-oscuro.png\",\"width\":493,\"height\":200,\"caption\":\"Portte cafe\"},\"image\":{\"@id\":\"https:\/\/porttecafe.com\/blog\/#\/schema\/logo\/image\/\"},\"sameAs\":[\"https:\/\/www.facebook.com\/porttecafe\/\",\"https:\/\/x.com\/Porttecafe\",\"https:\/\/www.youtube.com\/user\/porttecafe\",\"https:\/\/www.instagram.com\/porttecafe\/\"]},{\"@type\":\"Person\",\"@id\":\"https:\/\/porttecafe.com\/blog\/#\/schema\/person\/194078094fb4a902e3e0cfcdbdb03f98\",\"name\":\"adportte\",\"image\":{\"@type\":\"ImageObject\",\"inLanguage\":\"es\",\"@id\":\"https:\/\/porttecafe.com\/blog\/#\/schema\/person\/image\/\",\"url\":\"https:\/\/secure.gravatar.com\/avatar\/3662341f7d8cdc5668deaa89323e7ee1?s=96&d=mm&r=g\",\"contentUrl\":\"https:\/\/secure.gravatar.com\/avatar\/3662341f7d8cdc5668deaa89323e7ee1?s=96&d=mm&r=g\",\"caption\":\"adportte\"},\"url\":\"https:\/\/porttecafe.com\/blog\/author\/adportte\/\"}]}<\/script>\n<!-- \/ Yoast SEO plugin. -->","yoast_head_json":{"title":"De Clieu y las barras de cafe - Portte cafe","robots":{"index":"index","follow":"follow","max-snippet":"max-snippet:-1","max-image-preview":"max-image-preview:large","max-video-preview":"max-video-preview:-1"},"canonical":"https:\/\/porttecafe.com\/blog\/474-2\/","og_locale":"es_ES","og_type":"article","og_title":"De Clieu y las barras de cafe - Portte cafe","og_description":"El 8 de octubre del a\u00f1o 1723, De Clieu rompi\u00f3 del puerto de Rochefort para comenzar la traves\u00eda del caf\u00e9 que se pensaba manso y con pocos conocimientos, aunque que se basa en una gesta tan sorprendente como famosa; transportaba &hellip; Continue reading &rarr;","og_url":"https:\/\/porttecafe.com\/blog\/474-2\/","og_site_name":"Portte cafe","article_publisher":"https:\/\/www.facebook.com\/porttecafe\/","article_published_time":"2015-09-12T21:11:17+00:00","og_image":[{"url":"http:\/\/porttecafe.com\/blog\/wp-content\/uploads\/2015\/09\/rojo-barra-cafe-300x200.jpg","type":"","width":"","height":""}],"author":"adportte","twitter_card":"summary_large_image","twitter_creator":"@Porttecafe","twitter_site":"@Porttecafe","twitter_misc":{"Escrito por":"adportte","Tiempo de lectura":"3 minutos"},"schema":{"@context":"https:\/\/schema.org","@graph":[{"@type":"Article","@id":"https:\/\/porttecafe.com\/blog\/474-2\/#article","isPartOf":{"@id":"https:\/\/porttecafe.com\/blog\/474-2\/"},"author":{"name":"adportte","@id":"https:\/\/porttecafe.com\/blog\/#\/schema\/person\/194078094fb4a902e3e0cfcdbdb03f98"},"headline":"De Clieu y las barras de cafe","datePublished":"2015-09-12T21:11:17+00:00","mainEntityOfPage":{"@id":"https:\/\/porttecafe.com\/blog\/474-2\/"},"wordCount":667,"publisher":{"@id":"https:\/\/porttecafe.com\/blog\/#organization"},"image":{"@id":"https:\/\/porttecafe.com\/blog\/474-2\/#primaryimage"},"thumbnailUrl":"http:\/\/porttecafe.com\/blog\/wp-content\/uploads\/2015\/09\/rojo-barra-cafe-300x200.jpg","keywords":["cafe","maquinas de dafe"],"articleSection":["Maquinas de cafe"],"inLanguage":"es"},{"@type":"WebPage","@id":"https:\/\/porttecafe.com\/blog\/474-2\/","url":"https:\/\/porttecafe.com\/blog\/474-2\/","name":"De Clieu y las barras de cafe - Portte cafe","isPartOf":{"@id":"https:\/\/porttecafe.com\/blog\/#website"},"primaryImageOfPage":{"@id":"https:\/\/porttecafe.com\/blog\/474-2\/#primaryimage"},"image":{"@id":"https:\/\/porttecafe.com\/blog\/474-2\/#primaryimage"},"thumbnailUrl":"http:\/\/porttecafe.com\/blog\/wp-content\/uploads\/2015\/09\/rojo-barra-cafe-300x200.jpg","datePublished":"2015-09-12T21:11:17+00:00","breadcrumb":{"@id":"https:\/\/porttecafe.com\/blog\/474-2\/#breadcrumb"},"inLanguage":"es","potentialAction":[{"@type":"ReadAction","target":["https:\/\/porttecafe.com\/blog\/474-2\/"]}]},{"@type":"ImageObject","inLanguage":"es","@id":"https:\/\/porttecafe.com\/blog\/474-2\/#primaryimage","url":"http:\/\/porttecafe.com\/blog\/wp-content\/uploads\/2015\/09\/rojo-barra-cafe-300x200.jpg","contentUrl":"http:\/\/porttecafe.com\/blog\/wp-content\/uploads\/2015\/09\/rojo-barra-cafe-300x200.jpg"},{"@type":"BreadcrumbList","@id":"https:\/\/porttecafe.com\/blog\/474-2\/#breadcrumb","itemListElement":[{"@type":"ListItem","position":1,"name":"Portada","item":"https:\/\/porttecafe.com\/blog\/"},{"@type":"ListItem","position":2,"name":"De Clieu y las barras de cafe"}]},{"@type":"WebSite","@id":"https:\/\/porttecafe.com\/blog\/#website","url":"https:\/\/porttecafe.com\/blog\/","name":"Portte cafe","description":"Servicio de m\u00e1quinas de cafe","publisher":{"@id":"https:\/\/porttecafe.com\/blog\/#organization"},"potentialAction":[{"@type":"SearchAction","target":{"@type":"EntryPoint","urlTemplate":"https:\/\/porttecafe.com\/blog\/?s={search_term_string}"},"query-input":{"@type":"PropertyValueSpecification","valueRequired":true,"valueName":"search_term_string"}}],"inLanguage":"es"},{"@type":"Organization","@id":"https:\/\/porttecafe.com\/blog\/#organization","name":"Portte cafe","url":"https:\/\/porttecafe.com\/blog\/","logo":{"@type":"ImageObject","inLanguage":"es","@id":"https:\/\/porttecafe.com\/blog\/#\/schema\/logo\/image\/","url":"http:\/\/porttecafe.com\/blog\/wp-content\/uploads\/2023\/01\/logo-oscuro.png","contentUrl":"http:\/\/porttecafe.com\/blog\/wp-content\/uploads\/2023\/01\/logo-oscuro.png","width":493,"height":200,"caption":"Portte cafe"},"image":{"@id":"https:\/\/porttecafe.com\/blog\/#\/schema\/logo\/image\/"},"sameAs":["https:\/\/www.facebook.com\/porttecafe\/","https:\/\/x.com\/Porttecafe","https:\/\/www.youtube.com\/user\/porttecafe","https:\/\/www.instagram.com\/porttecafe\/"]},{"@type":"Person","@id":"https:\/\/porttecafe.com\/blog\/#\/schema\/person\/194078094fb4a902e3e0cfcdbdb03f98","name":"adportte","image":{"@type":"ImageObject","inLanguage":"es","@id":"https:\/\/porttecafe.com\/blog\/#\/schema\/person\/image\/","url":"https:\/\/secure.gravatar.com\/avatar\/3662341f7d8cdc5668deaa89323e7ee1?s=96&d=mm&r=g","contentUrl":"https:\/\/secure.gravatar.com\/avatar\/3662341f7d8cdc5668deaa89323e7ee1?s=96&d=mm&r=g","caption":"adportte"},"url":"https:\/\/porttecafe.com\/blog\/author\/adportte\/"}]}},"_links":{"self":[{"href":"https:\/\/porttecafe.com\/blog\/wp-json\/wp\/v2\/posts\/474","targetHints":{"allow":["GET"]}}],"collection":[{"href":"https:\/\/porttecafe.com\/blog\/wp-json\/wp\/v2\/posts"}],"about":[{"href":"https:\/\/porttecafe.com\/blog\/wp-json\/wp\/v2\/types\/post"}],"author":[{"embeddable":true,"href":"https:\/\/porttecafe.com\/blog\/wp-json\/wp\/v2\/users\/1"}],"replies":[{"embeddable":true,"href":"https:\/\/porttecafe.com\/blog\/wp-json\/wp\/v2\/comments?post=474"}],"version-history":[{"count":0,"href":"https:\/\/porttecafe.com\/blog\/wp-json\/wp\/v2\/posts\/474\/revisions"}],"wp:attachment":[{"href":"https:\/\/porttecafe.com\/blog\/wp-json\/wp\/v2\/media?parent=474"}],"wp:term":[{"taxonomy":"category","embeddable":true,"href":"https:\/\/porttecafe.com\/blog\/wp-json\/wp\/v2\/categories?post=474"},{"taxonomy":"post_tag","embeddable":true,"href":"https:\/\/porttecafe.com\/blog\/wp-json\/wp\/v2\/tags?post=474"}],"curies":[{"name":"wp","href":"https:\/\/api.w.org\/{rel}","templated":true}]}}