{"id":502,"date":"2015-10-12T12:44:42","date_gmt":"2015-10-12T17:44:42","guid":{"rendered":"http:\/\/porttecafe.com\/blog\/?p=502"},"modified":"2015-10-12T12:44:42","modified_gmt":"2015-10-12T17:44:42","slug":"cafe-colombiano","status":"publish","type":"post","link":"https:\/\/porttecafe.com\/blog\/cafe-colombiano\/","title":{"rendered":"Cafe colombiano"},"content":{"rendered":"<div style=\"padding-bottom:20px; padding-top:10px;\" class=\"hupso-share-buttons\"><!-- Hupso Share Buttons - http:\/\/www.hupso.com\/share\/ --><a class=\"hupso_counters\" href=\"http:\/\/www.hupso.com\/share\/\"><img decoding=\"async\" src=\"https:\/\/static.hupso.com\/share\/buttons\/lang\/es\/share-small.png\" style=\"border:0px; padding-top:2px; float:left;\" alt=\"Share Button\"\/><\/a><script type=\"text\/javascript\">var hupso_services_c=new Array(\"twitter\",\"facebook_like\",\"facebook_send\",\"google\",\"pinterest\",\"linkedin\");var hupso_counters_lang = \"es_LA\";var hupso_image_folder_url = \"\";var hupso_url_c=\"\";var hupso_title_c=\"Cafe colombiano\";<\/script><script type=\"text\/javascript\" src=\"https:\/\/static.hupso.com\/share\/js\/counters.js\"><\/script><!-- Hupso Share Buttons --><\/div><p><a href=\"http:\/\/porttecafe.com\/blog\/wp-content\/uploads\/2015\/10\/barras-de-cafe-56.jpg\"><img loading=\"lazy\" decoding=\"async\" class=\"size-medium wp-image-503 alignleft\" src=\"http:\/\/porttecafe.com\/blog\/wp-content\/uploads\/2015\/10\/barras-de-cafe-56-200x300.jpg\" alt=\"barras de cafe 56\" width=\"200\" height=\"300\" \/><\/a>El colombiano m\u00e1s conocido del planeta no es colombiano. La playera blanca, el gorro paisa y su burro fiel, a la que llamo Conchita, desentonan en medio los edificios grandes vidriados, los carros amarillos, los trajes de buena marca y el revoltijo de Madison Avenue, en el centro de Nueva York, aunque ah\u00ed Juan Valdez, al igual que el Benjamin Button del dudoso caso narrado por F. Scott Fitzgerald: regreso a la tierra con cinco decenas de a\u00f1os y un bigote muy voluminoso renegrido. Por tiempo y alrededor, la historia bien podr\u00eda haber inspirado del desenlace en una etapa de la serie Mad Men, con todos esos se\u00f1ores locos por la publicidad, la droga, la bebida alcoh\u00f3lica y los corpi\u00f1os de circulo met\u00e1lico: a mediados del siglo XX, la empresa Doyle Dane Bernbach (DDB) fue campe\u00f3n de la cuenta de la Federaci\u00f3n del Pa\u00eds de Cafeteros de Colombia para ser el representante a los 500.000 peque\u00f1os caficultores del pa\u00eds de Am\u00e9rica del sur. A diferencia de lo que le paso a Brasil, en Colombia no se crearon enormes latifundios con jefes esclavistas: la producci\u00f3n del caf\u00e9 se expandi\u00f3 en minifundios (cientos, miles), todas peque\u00f1as granjas familiares con formas semidom\u00e9sticos de siembra y responsabilidad. Los productores de cosechas, juntos en una federaci\u00f3n desde el a\u00f1o 1927, previnieron la necesidad de darle forma y cara al cafetero sin ser conocidos para hacer mayor sus ventas ya que sufr\u00edan de producci\u00f3n poco pagada. Con una valija repleta de semillas quemadas para triturar y filtrar (y un mill\u00f3n de d\u00f3lares en efectivo), dos colombianos migraron hasta Madison Avenue y, posteriormente de unas cuantas citas de negocios bastante dotadas de agua, la epifan\u00eda creativa hizo famoso a un embajador de buena voluntad que, con la cara de ala ancha y una expresi\u00f3n amable, convenci\u00f3 a todo el mundo de que el mejor caf\u00e9 esta abajo de los cerros de Antioquia o Caldas. La empresa DDB pago hojas de publicidad en The New York Times y en tan solo cinco meses logro que el 87% de los estadounidenses reconocieran a Juan Valdez como un se\u00f1or de confianza, pero el falso cafetero colombiano nacido en Nueva York deb\u00eda su nombre a un estudio de mercado para que los yanquis lograran decirlo sin dificultad y su cara bonach\u00f3n, al actor Jos\u00e9 Duval, que era cubano. En el origen de uno de negocios m\u00e1s importantes del siglo XX est\u00e1n dos severos peque\u00f1as personas de religi\u00f3n cat\u00f3lica. Doscientos a\u00f1os posteriores, el caf\u00e9 se encontraba arraigado en las Guyanas, que aun ten\u00edan los arbustos con celo: si en el Sudam\u00e9rica, el se\u00f1or Francisco de Melho Palheta hizo uso de sus ardides amatorios para transportar el grano a Minas Gerais, en Colombia, los religiosos Francisco Romero y Raimundo Ordo\u00f1ez cosecharon unos arbustos que se hab\u00edan llevado de las Antillas: ah\u00ed fue ese el tiempo, el final humilde justifique la comisi\u00f3n de un delito religiosos, los curas evangelizaron con la semilla. Formados cerca de la orilla geogr\u00e1fica con Venezuela, hac\u00edan la copia de un especial catecismo de espionaje: posteriormente de la pedir perd\u00f3n de dios, y al igual que el complemento al recitado de las oraciones y las avemar\u00edas, a los delitos religiosos se les castigaba como penitencia la cosecha de los cafetos, en cantidades totalmente proporcional con el impacto del pecado. Desde esos tiempos, toda persona que se transformara a ocurrir machacante \u201cpor mi culpa, por mi culpa, \u00a1por mi gran culpa!\u201d cosechar caf\u00e9 como castigo: a criticar por los resultados, era una ciudad de pecadores. Colombia se puso repleta de arbustos de caf\u00e9 divididas en los totalmente verdes lugares menos poblados de C\u00facuta, Santa Marta, Bucaramanga, Manizales o Armenia. Porteare barras de cafe<\/p>\n","protected":false},"excerpt":{"rendered":"<p>El colombiano m\u00e1s conocido del planeta no es colombiano. La playera blanca, el gorro paisa y su burro fiel, a la que llamo Conchita, desentonan en medio los edificios grandes vidriados, los carros amarillos, los trajes de buena marca y &hellip; <a href=\"https:\/\/porttecafe.com\/blog\/cafe-colombiano\/\">Continue reading <span class=\"meta-nav\">&rarr;<\/span><\/a><\/p>\n","protected":false},"author":1,"featured_media":0,"comment_status":"closed","ping_status":"open","sticky":false,"template":"","format":"standard","meta":{"footnotes":""},"categories":[2],"tags":[21,71],"class_list":["post-502","post","type-post","status-publish","format-standard","hentry","category-barra-de-cafe","tag-barras-de-cafe","tag-colombia-barras-de-cafe"],"yoast_head":"<!-- This site is optimized with the Yoast SEO plugin v26.8 - https:\/\/yoast.com\/product\/yoast-seo-wordpress\/ -->\n<title>Cafe colombiano - Portte cafe<\/title>\n<meta name=\"robots\" content=\"index, follow, max-snippet:-1, max-image-preview:large, max-video-preview:-1\" \/>\n<link rel=\"canonical\" href=\"https:\/\/porttecafe.com\/blog\/cafe-colombiano\/\" \/>\n<meta property=\"og:locale\" content=\"es_ES\" \/>\n<meta property=\"og:type\" content=\"article\" \/>\n<meta property=\"og:title\" content=\"Cafe colombiano - Portte cafe\" \/>\n<meta property=\"og:description\" content=\"El colombiano m\u00e1s conocido del planeta no es colombiano. La playera blanca, el gorro paisa y su burro fiel, a la que llamo Conchita, desentonan en medio los edificios grandes vidriados, los carros amarillos, los trajes de buena marca y &hellip; Continue reading &rarr;\" \/>\n<meta property=\"og:url\" content=\"https:\/\/porttecafe.com\/blog\/cafe-colombiano\/\" \/>\n<meta property=\"og:site_name\" content=\"Portte cafe\" \/>\n<meta property=\"article:publisher\" content=\"https:\/\/www.facebook.com\/porttecafe\/\" \/>\n<meta property=\"article:published_time\" content=\"2015-10-12T17:44:42+00:00\" \/>\n<meta property=\"og:image\" content=\"http:\/\/porttecafe.com\/blog\/wp-content\/uploads\/2015\/10\/barras-de-cafe-56-200x300.jpg\" \/>\n<meta name=\"author\" content=\"adportte\" \/>\n<meta name=\"twitter:card\" content=\"summary_large_image\" \/>\n<meta name=\"twitter:creator\" content=\"@Porttecafe\" \/>\n<meta name=\"twitter:site\" content=\"@Porttecafe\" \/>\n<meta name=\"twitter:label1\" content=\"Escrito por\" \/>\n\t<meta name=\"twitter:data1\" content=\"adportte\" \/>\n\t<meta name=\"twitter:label2\" content=\"Tiempo de lectura\" \/>\n\t<meta name=\"twitter:data2\" content=\"3 minutos\" \/>\n<script type=\"application\/ld+json\" class=\"yoast-schema-graph\">{\"@context\":\"https:\/\/schema.org\",\"@graph\":[{\"@type\":\"Article\",\"@id\":\"https:\/\/porttecafe.com\/blog\/cafe-colombiano\/#article\",\"isPartOf\":{\"@id\":\"https:\/\/porttecafe.com\/blog\/cafe-colombiano\/\"},\"author\":{\"name\":\"adportte\",\"@id\":\"https:\/\/porttecafe.com\/blog\/#\/schema\/person\/194078094fb4a902e3e0cfcdbdb03f98\"},\"headline\":\"Cafe colombiano\",\"datePublished\":\"2015-10-12T17:44:42+00:00\",\"mainEntityOfPage\":{\"@id\":\"https:\/\/porttecafe.com\/blog\/cafe-colombiano\/\"},\"wordCount\":655,\"publisher\":{\"@id\":\"https:\/\/porttecafe.com\/blog\/#organization\"},\"image\":{\"@id\":\"https:\/\/porttecafe.com\/blog\/cafe-colombiano\/#primaryimage\"},\"thumbnailUrl\":\"http:\/\/porttecafe.com\/blog\/wp-content\/uploads\/2015\/10\/barras-de-cafe-56-200x300.jpg\",\"keywords\":[\"barras de cafe\",\"colombia barras de cafe\"],\"articleSection\":[\"Barra de caf\u00e9\"],\"inLanguage\":\"es\"},{\"@type\":\"WebPage\",\"@id\":\"https:\/\/porttecafe.com\/blog\/cafe-colombiano\/\",\"url\":\"https:\/\/porttecafe.com\/blog\/cafe-colombiano\/\",\"name\":\"Cafe colombiano - Portte cafe\",\"isPartOf\":{\"@id\":\"https:\/\/porttecafe.com\/blog\/#website\"},\"primaryImageOfPage\":{\"@id\":\"https:\/\/porttecafe.com\/blog\/cafe-colombiano\/#primaryimage\"},\"image\":{\"@id\":\"https:\/\/porttecafe.com\/blog\/cafe-colombiano\/#primaryimage\"},\"thumbnailUrl\":\"http:\/\/porttecafe.com\/blog\/wp-content\/uploads\/2015\/10\/barras-de-cafe-56-200x300.jpg\",\"datePublished\":\"2015-10-12T17:44:42+00:00\",\"breadcrumb\":{\"@id\":\"https:\/\/porttecafe.com\/blog\/cafe-colombiano\/#breadcrumb\"},\"inLanguage\":\"es\",\"potentialAction\":[{\"@type\":\"ReadAction\",\"target\":[\"https:\/\/porttecafe.com\/blog\/cafe-colombiano\/\"]}]},{\"@type\":\"ImageObject\",\"inLanguage\":\"es\",\"@id\":\"https:\/\/porttecafe.com\/blog\/cafe-colombiano\/#primaryimage\",\"url\":\"http:\/\/porttecafe.com\/blog\/wp-content\/uploads\/2015\/10\/barras-de-cafe-56-200x300.jpg\",\"contentUrl\":\"http:\/\/porttecafe.com\/blog\/wp-content\/uploads\/2015\/10\/barras-de-cafe-56-200x300.jpg\"},{\"@type\":\"BreadcrumbList\",\"@id\":\"https:\/\/porttecafe.com\/blog\/cafe-colombiano\/#breadcrumb\",\"itemListElement\":[{\"@type\":\"ListItem\",\"position\":1,\"name\":\"Portada\",\"item\":\"https:\/\/porttecafe.com\/blog\/\"},{\"@type\":\"ListItem\",\"position\":2,\"name\":\"Cafe colombiano\"}]},{\"@type\":\"WebSite\",\"@id\":\"https:\/\/porttecafe.com\/blog\/#website\",\"url\":\"https:\/\/porttecafe.com\/blog\/\",\"name\":\"Portte cafe\",\"description\":\"Servicio de m\u00e1quinas de cafe\",\"publisher\":{\"@id\":\"https:\/\/porttecafe.com\/blog\/#organization\"},\"potentialAction\":[{\"@type\":\"SearchAction\",\"target\":{\"@type\":\"EntryPoint\",\"urlTemplate\":\"https:\/\/porttecafe.com\/blog\/?s={search_term_string}\"},\"query-input\":{\"@type\":\"PropertyValueSpecification\",\"valueRequired\":true,\"valueName\":\"search_term_string\"}}],\"inLanguage\":\"es\"},{\"@type\":\"Organization\",\"@id\":\"https:\/\/porttecafe.com\/blog\/#organization\",\"name\":\"Portte cafe\",\"url\":\"https:\/\/porttecafe.com\/blog\/\",\"logo\":{\"@type\":\"ImageObject\",\"inLanguage\":\"es\",\"@id\":\"https:\/\/porttecafe.com\/blog\/#\/schema\/logo\/image\/\",\"url\":\"http:\/\/porttecafe.com\/blog\/wp-content\/uploads\/2023\/01\/logo-oscuro.png\",\"contentUrl\":\"http:\/\/porttecafe.com\/blog\/wp-content\/uploads\/2023\/01\/logo-oscuro.png\",\"width\":493,\"height\":200,\"caption\":\"Portte cafe\"},\"image\":{\"@id\":\"https:\/\/porttecafe.com\/blog\/#\/schema\/logo\/image\/\"},\"sameAs\":[\"https:\/\/www.facebook.com\/porttecafe\/\",\"https:\/\/x.com\/Porttecafe\",\"https:\/\/www.youtube.com\/user\/porttecafe\",\"https:\/\/www.instagram.com\/porttecafe\/\"]},{\"@type\":\"Person\",\"@id\":\"https:\/\/porttecafe.com\/blog\/#\/schema\/person\/194078094fb4a902e3e0cfcdbdb03f98\",\"name\":\"adportte\",\"image\":{\"@type\":\"ImageObject\",\"inLanguage\":\"es\",\"@id\":\"https:\/\/porttecafe.com\/blog\/#\/schema\/person\/image\/\",\"url\":\"https:\/\/secure.gravatar.com\/avatar\/3662341f7d8cdc5668deaa89323e7ee1?s=96&d=mm&r=g\",\"contentUrl\":\"https:\/\/secure.gravatar.com\/avatar\/3662341f7d8cdc5668deaa89323e7ee1?s=96&d=mm&r=g\",\"caption\":\"adportte\"},\"url\":\"https:\/\/porttecafe.com\/blog\/author\/adportte\/\"}]}<\/script>\n<!-- \/ Yoast SEO plugin. -->","yoast_head_json":{"title":"Cafe colombiano - Portte cafe","robots":{"index":"index","follow":"follow","max-snippet":"max-snippet:-1","max-image-preview":"max-image-preview:large","max-video-preview":"max-video-preview:-1"},"canonical":"https:\/\/porttecafe.com\/blog\/cafe-colombiano\/","og_locale":"es_ES","og_type":"article","og_title":"Cafe colombiano - Portte cafe","og_description":"El colombiano m\u00e1s conocido del planeta no es colombiano. La playera blanca, el gorro paisa y su burro fiel, a la que llamo Conchita, desentonan en medio los edificios grandes vidriados, los carros amarillos, los trajes de buena marca y &hellip; Continue reading &rarr;","og_url":"https:\/\/porttecafe.com\/blog\/cafe-colombiano\/","og_site_name":"Portte cafe","article_publisher":"https:\/\/www.facebook.com\/porttecafe\/","article_published_time":"2015-10-12T17:44:42+00:00","og_image":[{"url":"http:\/\/porttecafe.com\/blog\/wp-content\/uploads\/2015\/10\/barras-de-cafe-56-200x300.jpg","type":"","width":"","height":""}],"author":"adportte","twitter_card":"summary_large_image","twitter_creator":"@Porttecafe","twitter_site":"@Porttecafe","twitter_misc":{"Escrito por":"adportte","Tiempo de lectura":"3 minutos"},"schema":{"@context":"https:\/\/schema.org","@graph":[{"@type":"Article","@id":"https:\/\/porttecafe.com\/blog\/cafe-colombiano\/#article","isPartOf":{"@id":"https:\/\/porttecafe.com\/blog\/cafe-colombiano\/"},"author":{"name":"adportte","@id":"https:\/\/porttecafe.com\/blog\/#\/schema\/person\/194078094fb4a902e3e0cfcdbdb03f98"},"headline":"Cafe colombiano","datePublished":"2015-10-12T17:44:42+00:00","mainEntityOfPage":{"@id":"https:\/\/porttecafe.com\/blog\/cafe-colombiano\/"},"wordCount":655,"publisher":{"@id":"https:\/\/porttecafe.com\/blog\/#organization"},"image":{"@id":"https:\/\/porttecafe.com\/blog\/cafe-colombiano\/#primaryimage"},"thumbnailUrl":"http:\/\/porttecafe.com\/blog\/wp-content\/uploads\/2015\/10\/barras-de-cafe-56-200x300.jpg","keywords":["barras de cafe","colombia barras de cafe"],"articleSection":["Barra de caf\u00e9"],"inLanguage":"es"},{"@type":"WebPage","@id":"https:\/\/porttecafe.com\/blog\/cafe-colombiano\/","url":"https:\/\/porttecafe.com\/blog\/cafe-colombiano\/","name":"Cafe colombiano - Portte cafe","isPartOf":{"@id":"https:\/\/porttecafe.com\/blog\/#website"},"primaryImageOfPage":{"@id":"https:\/\/porttecafe.com\/blog\/cafe-colombiano\/#primaryimage"},"image":{"@id":"https:\/\/porttecafe.com\/blog\/cafe-colombiano\/#primaryimage"},"thumbnailUrl":"http:\/\/porttecafe.com\/blog\/wp-content\/uploads\/2015\/10\/barras-de-cafe-56-200x300.jpg","datePublished":"2015-10-12T17:44:42+00:00","breadcrumb":{"@id":"https:\/\/porttecafe.com\/blog\/cafe-colombiano\/#breadcrumb"},"inLanguage":"es","potentialAction":[{"@type":"ReadAction","target":["https:\/\/porttecafe.com\/blog\/cafe-colombiano\/"]}]},{"@type":"ImageObject","inLanguage":"es","@id":"https:\/\/porttecafe.com\/blog\/cafe-colombiano\/#primaryimage","url":"http:\/\/porttecafe.com\/blog\/wp-content\/uploads\/2015\/10\/barras-de-cafe-56-200x300.jpg","contentUrl":"http:\/\/porttecafe.com\/blog\/wp-content\/uploads\/2015\/10\/barras-de-cafe-56-200x300.jpg"},{"@type":"BreadcrumbList","@id":"https:\/\/porttecafe.com\/blog\/cafe-colombiano\/#breadcrumb","itemListElement":[{"@type":"ListItem","position":1,"name":"Portada","item":"https:\/\/porttecafe.com\/blog\/"},{"@type":"ListItem","position":2,"name":"Cafe colombiano"}]},{"@type":"WebSite","@id":"https:\/\/porttecafe.com\/blog\/#website","url":"https:\/\/porttecafe.com\/blog\/","name":"Portte cafe","description":"Servicio de m\u00e1quinas de cafe","publisher":{"@id":"https:\/\/porttecafe.com\/blog\/#organization"},"potentialAction":[{"@type":"SearchAction","target":{"@type":"EntryPoint","urlTemplate":"https:\/\/porttecafe.com\/blog\/?s={search_term_string}"},"query-input":{"@type":"PropertyValueSpecification","valueRequired":true,"valueName":"search_term_string"}}],"inLanguage":"es"},{"@type":"Organization","@id":"https:\/\/porttecafe.com\/blog\/#organization","name":"Portte cafe","url":"https:\/\/porttecafe.com\/blog\/","logo":{"@type":"ImageObject","inLanguage":"es","@id":"https:\/\/porttecafe.com\/blog\/#\/schema\/logo\/image\/","url":"http:\/\/porttecafe.com\/blog\/wp-content\/uploads\/2023\/01\/logo-oscuro.png","contentUrl":"http:\/\/porttecafe.com\/blog\/wp-content\/uploads\/2023\/01\/logo-oscuro.png","width":493,"height":200,"caption":"Portte cafe"},"image":{"@id":"https:\/\/porttecafe.com\/blog\/#\/schema\/logo\/image\/"},"sameAs":["https:\/\/www.facebook.com\/porttecafe\/","https:\/\/x.com\/Porttecafe","https:\/\/www.youtube.com\/user\/porttecafe","https:\/\/www.instagram.com\/porttecafe\/"]},{"@type":"Person","@id":"https:\/\/porttecafe.com\/blog\/#\/schema\/person\/194078094fb4a902e3e0cfcdbdb03f98","name":"adportte","image":{"@type":"ImageObject","inLanguage":"es","@id":"https:\/\/porttecafe.com\/blog\/#\/schema\/person\/image\/","url":"https:\/\/secure.gravatar.com\/avatar\/3662341f7d8cdc5668deaa89323e7ee1?s=96&d=mm&r=g","contentUrl":"https:\/\/secure.gravatar.com\/avatar\/3662341f7d8cdc5668deaa89323e7ee1?s=96&d=mm&r=g","caption":"adportte"},"url":"https:\/\/porttecafe.com\/blog\/author\/adportte\/"}]}},"_links":{"self":[{"href":"https:\/\/porttecafe.com\/blog\/wp-json\/wp\/v2\/posts\/502","targetHints":{"allow":["GET"]}}],"collection":[{"href":"https:\/\/porttecafe.com\/blog\/wp-json\/wp\/v2\/posts"}],"about":[{"href":"https:\/\/porttecafe.com\/blog\/wp-json\/wp\/v2\/types\/post"}],"author":[{"embeddable":true,"href":"https:\/\/porttecafe.com\/blog\/wp-json\/wp\/v2\/users\/1"}],"replies":[{"embeddable":true,"href":"https:\/\/porttecafe.com\/blog\/wp-json\/wp\/v2\/comments?post=502"}],"version-history":[{"count":0,"href":"https:\/\/porttecafe.com\/blog\/wp-json\/wp\/v2\/posts\/502\/revisions"}],"wp:attachment":[{"href":"https:\/\/porttecafe.com\/blog\/wp-json\/wp\/v2\/media?parent=502"}],"wp:term":[{"taxonomy":"category","embeddable":true,"href":"https:\/\/porttecafe.com\/blog\/wp-json\/wp\/v2\/categories?post=502"},{"taxonomy":"post_tag","embeddable":true,"href":"https:\/\/porttecafe.com\/blog\/wp-json\/wp\/v2\/tags?post=502"}],"curies":[{"name":"wp","href":"https:\/\/api.w.org\/{rel}","templated":true}]}}