{"id":511,"date":"2015-10-20T12:35:22","date_gmt":"2015-10-20T17:35:22","guid":{"rendered":"http:\/\/porttecafe.com\/blog\/?p=511"},"modified":"2015-10-20T12:35:22","modified_gmt":"2015-10-20T17:35:22","slug":"maquinas-de-cafe-y-el-cafe-jamaiquino","status":"publish","type":"post","link":"https:\/\/porttecafe.com\/blog\/maquinas-de-cafe-y-el-cafe-jamaiquino\/","title":{"rendered":"Maquinas de cafe y el cafe Jamaiquino"},"content":{"rendered":"<div style=\"padding-bottom:20px; padding-top:10px;\" class=\"hupso-share-buttons\"><!-- Hupso Share Buttons - http:\/\/www.hupso.com\/share\/ --><a class=\"hupso_counters\" href=\"http:\/\/www.hupso.com\/share\/\"><img decoding=\"async\" src=\"https:\/\/static.hupso.com\/share\/buttons\/lang\/es\/share-small.png\" style=\"border:0px; padding-top:2px; float:left;\" alt=\"Share Button\"\/><\/a><script type=\"text\/javascript\">var hupso_services_c=new Array(\"twitter\",\"facebook_like\",\"facebook_send\",\"google\",\"pinterest\",\"linkedin\");var hupso_counters_lang = \"es_LA\";var hupso_image_folder_url = \"\";var hupso_url_c=\"\";var hupso_title_c=\"Maquinas de cafe y el cafe Jamaiquino\";<\/script><script type=\"text\/javascript\" src=\"https:\/\/static.hupso.com\/share\/js\/counters.js\"><\/script><!-- Hupso Share Buttons --><\/div><p><a href=\"http:\/\/porttecafe.com\/blog\/wp-content\/uploads\/2015\/10\/lentes-maquinas-de-cafe.jpg\"><img loading=\"lazy\" decoding=\"async\" class=\"size-medium wp-image-514 alignleft\" src=\"http:\/\/porttecafe.com\/blog\/wp-content\/uploads\/2015\/10\/lentes-maquinas-de-cafe-200x300.jpg\" alt=\"lentes maquinas de cafe\" width=\"200\" height=\"300\" \/><\/a>M\u00e1quinas de caf\u00e9, de esos tiempos perdura el mito de Mar\u00eda y Mar\u00eda Fernanda. La primera Mar\u00eda era una servidora de la que ninguna persona hab\u00eda escuchado su nombre entero (era, solamente: la \u201ct\u00eda Mar\u00eda\u201d) y que resguardaba de la diminuta Mar\u00eda Fernanda de Almudena y Vallermosa; en medio de los \u00edntimos, Mafe. En las tardes de clima c\u00e1lido irritable, la T\u00eda Mar\u00eda hacia un licor con melaza, vainilla y semillas de caf\u00e9 que proporcionaba sosiego y comodidad en las molestias para dormir causadas por las molestas del calor. Aunque en el momento los desmanes sociales llevaron hasta abajo la colonia, y los incendios se fueron aumentando fue ah\u00ed\u00a0en donde no deb\u00eda llegar el agua, la T\u00eda Mar\u00eda le dio una dote a su amada Mafe, una caja con un par de piedras preciosas, el camino del licor y un presagio: \u201cLo requerir\u00e1s cada vez que quieras acordarte del momento que estuvimos haci\u00e9ndonos compa\u00f1\u00eda\u201d (much\u00edsimos meses posteriores, en el a\u00f1o 1947, el bi\u00f3logo Kenneth Leigh Evans escucho el cuento en lo que admiraba la vegetaci\u00f3n de Jamaica y degusto la bebida de manos de una tal Nina, que se plantaba a resguardar el secreto almacenado por muchas generaciones; con destreza para negociar, el m\u00e9dico Evans nombro a la bebida de caf\u00e9 al igual que T\u00eda Mar\u00eda, una marca que se da en m\u00e1s de sesenta naciones y que aun le da ganas las sobremesas de las t\u00edas de todas las personas el mundo). Para comienzos del los a\u00f1os 1800, Jamaica ya ten\u00eda 686 sembrad\u00edos de un caf\u00e9 especial y \u00fanico, en camino literal: poco normal. Sembrado a 2.300 metros sobre el n del mar, en los cerros m\u00e1s grandes del Caribe, la felicidad gusto ligero a madera y la acidez suave son ramas de una mescla volc\u00e1nica del ambiente fresco, lluvia fuerte y piso apto para cosechar. Los aires alisios, al pasar en medio los cerros grandes y al soplar por encima del piso caliente por el sol, se convierte en unas pesadas nubes que forran las cosechas y esta acci\u00f3n (<em>mist<\/em>, le comentas por estos lados) tarda tiempo el aumento geogr\u00e1fico de los cultivos de los arbustos, que tienen la capacidad de pasar nueve meses gestando sus bebidas alcoh\u00f3licas e iluminando su rico sabor reconcentrado. Se comentara que as\u00ed da origen el caf\u00e9 m\u00e1s claro nunca cosechado y, ah\u00ed fue ese el lugar en el cual espero se avive con la carencia, los pocos kilos que se pon\u00eda c\u00f3modo por a\u00f1o en barriles de madera grabados (los primeros del planeta, con habilidades para 15, 30 o 70 kilos, que posteriormente se astillan para que ninguna persona tenga la capacidad de realizar pasar cualquier semilla berreta por uno jamaiquino) son la locura de un sibarita prejuicios como James Bond, que a la demanda de tomar su Martini \u201cmezclado, no agitado\u201d le agrego el Blue Mountain como \u00fanico caf\u00e9 a la altura de una boca con autorizaci\u00f3n para hacer un homicidio: el narrador de Inglaterra Ian Fleming pas\u00f3 muchos a\u00f1os finales de su vida en Jamaica y, con la irresponsabilidad de un infiltrado que se hac\u00eda pasar por alguien normal al servicio del sat\u00e1nico medico No, traicion\u00f3 el sistema del t\u00e9 brit\u00e1nico para ayudar de la infusi\u00f3n m\u00e1s cargada. Y en los a\u00f1os 2000, el kilo jamaiquino val\u00eda a unos 150 d\u00f3lares y el 80% de la fabricaci\u00f3n se transporta al Jap\u00f3n, que es el lugar en el que mucha afici\u00f3n por el caf\u00e9 de calidad y mucho dinero para usarlo en lo que quisiera. En Jamaica, es una comodidad para los pocos que se lo puedan permitir en tanto el Blue Mountain se haya transformado en el brindis de una fiesta especial.<\/p>\n<p>Porteare servicio de coffee break y barra de cafe<\/p>\n","protected":false},"excerpt":{"rendered":"<p>M\u00e1quinas de caf\u00e9, de esos tiempos perdura el mito de Mar\u00eda y Mar\u00eda Fernanda. La primera Mar\u00eda era una servidora de la que ninguna persona hab\u00eda escuchado su nombre entero (era, solamente: la \u201ct\u00eda Mar\u00eda\u201d) y que resguardaba de la &hellip; <a href=\"https:\/\/porttecafe.com\/blog\/maquinas-de-cafe-y-el-cafe-jamaiquino\/\">Continue reading <span class=\"meta-nav\">&rarr;<\/span><\/a><\/p>\n","protected":false},"author":1,"featured_media":0,"comment_status":"closed","ping_status":"open","sticky":false,"template":"","format":"standard","meta":{"footnotes":""},"categories":[5],"tags":[27,106,162],"class_list":["post-511","post","type-post","status-publish","format-standard","hentry","category-historia-del-cafe","tag-cae","tag-historia-del-cafe","tag-tia-maria"],"yoast_head":"<!-- This site is optimized with the Yoast SEO plugin v26.8 - https:\/\/yoast.com\/product\/yoast-seo-wordpress\/ -->\n<title>Maquinas de cafe y el cafe Jamaiquino - Portte cafe<\/title>\n<meta name=\"robots\" content=\"index, follow, max-snippet:-1, max-image-preview:large, max-video-preview:-1\" \/>\n<link rel=\"canonical\" href=\"https:\/\/porttecafe.com\/blog\/maquinas-de-cafe-y-el-cafe-jamaiquino\/\" \/>\n<meta property=\"og:locale\" content=\"es_ES\" \/>\n<meta property=\"og:type\" content=\"article\" \/>\n<meta property=\"og:title\" content=\"Maquinas de cafe y el cafe Jamaiquino - Portte cafe\" \/>\n<meta property=\"og:description\" content=\"M\u00e1quinas de caf\u00e9, de esos tiempos perdura el mito de Mar\u00eda y Mar\u00eda Fernanda. La primera Mar\u00eda era una servidora de la que ninguna persona hab\u00eda escuchado su nombre entero (era, solamente: la \u201ct\u00eda Mar\u00eda\u201d) y que resguardaba de la &hellip; Continue reading &rarr;\" \/>\n<meta property=\"og:url\" content=\"https:\/\/porttecafe.com\/blog\/maquinas-de-cafe-y-el-cafe-jamaiquino\/\" \/>\n<meta property=\"og:site_name\" content=\"Portte cafe\" \/>\n<meta property=\"article:publisher\" content=\"https:\/\/www.facebook.com\/porttecafe\/\" \/>\n<meta property=\"article:published_time\" content=\"2015-10-20T17:35:22+00:00\" \/>\n<meta property=\"og:image\" content=\"http:\/\/porttecafe.com\/blog\/wp-content\/uploads\/2015\/10\/lentes-maquinas-de-cafe-200x300.jpg\" \/>\n<meta name=\"author\" content=\"adportte\" \/>\n<meta name=\"twitter:card\" content=\"summary_large_image\" \/>\n<meta name=\"twitter:creator\" content=\"@Porttecafe\" \/>\n<meta name=\"twitter:site\" content=\"@Porttecafe\" \/>\n<meta name=\"twitter:label1\" content=\"Escrito por\" \/>\n\t<meta name=\"twitter:data1\" content=\"adportte\" \/>\n\t<meta name=\"twitter:label2\" content=\"Tiempo de lectura\" \/>\n\t<meta name=\"twitter:data2\" content=\"3 minutos\" \/>\n<script type=\"application\/ld+json\" class=\"yoast-schema-graph\">{\"@context\":\"https:\/\/schema.org\",\"@graph\":[{\"@type\":\"Article\",\"@id\":\"https:\/\/porttecafe.com\/blog\/maquinas-de-cafe-y-el-cafe-jamaiquino\/#article\",\"isPartOf\":{\"@id\":\"https:\/\/porttecafe.com\/blog\/maquinas-de-cafe-y-el-cafe-jamaiquino\/\"},\"author\":{\"name\":\"adportte\",\"@id\":\"https:\/\/porttecafe.com\/blog\/#\/schema\/person\/194078094fb4a902e3e0cfcdbdb03f98\"},\"headline\":\"Maquinas de cafe y el cafe Jamaiquino\",\"datePublished\":\"2015-10-20T17:35:22+00:00\",\"mainEntityOfPage\":{\"@id\":\"https:\/\/porttecafe.com\/blog\/maquinas-de-cafe-y-el-cafe-jamaiquino\/\"},\"wordCount\":670,\"publisher\":{\"@id\":\"https:\/\/porttecafe.com\/blog\/#organization\"},\"image\":{\"@id\":\"https:\/\/porttecafe.com\/blog\/maquinas-de-cafe-y-el-cafe-jamaiquino\/#primaryimage\"},\"thumbnailUrl\":\"http:\/\/porttecafe.com\/blog\/wp-content\/uploads\/2015\/10\/lentes-maquinas-de-cafe-200x300.jpg\",\"keywords\":[\"cae\",\"historia del caf\u00e9\",\"tia maria\"],\"articleSection\":[\"historia del caf\u00e9\"],\"inLanguage\":\"es\"},{\"@type\":\"WebPage\",\"@id\":\"https:\/\/porttecafe.com\/blog\/maquinas-de-cafe-y-el-cafe-jamaiquino\/\",\"url\":\"https:\/\/porttecafe.com\/blog\/maquinas-de-cafe-y-el-cafe-jamaiquino\/\",\"name\":\"Maquinas de cafe y el cafe Jamaiquino - Portte cafe\",\"isPartOf\":{\"@id\":\"https:\/\/porttecafe.com\/blog\/#website\"},\"primaryImageOfPage\":{\"@id\":\"https:\/\/porttecafe.com\/blog\/maquinas-de-cafe-y-el-cafe-jamaiquino\/#primaryimage\"},\"image\":{\"@id\":\"https:\/\/porttecafe.com\/blog\/maquinas-de-cafe-y-el-cafe-jamaiquino\/#primaryimage\"},\"thumbnailUrl\":\"http:\/\/porttecafe.com\/blog\/wp-content\/uploads\/2015\/10\/lentes-maquinas-de-cafe-200x300.jpg\",\"datePublished\":\"2015-10-20T17:35:22+00:00\",\"breadcrumb\":{\"@id\":\"https:\/\/porttecafe.com\/blog\/maquinas-de-cafe-y-el-cafe-jamaiquino\/#breadcrumb\"},\"inLanguage\":\"es\",\"potentialAction\":[{\"@type\":\"ReadAction\",\"target\":[\"https:\/\/porttecafe.com\/blog\/maquinas-de-cafe-y-el-cafe-jamaiquino\/\"]}]},{\"@type\":\"ImageObject\",\"inLanguage\":\"es\",\"@id\":\"https:\/\/porttecafe.com\/blog\/maquinas-de-cafe-y-el-cafe-jamaiquino\/#primaryimage\",\"url\":\"http:\/\/porttecafe.com\/blog\/wp-content\/uploads\/2015\/10\/lentes-maquinas-de-cafe-200x300.jpg\",\"contentUrl\":\"http:\/\/porttecafe.com\/blog\/wp-content\/uploads\/2015\/10\/lentes-maquinas-de-cafe-200x300.jpg\"},{\"@type\":\"BreadcrumbList\",\"@id\":\"https:\/\/porttecafe.com\/blog\/maquinas-de-cafe-y-el-cafe-jamaiquino\/#breadcrumb\",\"itemListElement\":[{\"@type\":\"ListItem\",\"position\":1,\"name\":\"Portada\",\"item\":\"https:\/\/porttecafe.com\/blog\/\"},{\"@type\":\"ListItem\",\"position\":2,\"name\":\"Maquinas de cafe y el cafe Jamaiquino\"}]},{\"@type\":\"WebSite\",\"@id\":\"https:\/\/porttecafe.com\/blog\/#website\",\"url\":\"https:\/\/porttecafe.com\/blog\/\",\"name\":\"Portte cafe\",\"description\":\"Servicio de m\u00e1quinas de cafe\",\"publisher\":{\"@id\":\"https:\/\/porttecafe.com\/blog\/#organization\"},\"potentialAction\":[{\"@type\":\"SearchAction\",\"target\":{\"@type\":\"EntryPoint\",\"urlTemplate\":\"https:\/\/porttecafe.com\/blog\/?s={search_term_string}\"},\"query-input\":{\"@type\":\"PropertyValueSpecification\",\"valueRequired\":true,\"valueName\":\"search_term_string\"}}],\"inLanguage\":\"es\"},{\"@type\":\"Organization\",\"@id\":\"https:\/\/porttecafe.com\/blog\/#organization\",\"name\":\"Portte cafe\",\"url\":\"https:\/\/porttecafe.com\/blog\/\",\"logo\":{\"@type\":\"ImageObject\",\"inLanguage\":\"es\",\"@id\":\"https:\/\/porttecafe.com\/blog\/#\/schema\/logo\/image\/\",\"url\":\"http:\/\/porttecafe.com\/blog\/wp-content\/uploads\/2023\/01\/logo-oscuro.png\",\"contentUrl\":\"http:\/\/porttecafe.com\/blog\/wp-content\/uploads\/2023\/01\/logo-oscuro.png\",\"width\":493,\"height\":200,\"caption\":\"Portte cafe\"},\"image\":{\"@id\":\"https:\/\/porttecafe.com\/blog\/#\/schema\/logo\/image\/\"},\"sameAs\":[\"https:\/\/www.facebook.com\/porttecafe\/\",\"https:\/\/x.com\/Porttecafe\",\"https:\/\/www.youtube.com\/user\/porttecafe\",\"https:\/\/www.instagram.com\/porttecafe\/\"]},{\"@type\":\"Person\",\"@id\":\"https:\/\/porttecafe.com\/blog\/#\/schema\/person\/194078094fb4a902e3e0cfcdbdb03f98\",\"name\":\"adportte\",\"image\":{\"@type\":\"ImageObject\",\"inLanguage\":\"es\",\"@id\":\"https:\/\/porttecafe.com\/blog\/#\/schema\/person\/image\/\",\"url\":\"https:\/\/secure.gravatar.com\/avatar\/3662341f7d8cdc5668deaa89323e7ee1?s=96&d=mm&r=g\",\"contentUrl\":\"https:\/\/secure.gravatar.com\/avatar\/3662341f7d8cdc5668deaa89323e7ee1?s=96&d=mm&r=g\",\"caption\":\"adportte\"},\"url\":\"https:\/\/porttecafe.com\/blog\/author\/adportte\/\"}]}<\/script>\n<!-- \/ Yoast SEO plugin. -->","yoast_head_json":{"title":"Maquinas de cafe y el cafe Jamaiquino - Portte cafe","robots":{"index":"index","follow":"follow","max-snippet":"max-snippet:-1","max-image-preview":"max-image-preview:large","max-video-preview":"max-video-preview:-1"},"canonical":"https:\/\/porttecafe.com\/blog\/maquinas-de-cafe-y-el-cafe-jamaiquino\/","og_locale":"es_ES","og_type":"article","og_title":"Maquinas de cafe y el cafe Jamaiquino - Portte cafe","og_description":"M\u00e1quinas de caf\u00e9, de esos tiempos perdura el mito de Mar\u00eda y Mar\u00eda Fernanda. La primera Mar\u00eda era una servidora de la que ninguna persona hab\u00eda escuchado su nombre entero (era, solamente: la \u201ct\u00eda Mar\u00eda\u201d) y que resguardaba de la &hellip; Continue reading &rarr;","og_url":"https:\/\/porttecafe.com\/blog\/maquinas-de-cafe-y-el-cafe-jamaiquino\/","og_site_name":"Portte cafe","article_publisher":"https:\/\/www.facebook.com\/porttecafe\/","article_published_time":"2015-10-20T17:35:22+00:00","og_image":[{"url":"http:\/\/porttecafe.com\/blog\/wp-content\/uploads\/2015\/10\/lentes-maquinas-de-cafe-200x300.jpg","type":"","width":"","height":""}],"author":"adportte","twitter_card":"summary_large_image","twitter_creator":"@Porttecafe","twitter_site":"@Porttecafe","twitter_misc":{"Escrito por":"adportte","Tiempo de lectura":"3 minutos"},"schema":{"@context":"https:\/\/schema.org","@graph":[{"@type":"Article","@id":"https:\/\/porttecafe.com\/blog\/maquinas-de-cafe-y-el-cafe-jamaiquino\/#article","isPartOf":{"@id":"https:\/\/porttecafe.com\/blog\/maquinas-de-cafe-y-el-cafe-jamaiquino\/"},"author":{"name":"adportte","@id":"https:\/\/porttecafe.com\/blog\/#\/schema\/person\/194078094fb4a902e3e0cfcdbdb03f98"},"headline":"Maquinas de cafe y el cafe Jamaiquino","datePublished":"2015-10-20T17:35:22+00:00","mainEntityOfPage":{"@id":"https:\/\/porttecafe.com\/blog\/maquinas-de-cafe-y-el-cafe-jamaiquino\/"},"wordCount":670,"publisher":{"@id":"https:\/\/porttecafe.com\/blog\/#organization"},"image":{"@id":"https:\/\/porttecafe.com\/blog\/maquinas-de-cafe-y-el-cafe-jamaiquino\/#primaryimage"},"thumbnailUrl":"http:\/\/porttecafe.com\/blog\/wp-content\/uploads\/2015\/10\/lentes-maquinas-de-cafe-200x300.jpg","keywords":["cae","historia del caf\u00e9","tia maria"],"articleSection":["historia del caf\u00e9"],"inLanguage":"es"},{"@type":"WebPage","@id":"https:\/\/porttecafe.com\/blog\/maquinas-de-cafe-y-el-cafe-jamaiquino\/","url":"https:\/\/porttecafe.com\/blog\/maquinas-de-cafe-y-el-cafe-jamaiquino\/","name":"Maquinas de cafe y el cafe Jamaiquino - Portte cafe","isPartOf":{"@id":"https:\/\/porttecafe.com\/blog\/#website"},"primaryImageOfPage":{"@id":"https:\/\/porttecafe.com\/blog\/maquinas-de-cafe-y-el-cafe-jamaiquino\/#primaryimage"},"image":{"@id":"https:\/\/porttecafe.com\/blog\/maquinas-de-cafe-y-el-cafe-jamaiquino\/#primaryimage"},"thumbnailUrl":"http:\/\/porttecafe.com\/blog\/wp-content\/uploads\/2015\/10\/lentes-maquinas-de-cafe-200x300.jpg","datePublished":"2015-10-20T17:35:22+00:00","breadcrumb":{"@id":"https:\/\/porttecafe.com\/blog\/maquinas-de-cafe-y-el-cafe-jamaiquino\/#breadcrumb"},"inLanguage":"es","potentialAction":[{"@type":"ReadAction","target":["https:\/\/porttecafe.com\/blog\/maquinas-de-cafe-y-el-cafe-jamaiquino\/"]}]},{"@type":"ImageObject","inLanguage":"es","@id":"https:\/\/porttecafe.com\/blog\/maquinas-de-cafe-y-el-cafe-jamaiquino\/#primaryimage","url":"http:\/\/porttecafe.com\/blog\/wp-content\/uploads\/2015\/10\/lentes-maquinas-de-cafe-200x300.jpg","contentUrl":"http:\/\/porttecafe.com\/blog\/wp-content\/uploads\/2015\/10\/lentes-maquinas-de-cafe-200x300.jpg"},{"@type":"BreadcrumbList","@id":"https:\/\/porttecafe.com\/blog\/maquinas-de-cafe-y-el-cafe-jamaiquino\/#breadcrumb","itemListElement":[{"@type":"ListItem","position":1,"name":"Portada","item":"https:\/\/porttecafe.com\/blog\/"},{"@type":"ListItem","position":2,"name":"Maquinas de cafe y el cafe Jamaiquino"}]},{"@type":"WebSite","@id":"https:\/\/porttecafe.com\/blog\/#website","url":"https:\/\/porttecafe.com\/blog\/","name":"Portte cafe","description":"Servicio de m\u00e1quinas de cafe","publisher":{"@id":"https:\/\/porttecafe.com\/blog\/#organization"},"potentialAction":[{"@type":"SearchAction","target":{"@type":"EntryPoint","urlTemplate":"https:\/\/porttecafe.com\/blog\/?s={search_term_string}"},"query-input":{"@type":"PropertyValueSpecification","valueRequired":true,"valueName":"search_term_string"}}],"inLanguage":"es"},{"@type":"Organization","@id":"https:\/\/porttecafe.com\/blog\/#organization","name":"Portte cafe","url":"https:\/\/porttecafe.com\/blog\/","logo":{"@type":"ImageObject","inLanguage":"es","@id":"https:\/\/porttecafe.com\/blog\/#\/schema\/logo\/image\/","url":"http:\/\/porttecafe.com\/blog\/wp-content\/uploads\/2023\/01\/logo-oscuro.png","contentUrl":"http:\/\/porttecafe.com\/blog\/wp-content\/uploads\/2023\/01\/logo-oscuro.png","width":493,"height":200,"caption":"Portte cafe"},"image":{"@id":"https:\/\/porttecafe.com\/blog\/#\/schema\/logo\/image\/"},"sameAs":["https:\/\/www.facebook.com\/porttecafe\/","https:\/\/x.com\/Porttecafe","https:\/\/www.youtube.com\/user\/porttecafe","https:\/\/www.instagram.com\/porttecafe\/"]},{"@type":"Person","@id":"https:\/\/porttecafe.com\/blog\/#\/schema\/person\/194078094fb4a902e3e0cfcdbdb03f98","name":"adportte","image":{"@type":"ImageObject","inLanguage":"es","@id":"https:\/\/porttecafe.com\/blog\/#\/schema\/person\/image\/","url":"https:\/\/secure.gravatar.com\/avatar\/3662341f7d8cdc5668deaa89323e7ee1?s=96&d=mm&r=g","contentUrl":"https:\/\/secure.gravatar.com\/avatar\/3662341f7d8cdc5668deaa89323e7ee1?s=96&d=mm&r=g","caption":"adportte"},"url":"https:\/\/porttecafe.com\/blog\/author\/adportte\/"}]}},"_links":{"self":[{"href":"https:\/\/porttecafe.com\/blog\/wp-json\/wp\/v2\/posts\/511","targetHints":{"allow":["GET"]}}],"collection":[{"href":"https:\/\/porttecafe.com\/blog\/wp-json\/wp\/v2\/posts"}],"about":[{"href":"https:\/\/porttecafe.com\/blog\/wp-json\/wp\/v2\/types\/post"}],"author":[{"embeddable":true,"href":"https:\/\/porttecafe.com\/blog\/wp-json\/wp\/v2\/users\/1"}],"replies":[{"embeddable":true,"href":"https:\/\/porttecafe.com\/blog\/wp-json\/wp\/v2\/comments?post=511"}],"version-history":[{"count":0,"href":"https:\/\/porttecafe.com\/blog\/wp-json\/wp\/v2\/posts\/511\/revisions"}],"wp:attachment":[{"href":"https:\/\/porttecafe.com\/blog\/wp-json\/wp\/v2\/media?parent=511"}],"wp:term":[{"taxonomy":"category","embeddable":true,"href":"https:\/\/porttecafe.com\/blog\/wp-json\/wp\/v2\/categories?post=511"},{"taxonomy":"post_tag","embeddable":true,"href":"https:\/\/porttecafe.com\/blog\/wp-json\/wp\/v2\/tags?post=511"}],"curies":[{"name":"wp","href":"https:\/\/api.w.org\/{rel}","templated":true}]}}