{"id":661,"date":"2017-04-07T09:00:31","date_gmt":"2017-04-07T09:00:31","guid":{"rendered":"http:\/\/porttecafe.com\/blog\/?p=661"},"modified":"2017-04-06T23:13:51","modified_gmt":"2017-04-06T23:13:51","slug":"cafe-alto-o-bajo","status":"publish","type":"post","link":"https:\/\/porttecafe.com\/blog\/cafe-alto-o-bajo\/","title":{"rendered":"Caf\u00e9, \u00bfAlto o bajo?"},"content":{"rendered":"<div style=\"padding-bottom:20px; padding-top:10px;\" class=\"hupso-share-buttons\"><!-- Hupso Share Buttons - http:\/\/www.hupso.com\/share\/ --><a class=\"hupso_counters\" href=\"http:\/\/www.hupso.com\/share\/\"><img decoding=\"async\" src=\"https:\/\/static.hupso.com\/share\/buttons\/lang\/es\/share-small.png\" style=\"border:0px; padding-top:2px; float:left;\" alt=\"Share Button\"\/><\/a><script type=\"text\/javascript\">var hupso_services_c=new Array(\"twitter\",\"facebook_like\",\"facebook_send\",\"google\",\"pinterest\",\"linkedin\");var hupso_counters_lang = \"es_LA\";var hupso_image_folder_url = \"\";var hupso_url_c=\"\";var hupso_title_c=\"Caf\u00e9, \u00bfAlto o bajo?\";<\/script><script type=\"text\/javascript\" src=\"https:\/\/static.hupso.com\/share\/js\/counters.js\"><\/script><!-- Hupso Share Buttons --><\/div><p>&nbsp;<\/p>\n<p><img loading=\"lazy\" decoding=\"async\" class=\"alignnone wp-image-662 size-full\" src=\"http:\/\/porttecafe.com\/blog\/wp-content\/uploads\/2017\/04\/cafe-arabica-robusta.jpg\" alt=\"\" width=\"650\" height=\"191\" srcset=\"https:\/\/porttecafe.com\/blog\/wp-content\/uploads\/2017\/04\/cafe-arabica-robusta.jpg 650w, https:\/\/porttecafe.com\/blog\/wp-content\/uploads\/2017\/04\/cafe-arabica-robusta-300x88.jpg 300w\" sizes=\"auto, (max-width: 650px) 100vw, 650px\" \/><\/p>\n<p>Aunque numerosos factores contribuyen en diferente grado al determinar el sabor de un grano de caf\u00e9, como en el caso del vino, el terreno, la geograf\u00eda, la geolog\u00eda y el clima del lugar donde crece tienen un efecto innegablemente profundo en su perfil de sabor. Las altitudes elevadas se consideran ideales para el cultivo de la planta de caf\u00e9, con temperaturas m\u00e1s frescas que retrasan el ciclo de crecimiento, lo que permite al grano pasar por un proceso de maduraci\u00f3n m\u00e1s largo, creando as\u00ed un sabor mucho m\u00e1s abundante, rico y pronunciado. Este prolongado proceso de maduraci\u00f3n tambi\u00e9n asegura que los frijoles est\u00e9n imbuidos con los sabores t\u00edpicos de la regi\u00f3n en la que se cultivan. Los ganos de alta elevaci\u00f3n conservan su sabor durante m\u00e1s tiempo porque su desarrollo prolongado produce un grano m\u00e1s duro. Estudios cient\u00edficos que comparan los granos de caf\u00e9 de elevada y baja altitud han determinado que los frijoles de elevada altitud tienen un cuerpo y un aroma superiores. <a href=\"http:\/\/porttecafe.com\/blog\/historia-de-los-primeros-cafes-parisinos\/\">La Coffea arabica crece mejor a elevadas altitudes<\/a>, aunque es un grano m\u00e1s caro para producir, no s\u00f3lo tiene un per\u00edodo de maduraci\u00f3n m\u00e1s largo, sino que tambi\u00e9n se selecciona generalmente en lugar de ser recogido a granel, dando lugar a un rendimiento relativamente bajo.<\/p>\n<p>Las plantas de caf\u00e9 de baja altitud producen rendimientos m\u00e1s altos debido a los tiempos de maduraci\u00f3n m\u00e1s r\u00e1pidos, pero los gran os necesitan ser tratados de manera diferente que los de las altitudes m\u00e1s elevadas, desde el asado hasta la infusi\u00f3n. Con variedades de baja elevaci\u00f3n que producen un grano mucho m\u00e1s suave debido a su r\u00e1pido desarrollo, no son tan tolerantes con los asados m\u00e1s oscuros. Es mejor cuando se asa ligeramente, el perfil de sabor se describe a menudo como terroso, barroso, simple o suave. El caf\u00e9 robusta crece bien en altitudes m\u00e1s bajas porque se adapta mejor a condiciones m\u00e1s duras, como temperaturas m\u00e1s altas y la consiguiente contaminaci\u00f3n por hongos. Sin embargo, en t\u00e9rminos generales, el proceso de maduraci\u00f3n m\u00e1s prolongada de los frijoles de mayor altitud lleva a la formaci\u00f3n compleja de az\u00facar, que produce un sabor m\u00e1s profundo, mientras que los frijoles de baja altitud son generalmente m\u00e1s suaves y menos \u00e1cidos.<\/p>\n<p>Adem\u00e1s, la altitud en la que se cultiva el caf\u00e9 es un factor importante en la composici\u00f3n qu\u00edmica del grano. La Robusta tiene un contenido de cafe\u00edna mucho m\u00e1s alto que Ar\u00e1bica, y esto se dice que ofrece las propiedades insecticidas naturales de la planta, lo que agrega a la naturaleza robusta de la variedad y ayudar a hacerla m\u00e1s capaz de soportar las tensiones ambientales presentes en las bajas altitudes. Algunos cient\u00edficos creen que el Arabica ha evolucionado para contener niveles m\u00e1s bajos de la cafe\u00edna porque su amargor como defensa contra insectos no es un imperativo en un terreno m\u00e1s alto.<\/p>\n","protected":false},"excerpt":{"rendered":"<p>&nbsp; Aunque numerosos factores contribuyen en diferente grado al determinar el sabor de un grano de caf\u00e9, como en el caso del vino, el terreno, la geograf\u00eda, la geolog\u00eda y el clima del lugar donde crece tienen un efecto innegablemente &hellip; <a href=\"https:\/\/porttecafe.com\/blog\/cafe-alto-o-bajo\/\">Continue reading <span class=\"meta-nav\">&rarr;<\/span><\/a><\/p>\n","protected":false},"author":1,"featured_media":662,"comment_status":"closed","ping_status":"closed","sticky":false,"template":"","format":"standard","meta":{"footnotes":""},"categories":[3],"tags":[217,216,211],"class_list":["post-661","post","type-post","status-publish","format-standard","has-post-thumbnail","hentry","category-cafe","tag-cafe-arabica","tag-cafe-de-altura","tag-cafe-robusta"],"yoast_head":"<!-- This site is optimized with the Yoast SEO plugin v26.8 - https:\/\/yoast.com\/product\/yoast-seo-wordpress\/ -->\n<title>Caf\u00e9, \u00bfAlto o bajo? - Portte cafe<\/title>\n<meta name=\"robots\" content=\"index, follow, max-snippet:-1, max-image-preview:large, max-video-preview:-1\" \/>\n<link rel=\"canonical\" href=\"https:\/\/porttecafe.com\/blog\/cafe-alto-o-bajo\/\" \/>\n<meta property=\"og:locale\" content=\"es_ES\" \/>\n<meta property=\"og:type\" content=\"article\" \/>\n<meta property=\"og:title\" content=\"Caf\u00e9, \u00bfAlto o bajo? - Portte cafe\" \/>\n<meta property=\"og:description\" content=\"&nbsp; Aunque numerosos factores contribuyen en diferente grado al determinar el sabor de un grano de caf\u00e9, como en el caso del vino, el terreno, la geograf\u00eda, la geolog\u00eda y el clima del lugar donde crece tienen un efecto innegablemente &hellip; Continue reading &rarr;\" \/>\n<meta property=\"og:url\" content=\"https:\/\/porttecafe.com\/blog\/cafe-alto-o-bajo\/\" \/>\n<meta property=\"og:site_name\" content=\"Portte cafe\" \/>\n<meta property=\"article:publisher\" content=\"https:\/\/www.facebook.com\/porttecafe\/\" \/>\n<meta property=\"article:published_time\" content=\"2017-04-07T09:00:31+00:00\" \/>\n<meta property=\"og:image\" content=\"https:\/\/porttecafe.com\/blog\/wp-content\/uploads\/2017\/04\/cafe-arabica-robusta.jpg\" \/>\n\t<meta property=\"og:image:width\" content=\"650\" \/>\n\t<meta property=\"og:image:height\" content=\"191\" \/>\n\t<meta property=\"og:image:type\" content=\"image\/jpeg\" \/>\n<meta name=\"author\" content=\"adportte\" \/>\n<meta name=\"twitter:card\" content=\"summary_large_image\" \/>\n<meta name=\"twitter:creator\" content=\"@Porttecafe\" \/>\n<meta name=\"twitter:site\" content=\"@Porttecafe\" \/>\n<meta name=\"twitter:label1\" content=\"Escrito por\" \/>\n\t<meta name=\"twitter:data1\" content=\"adportte\" \/>\n\t<meta name=\"twitter:label2\" content=\"Tiempo de lectura\" \/>\n\t<meta name=\"twitter:data2\" content=\"3 minutos\" \/>\n<script type=\"application\/ld+json\" class=\"yoast-schema-graph\">{\"@context\":\"https:\/\/schema.org\",\"@graph\":[{\"@type\":\"Article\",\"@id\":\"https:\/\/porttecafe.com\/blog\/cafe-alto-o-bajo\/#article\",\"isPartOf\":{\"@id\":\"https:\/\/porttecafe.com\/blog\/cafe-alto-o-bajo\/\"},\"author\":{\"name\":\"adportte\",\"@id\":\"https:\/\/porttecafe.com\/blog\/#\/schema\/person\/194078094fb4a902e3e0cfcdbdb03f98\"},\"headline\":\"Caf\u00e9, \u00bfAlto o bajo?\",\"datePublished\":\"2017-04-07T09:00:31+00:00\",\"mainEntityOfPage\":{\"@id\":\"https:\/\/porttecafe.com\/blog\/cafe-alto-o-bajo\/\"},\"wordCount\":529,\"publisher\":{\"@id\":\"https:\/\/porttecafe.com\/blog\/#organization\"},\"image\":{\"@id\":\"https:\/\/porttecafe.com\/blog\/cafe-alto-o-bajo\/#primaryimage\"},\"thumbnailUrl\":\"https:\/\/porttecafe.com\/blog\/wp-content\/uploads\/2017\/04\/cafe-arabica-robusta.jpg\",\"keywords\":[\"cafe arabica\",\"cafe de altura\",\"cafe robusta\"],\"articleSection\":[\"cafe\"],\"inLanguage\":\"es\"},{\"@type\":\"WebPage\",\"@id\":\"https:\/\/porttecafe.com\/blog\/cafe-alto-o-bajo\/\",\"url\":\"https:\/\/porttecafe.com\/blog\/cafe-alto-o-bajo\/\",\"name\":\"Caf\u00e9, \u00bfAlto o bajo? - Portte cafe\",\"isPartOf\":{\"@id\":\"https:\/\/porttecafe.com\/blog\/#website\"},\"primaryImageOfPage\":{\"@id\":\"https:\/\/porttecafe.com\/blog\/cafe-alto-o-bajo\/#primaryimage\"},\"image\":{\"@id\":\"https:\/\/porttecafe.com\/blog\/cafe-alto-o-bajo\/#primaryimage\"},\"thumbnailUrl\":\"https:\/\/porttecafe.com\/blog\/wp-content\/uploads\/2017\/04\/cafe-arabica-robusta.jpg\",\"datePublished\":\"2017-04-07T09:00:31+00:00\",\"breadcrumb\":{\"@id\":\"https:\/\/porttecafe.com\/blog\/cafe-alto-o-bajo\/#breadcrumb\"},\"inLanguage\":\"es\",\"potentialAction\":[{\"@type\":\"ReadAction\",\"target\":[\"https:\/\/porttecafe.com\/blog\/cafe-alto-o-bajo\/\"]}]},{\"@type\":\"ImageObject\",\"inLanguage\":\"es\",\"@id\":\"https:\/\/porttecafe.com\/blog\/cafe-alto-o-bajo\/#primaryimage\",\"url\":\"https:\/\/porttecafe.com\/blog\/wp-content\/uploads\/2017\/04\/cafe-arabica-robusta.jpg\",\"contentUrl\":\"https:\/\/porttecafe.com\/blog\/wp-content\/uploads\/2017\/04\/cafe-arabica-robusta.jpg\",\"width\":650,\"height\":191},{\"@type\":\"BreadcrumbList\",\"@id\":\"https:\/\/porttecafe.com\/blog\/cafe-alto-o-bajo\/#breadcrumb\",\"itemListElement\":[{\"@type\":\"ListItem\",\"position\":1,\"name\":\"Portada\",\"item\":\"https:\/\/porttecafe.com\/blog\/\"},{\"@type\":\"ListItem\",\"position\":2,\"name\":\"Caf\u00e9, \u00bfAlto o bajo?\"}]},{\"@type\":\"WebSite\",\"@id\":\"https:\/\/porttecafe.com\/blog\/#website\",\"url\":\"https:\/\/porttecafe.com\/blog\/\",\"name\":\"Portte cafe\",\"description\":\"Servicio de m\u00e1quinas de cafe\",\"publisher\":{\"@id\":\"https:\/\/porttecafe.com\/blog\/#organization\"},\"potentialAction\":[{\"@type\":\"SearchAction\",\"target\":{\"@type\":\"EntryPoint\",\"urlTemplate\":\"https:\/\/porttecafe.com\/blog\/?s={search_term_string}\"},\"query-input\":{\"@type\":\"PropertyValueSpecification\",\"valueRequired\":true,\"valueName\":\"search_term_string\"}}],\"inLanguage\":\"es\"},{\"@type\":\"Organization\",\"@id\":\"https:\/\/porttecafe.com\/blog\/#organization\",\"name\":\"Portte cafe\",\"url\":\"https:\/\/porttecafe.com\/blog\/\",\"logo\":{\"@type\":\"ImageObject\",\"inLanguage\":\"es\",\"@id\":\"https:\/\/porttecafe.com\/blog\/#\/schema\/logo\/image\/\",\"url\":\"http:\/\/porttecafe.com\/blog\/wp-content\/uploads\/2023\/01\/logo-oscuro.png\",\"contentUrl\":\"http:\/\/porttecafe.com\/blog\/wp-content\/uploads\/2023\/01\/logo-oscuro.png\",\"width\":493,\"height\":200,\"caption\":\"Portte cafe\"},\"image\":{\"@id\":\"https:\/\/porttecafe.com\/blog\/#\/schema\/logo\/image\/\"},\"sameAs\":[\"https:\/\/www.facebook.com\/porttecafe\/\",\"https:\/\/x.com\/Porttecafe\",\"https:\/\/www.youtube.com\/user\/porttecafe\",\"https:\/\/www.instagram.com\/porttecafe\/\"]},{\"@type\":\"Person\",\"@id\":\"https:\/\/porttecafe.com\/blog\/#\/schema\/person\/194078094fb4a902e3e0cfcdbdb03f98\",\"name\":\"adportte\",\"image\":{\"@type\":\"ImageObject\",\"inLanguage\":\"es\",\"@id\":\"https:\/\/porttecafe.com\/blog\/#\/schema\/person\/image\/\",\"url\":\"https:\/\/secure.gravatar.com\/avatar\/3662341f7d8cdc5668deaa89323e7ee1?s=96&d=mm&r=g\",\"contentUrl\":\"https:\/\/secure.gravatar.com\/avatar\/3662341f7d8cdc5668deaa89323e7ee1?s=96&d=mm&r=g\",\"caption\":\"adportte\"},\"url\":\"https:\/\/porttecafe.com\/blog\/author\/adportte\/\"}]}<\/script>\n<!-- \/ Yoast SEO plugin. -->","yoast_head_json":{"title":"Caf\u00e9, \u00bfAlto o bajo? - Portte cafe","robots":{"index":"index","follow":"follow","max-snippet":"max-snippet:-1","max-image-preview":"max-image-preview:large","max-video-preview":"max-video-preview:-1"},"canonical":"https:\/\/porttecafe.com\/blog\/cafe-alto-o-bajo\/","og_locale":"es_ES","og_type":"article","og_title":"Caf\u00e9, \u00bfAlto o bajo? - Portte cafe","og_description":"&nbsp; Aunque numerosos factores contribuyen en diferente grado al determinar el sabor de un grano de caf\u00e9, como en el caso del vino, el terreno, la geograf\u00eda, la geolog\u00eda y el clima del lugar donde crece tienen un efecto innegablemente &hellip; Continue reading &rarr;","og_url":"https:\/\/porttecafe.com\/blog\/cafe-alto-o-bajo\/","og_site_name":"Portte cafe","article_publisher":"https:\/\/www.facebook.com\/porttecafe\/","article_published_time":"2017-04-07T09:00:31+00:00","og_image":[{"width":650,"height":191,"url":"https:\/\/porttecafe.com\/blog\/wp-content\/uploads\/2017\/04\/cafe-arabica-robusta.jpg","type":"image\/jpeg"}],"author":"adportte","twitter_card":"summary_large_image","twitter_creator":"@Porttecafe","twitter_site":"@Porttecafe","twitter_misc":{"Escrito por":"adportte","Tiempo de lectura":"3 minutos"},"schema":{"@context":"https:\/\/schema.org","@graph":[{"@type":"Article","@id":"https:\/\/porttecafe.com\/blog\/cafe-alto-o-bajo\/#article","isPartOf":{"@id":"https:\/\/porttecafe.com\/blog\/cafe-alto-o-bajo\/"},"author":{"name":"adportte","@id":"https:\/\/porttecafe.com\/blog\/#\/schema\/person\/194078094fb4a902e3e0cfcdbdb03f98"},"headline":"Caf\u00e9, \u00bfAlto o bajo?","datePublished":"2017-04-07T09:00:31+00:00","mainEntityOfPage":{"@id":"https:\/\/porttecafe.com\/blog\/cafe-alto-o-bajo\/"},"wordCount":529,"publisher":{"@id":"https:\/\/porttecafe.com\/blog\/#organization"},"image":{"@id":"https:\/\/porttecafe.com\/blog\/cafe-alto-o-bajo\/#primaryimage"},"thumbnailUrl":"https:\/\/porttecafe.com\/blog\/wp-content\/uploads\/2017\/04\/cafe-arabica-robusta.jpg","keywords":["cafe arabica","cafe de altura","cafe robusta"],"articleSection":["cafe"],"inLanguage":"es"},{"@type":"WebPage","@id":"https:\/\/porttecafe.com\/blog\/cafe-alto-o-bajo\/","url":"https:\/\/porttecafe.com\/blog\/cafe-alto-o-bajo\/","name":"Caf\u00e9, \u00bfAlto o bajo? - Portte cafe","isPartOf":{"@id":"https:\/\/porttecafe.com\/blog\/#website"},"primaryImageOfPage":{"@id":"https:\/\/porttecafe.com\/blog\/cafe-alto-o-bajo\/#primaryimage"},"image":{"@id":"https:\/\/porttecafe.com\/blog\/cafe-alto-o-bajo\/#primaryimage"},"thumbnailUrl":"https:\/\/porttecafe.com\/blog\/wp-content\/uploads\/2017\/04\/cafe-arabica-robusta.jpg","datePublished":"2017-04-07T09:00:31+00:00","breadcrumb":{"@id":"https:\/\/porttecafe.com\/blog\/cafe-alto-o-bajo\/#breadcrumb"},"inLanguage":"es","potentialAction":[{"@type":"ReadAction","target":["https:\/\/porttecafe.com\/blog\/cafe-alto-o-bajo\/"]}]},{"@type":"ImageObject","inLanguage":"es","@id":"https:\/\/porttecafe.com\/blog\/cafe-alto-o-bajo\/#primaryimage","url":"https:\/\/porttecafe.com\/blog\/wp-content\/uploads\/2017\/04\/cafe-arabica-robusta.jpg","contentUrl":"https:\/\/porttecafe.com\/blog\/wp-content\/uploads\/2017\/04\/cafe-arabica-robusta.jpg","width":650,"height":191},{"@type":"BreadcrumbList","@id":"https:\/\/porttecafe.com\/blog\/cafe-alto-o-bajo\/#breadcrumb","itemListElement":[{"@type":"ListItem","position":1,"name":"Portada","item":"https:\/\/porttecafe.com\/blog\/"},{"@type":"ListItem","position":2,"name":"Caf\u00e9, \u00bfAlto o bajo?"}]},{"@type":"WebSite","@id":"https:\/\/porttecafe.com\/blog\/#website","url":"https:\/\/porttecafe.com\/blog\/","name":"Portte cafe","description":"Servicio de m\u00e1quinas de cafe","publisher":{"@id":"https:\/\/porttecafe.com\/blog\/#organization"},"potentialAction":[{"@type":"SearchAction","target":{"@type":"EntryPoint","urlTemplate":"https:\/\/porttecafe.com\/blog\/?s={search_term_string}"},"query-input":{"@type":"PropertyValueSpecification","valueRequired":true,"valueName":"search_term_string"}}],"inLanguage":"es"},{"@type":"Organization","@id":"https:\/\/porttecafe.com\/blog\/#organization","name":"Portte cafe","url":"https:\/\/porttecafe.com\/blog\/","logo":{"@type":"ImageObject","inLanguage":"es","@id":"https:\/\/porttecafe.com\/blog\/#\/schema\/logo\/image\/","url":"http:\/\/porttecafe.com\/blog\/wp-content\/uploads\/2023\/01\/logo-oscuro.png","contentUrl":"http:\/\/porttecafe.com\/blog\/wp-content\/uploads\/2023\/01\/logo-oscuro.png","width":493,"height":200,"caption":"Portte cafe"},"image":{"@id":"https:\/\/porttecafe.com\/blog\/#\/schema\/logo\/image\/"},"sameAs":["https:\/\/www.facebook.com\/porttecafe\/","https:\/\/x.com\/Porttecafe","https:\/\/www.youtube.com\/user\/porttecafe","https:\/\/www.instagram.com\/porttecafe\/"]},{"@type":"Person","@id":"https:\/\/porttecafe.com\/blog\/#\/schema\/person\/194078094fb4a902e3e0cfcdbdb03f98","name":"adportte","image":{"@type":"ImageObject","inLanguage":"es","@id":"https:\/\/porttecafe.com\/blog\/#\/schema\/person\/image\/","url":"https:\/\/secure.gravatar.com\/avatar\/3662341f7d8cdc5668deaa89323e7ee1?s=96&d=mm&r=g","contentUrl":"https:\/\/secure.gravatar.com\/avatar\/3662341f7d8cdc5668deaa89323e7ee1?s=96&d=mm&r=g","caption":"adportte"},"url":"https:\/\/porttecafe.com\/blog\/author\/adportte\/"}]}},"_links":{"self":[{"href":"https:\/\/porttecafe.com\/blog\/wp-json\/wp\/v2\/posts\/661","targetHints":{"allow":["GET"]}}],"collection":[{"href":"https:\/\/porttecafe.com\/blog\/wp-json\/wp\/v2\/posts"}],"about":[{"href":"https:\/\/porttecafe.com\/blog\/wp-json\/wp\/v2\/types\/post"}],"author":[{"embeddable":true,"href":"https:\/\/porttecafe.com\/blog\/wp-json\/wp\/v2\/users\/1"}],"replies":[{"embeddable":true,"href":"https:\/\/porttecafe.com\/blog\/wp-json\/wp\/v2\/comments?post=661"}],"version-history":[{"count":1,"href":"https:\/\/porttecafe.com\/blog\/wp-json\/wp\/v2\/posts\/661\/revisions"}],"predecessor-version":[{"id":663,"href":"https:\/\/porttecafe.com\/blog\/wp-json\/wp\/v2\/posts\/661\/revisions\/663"}],"wp:featuredmedia":[{"embeddable":true,"href":"https:\/\/porttecafe.com\/blog\/wp-json\/wp\/v2\/media\/662"}],"wp:attachment":[{"href":"https:\/\/porttecafe.com\/blog\/wp-json\/wp\/v2\/media?parent=661"}],"wp:term":[{"taxonomy":"category","embeddable":true,"href":"https:\/\/porttecafe.com\/blog\/wp-json\/wp\/v2\/categories?post=661"},{"taxonomy":"post_tag","embeddable":true,"href":"https:\/\/porttecafe.com\/blog\/wp-json\/wp\/v2\/tags?post=661"}],"curies":[{"name":"wp","href":"https:\/\/api.w.org\/{rel}","templated":true}]}}